{"id":1451,"date":"2015-11-09T12:53:10","date_gmt":"2015-11-09T12:53:10","guid":{"rendered":"http:\/\/www.hsfamericana.com.br\/?p=1451"},"modified":"2015-11-09T12:55:11","modified_gmt":"2015-11-09T12:55:11","slug":"especialista-fala-sobre-a-importancia-da-prevencao-no-combate-ao-cancer-de-prostata","status":"publish","type":"post","link":"https:\/\/hsfamericana.com.br\/index.php\/especialista-fala-sobre-a-importancia-da-prevencao-no-combate-ao-cancer-de-prostata\/","title":{"rendered":"Especialista fala sobre a import\u00e2ncia da preven\u00e7\u00e3o no combate ao c\u00e2ncer de pr\u00f3stata"},"content":{"rendered":"<p>Exames s\u00e3o indispens\u00e1veis para o diagn\u00f3stico precoce da doen\u00e7a, que n\u00e3o apresenta sintomas em seu est\u00e1gio inicial.<\/p>\n<p>Em entrevista especial para o programa Bem da Terra, da Band, o oncologista Ricardo Caponero falou sobre a import\u00e2ncia dos cuidados com a sa\u00fade masculina e tirou d\u00favidas em rela\u00e7\u00e3o ao c\u00e2ncer de pr\u00f3stata.<\/p>\n<p>Membro do Instituto Lado a Lado, o especialista refor\u00e7ou a import\u00e2ncia da preven\u00e7\u00e3o contra a doen\u00e7a, que deve ser iniciada entre 45 e 50 anos por meio dos exames anuais de dosagem do PSA e toque retal. Segundo Caponero, apenas esses dois exames bastam para monitorar o surgimento do c\u00e2ncer de pr\u00f3stata, que \u00e9 assintom\u00e1tico. \u201cA preven\u00e7\u00e3o \u00e9 pelo diagn\u00f3stico precoce\u201d, afirma o m\u00e9dico, explicando que a resist\u00eancia dos homens em procurar o m\u00e9dico para realizar os exames de rotina \u00e9 um agravante, pois quanto mais cedo acontecer o diagn\u00f3stico, maiores s\u00e3o as chances de cura.<\/p>\n<p>Sobre os fatores de risco, o especialista destaca o envelhecimento, uma vez que tanto as chances de desenvolver a doen\u00e7a, como a taxa de mortalidade, aumentam conforme a idade. \u201c\u00c9 um c\u00e2ncer mais tardio, costuma acontecer depois dos 45 anos a 50 anos\u201d, explica. \u201cA incid\u00eancia \u00e9 bastante alta. A estima em dados de aut\u00f3psia \u00e9 que aos 80 anos de idade, um em cada quatro homens j\u00e1 tenha c\u00e2ncer de pr\u00f3stata\u201d, explica o m\u00e9dico, ressaltando tamb\u00e9m que, a cada ano, s\u00e3o descobertos cerca de 68 mil novos casos da doen\u00e7a.<\/p>\n<p>No entanto, os cuidados com a sa\u00fade n\u00e3o devem ser deixados somente para o momento em que os riscos aumentam. Caponero salienta que os homens deveriam ser mais cuidadosos. \u201cFazer uma visita anual ao m\u00e9dico, at\u00e9 para fazer acompanhamento, tirar d\u00favidas, saber que exames devem ser feitos \u00e9 muito importante\u201d, orienta.<\/p>\n<p>&nbsp;<\/p>\n<p><strong>Doen\u00e7a silenciosa<\/strong><\/p>\n<p>O c\u00e2ncer de pr\u00f3stata, no come\u00e7o, n\u00e3o causa sintomas &#8211; \u00e9 uma doen\u00e7a de evolu\u00e7\u00e3o lenta, que demora anos para desencadear, segundo Caponero. Quando os sintomas come\u00e7am a se apresentar, geralmente j\u00e1 est\u00e1 em um est\u00e1gio bastante avan\u00e7ado, diminuindo drasticamente as chances de cura. \u201cTemos a chance de achar ele muito tempo antes, se tiver feito os exames de preven\u00e7\u00e3o\u201d, finaliza o m\u00e9dico.<\/p>\n<p>Portanto, a realiza\u00e7\u00e3o dos exames anuais de toque e PSA a partir dos 45 para homens que possuam hist\u00f3rico familiar da doen\u00e7a, e dos 50 para os demais casos, \u00e9 muito importante. Previna-se!<\/p>\n<p>&nbsp;<br \/>\nFonte: <a href=\"http:\/\/www.novembroazul.com.br\/noticias\/cancer-prostata\/especialista-fala-sobre-a-importancia-da-prevencao-no-combate-ao-cancer-de-prostata\/\">Novembro Azul <\/a><\/p>\n","protected":false},"excerpt":{"rendered":"<p>Exames s\u00e3o indispens\u00e1veis para o diagn\u00f3stico precoce da doen\u00e7a, que n\u00e3o apresenta sintomas em seu est\u00e1gio inicial. Em entrevista especial para o programa Bem da Terra, da Band, o oncologista Ricardo Caponero falou sobre a import\u00e2ncia dos cuidados com a sa\u00fade masculina e tirou d\u00favidas em rela\u00e7\u00e3o ao c\u00e2ncer de pr\u00f3stata. Membro do Instituto Lado [&hellip;]<\/p>\n","protected":false},"author":2,"featured_media":1452,"comment_status":"open","ping_status":"open","sticky":false,"template":"","format":"standard","meta":{"_acf_changed":false,"footnotes":""},"categories":[4],"tags":[],"class_list":["post-1451","post","type-post","status-publish","format-standard","has-post-thumbnail","hentry","category-noticias"],"acf":[],"yoast_head":"<!-- This site is optimized with the Yoast SEO plugin v25.2 - https:\/\/yoast.com\/wordpress\/plugins\/seo\/ -->\n<title>Especialista fala sobre a import\u00e2ncia da preven\u00e7\u00e3o no combate ao c\u00e2ncer de pr\u00f3stata &#8226; Hospital S\u00e3o Francisco de Americana<\/title>\n<meta name=\"robots\" content=\"index, follow, max-snippet:-1, max-image-preview:large, max-video-preview:-1\" \/>\n<link rel=\"canonical\" href=\"https:\/\/hsfamericana.com.br\/index.php\/especialista-fala-sobre-a-importancia-da-prevencao-no-combate-ao-cancer-de-prostata\/\" \/>\n<meta property=\"og:locale\" content=\"pt_BR\" \/>\n<meta property=\"og:type\" content=\"article\" \/>\n<meta property=\"og:title\" content=\"Especialista fala sobre a import\u00e2ncia da preven\u00e7\u00e3o no combate ao c\u00e2ncer de pr\u00f3stata &#8226; Hospital S\u00e3o Francisco de Americana\" \/>\n<meta property=\"og:description\" content=\"Exames s\u00e3o indispens\u00e1veis para o diagn\u00f3stico precoce da doen\u00e7a, que n\u00e3o apresenta sintomas em seu est\u00e1gio inicial. Em entrevista especial para o programa Bem da Terra, da Band, o oncologista Ricardo Caponero falou sobre a import\u00e2ncia dos cuidados com a sa\u00fade masculina e tirou d\u00favidas em rela\u00e7\u00e3o ao c\u00e2ncer de pr\u00f3stata. Membro do Instituto Lado [&hellip;]\" \/>\n<meta property=\"og:url\" content=\"https:\/\/hsfamericana.com.br\/index.php\/especialista-fala-sobre-a-importancia-da-prevencao-no-combate-ao-cancer-de-prostata\/\" \/>\n<meta property=\"og:site_name\" content=\"Hospital S\u00e3o Francisco de Americana\" \/>\n<meta property=\"article:published_time\" content=\"2015-11-09T12:53:10+00:00\" \/>\n<meta property=\"article:modified_time\" content=\"2015-11-09T12:55:11+00:00\" \/>\n<meta property=\"og:image\" content=\"https:\/\/hsfamericana.com.br\/wp-content\/uploads\/2015\/11\/ortiz_post_novembro_azul.png\" \/>\n\t<meta property=\"og:image:width\" content=\"1600\" \/>\n\t<meta property=\"og:image:height\" content=\"1342\" \/>\n\t<meta property=\"og:image:type\" content=\"image\/png\" \/>\n<meta name=\"author\" content=\"HSF Americana\" \/>\n<meta name=\"twitter:label1\" content=\"Escrito por\" \/>\n\t<meta name=\"twitter:data1\" content=\"HSF Americana\" \/>\n\t<meta name=\"twitter:label2\" content=\"Est. tempo de leitura\" \/>\n\t<meta name=\"twitter:data2\" content=\"2 minutos\" \/>\n<script type=\"application\/ld+json\" class=\"yoast-schema-graph\">{\"@context\":\"https:\/\/schema.org\",\"@graph\":[{\"@type\":\"WebPage\",\"@id\":\"https:\/\/hsfamericana.com.br\/index.php\/especialista-fala-sobre-a-importancia-da-prevencao-no-combate-ao-cancer-de-prostata\/\",\"url\":\"https:\/\/hsfamericana.com.br\/index.php\/especialista-fala-sobre-a-importancia-da-prevencao-no-combate-ao-cancer-de-prostata\/\",\"name\":\"Especialista fala sobre a import\u00e2ncia da preven\u00e7\u00e3o no combate ao c\u00e2ncer de pr\u00f3stata &#8226; Hospital S\u00e3o Francisco de Americana\",\"isPartOf\":{\"@id\":\"https:\/\/hsfamericana.com.br\/#website\"},\"primaryImageOfPage\":{\"@id\":\"https:\/\/hsfamericana.com.br\/index.php\/especialista-fala-sobre-a-importancia-da-prevencao-no-combate-ao-cancer-de-prostata\/#primaryimage\"},\"image\":{\"@id\":\"https:\/\/hsfamericana.com.br\/index.php\/especialista-fala-sobre-a-importancia-da-prevencao-no-combate-ao-cancer-de-prostata\/#primaryimage\"},\"thumbnailUrl\":\"https:\/\/hsfamericana.com.br\/wp-content\/uploads\/2015\/11\/ortiz_post_novembro_azul.png\",\"datePublished\":\"2015-11-09T12:53:10+00:00\",\"dateModified\":\"2015-11-09T12:55:11+00:00\",\"author\":{\"@id\":\"https:\/\/hsfamericana.com.br\/#\/schema\/person\/3b12fcdd81c4d645a927c9ba010d1551\"},\"breadcrumb\":{\"@id\":\"https:\/\/hsfamericana.com.br\/index.php\/especialista-fala-sobre-a-importancia-da-prevencao-no-combate-ao-cancer-de-prostata\/#breadcrumb\"},\"inLanguage\":\"pt-BR\",\"potentialAction\":[{\"@type\":\"ReadAction\",\"target\":[\"https:\/\/hsfamericana.com.br\/index.php\/especialista-fala-sobre-a-importancia-da-prevencao-no-combate-ao-cancer-de-prostata\/\"]}]},{\"@type\":\"ImageObject\",\"inLanguage\":\"pt-BR\",\"@id\":\"https:\/\/hsfamericana.com.br\/index.php\/especialista-fala-sobre-a-importancia-da-prevencao-no-combate-ao-cancer-de-prostata\/#primaryimage\",\"url\":\"https:\/\/hsfamericana.com.br\/wp-content\/uploads\/2015\/11\/ortiz_post_novembro_azul.png\",\"contentUrl\":\"https:\/\/hsfamericana.com.br\/wp-content\/uploads\/2015\/11\/ortiz_post_novembro_azul.png\",\"width\":1600,\"height\":1342},{\"@type\":\"BreadcrumbList\",\"@id\":\"https:\/\/hsfamericana.com.br\/index.php\/especialista-fala-sobre-a-importancia-da-prevencao-no-combate-ao-cancer-de-prostata\/#breadcrumb\",\"itemListElement\":[{\"@type\":\"ListItem\",\"position\":1,\"name\":\"In\u00edcio\",\"item\":\"https:\/\/hsfamericana.com.br\/\"},{\"@type\":\"ListItem\",\"position\":2,\"name\":\"Especialista fala sobre a import\u00e2ncia da preven\u00e7\u00e3o no combate ao c\u00e2ncer de pr\u00f3stata\"}]},{\"@type\":\"WebSite\",\"@id\":\"https:\/\/hsfamericana.com.br\/#website\",\"url\":\"https:\/\/hsfamericana.com.br\/\",\"name\":\"Hospital S\u00e3o Francisco de Americana\",\"description\":\"O mais completo da regi\u00e3o de Campinas\",\"potentialAction\":[{\"@type\":\"SearchAction\",\"target\":{\"@type\":\"EntryPoint\",\"urlTemplate\":\"https:\/\/hsfamericana.com.br\/?s={search_term_string}\"},\"query-input\":{\"@type\":\"PropertyValueSpecification\",\"valueRequired\":true,\"valueName\":\"search_term_string\"}}],\"inLanguage\":\"pt-BR\"},{\"@type\":\"Person\",\"@id\":\"https:\/\/hsfamericana.com.br\/#\/schema\/person\/3b12fcdd81c4d645a927c9ba010d1551\",\"name\":\"HSF Americana\",\"image\":{\"@type\":\"ImageObject\",\"inLanguage\":\"pt-BR\",\"@id\":\"https:\/\/hsfamericana.com.br\/#\/schema\/person\/image\/\",\"url\":\"https:\/\/secure.gravatar.com\/avatar\/5166f96d8390f878591229db68525bd3f5c9f157e02efd0ba33755d400e0b4f1?s=96&d=mm&r=g\",\"contentUrl\":\"https:\/\/secure.gravatar.com\/avatar\/5166f96d8390f878591229db68525bd3f5c9f157e02efd0ba33755d400e0b4f1?s=96&d=mm&r=g\",\"caption\":\"HSF Americana\"},\"sameAs\":[\"https:\/\/www.hsfamericana.com.br\"],\"url\":\"https:\/\/hsfamericana.com.br\/index.php\/author\/nogueira\/\"}]}<\/script>\n<!-- \/ Yoast SEO plugin. -->","yoast_head_json":{"title":"Especialista fala sobre a import\u00e2ncia da preven\u00e7\u00e3o no combate ao c\u00e2ncer de pr\u00f3stata &#8226; Hospital S\u00e3o Francisco de Americana","robots":{"index":"index","follow":"follow","max-snippet":"max-snippet:-1","max-image-preview":"max-image-preview:large","max-video-preview":"max-video-preview:-1"},"canonical":"https:\/\/hsfamericana.com.br\/index.php\/especialista-fala-sobre-a-importancia-da-prevencao-no-combate-ao-cancer-de-prostata\/","og_locale":"pt_BR","og_type":"article","og_title":"Especialista fala sobre a import\u00e2ncia da preven\u00e7\u00e3o no combate ao c\u00e2ncer de pr\u00f3stata &#8226; Hospital S\u00e3o Francisco de Americana","og_description":"Exames s\u00e3o indispens\u00e1veis para o diagn\u00f3stico precoce da doen\u00e7a, que n\u00e3o apresenta sintomas em seu est\u00e1gio inicial. Em entrevista especial para o programa Bem da Terra, da Band, o oncologista Ricardo Caponero falou sobre a import\u00e2ncia dos cuidados com a sa\u00fade masculina e tirou d\u00favidas em rela\u00e7\u00e3o ao c\u00e2ncer de pr\u00f3stata. Membro do Instituto Lado [&hellip;]","og_url":"https:\/\/hsfamericana.com.br\/index.php\/especialista-fala-sobre-a-importancia-da-prevencao-no-combate-ao-cancer-de-prostata\/","og_site_name":"Hospital S\u00e3o Francisco de Americana","article_published_time":"2015-11-09T12:53:10+00:00","article_modified_time":"2015-11-09T12:55:11+00:00","og_image":[{"width":1600,"height":1342,"url":"https:\/\/hsfamericana.com.br\/wp-content\/uploads\/2015\/11\/ortiz_post_novembro_azul.png","type":"image\/png"}],"author":"HSF Americana","twitter_misc":{"Escrito por":"HSF Americana","Est. tempo de leitura":"2 minutos"},"schema":{"@context":"https:\/\/schema.org","@graph":[{"@type":"WebPage","@id":"https:\/\/hsfamericana.com.br\/index.php\/especialista-fala-sobre-a-importancia-da-prevencao-no-combate-ao-cancer-de-prostata\/","url":"https:\/\/hsfamericana.com.br\/index.php\/especialista-fala-sobre-a-importancia-da-prevencao-no-combate-ao-cancer-de-prostata\/","name":"Especialista fala sobre a import\u00e2ncia da preven\u00e7\u00e3o no combate ao c\u00e2ncer de pr\u00f3stata &#8226; Hospital S\u00e3o Francisco de Americana","isPartOf":{"@id":"https:\/\/hsfamericana.com.br\/#website"},"primaryImageOfPage":{"@id":"https:\/\/hsfamericana.com.br\/index.php\/especialista-fala-sobre-a-importancia-da-prevencao-no-combate-ao-cancer-de-prostata\/#primaryimage"},"image":{"@id":"https:\/\/hsfamericana.com.br\/index.php\/especialista-fala-sobre-a-importancia-da-prevencao-no-combate-ao-cancer-de-prostata\/#primaryimage"},"thumbnailUrl":"https:\/\/hsfamericana.com.br\/wp-content\/uploads\/2015\/11\/ortiz_post_novembro_azul.png","datePublished":"2015-11-09T12:53:10+00:00","dateModified":"2015-11-09T12:55:11+00:00","author":{"@id":"https:\/\/hsfamericana.com.br\/#\/schema\/person\/3b12fcdd81c4d645a927c9ba010d1551"},"breadcrumb":{"@id":"https:\/\/hsfamericana.com.br\/index.php\/especialista-fala-sobre-a-importancia-da-prevencao-no-combate-ao-cancer-de-prostata\/#breadcrumb"},"inLanguage":"pt-BR","potentialAction":[{"@type":"ReadAction","target":["https:\/\/hsfamericana.com.br\/index.php\/especialista-fala-sobre-a-importancia-da-prevencao-no-combate-ao-cancer-de-prostata\/"]}]},{"@type":"ImageObject","inLanguage":"pt-BR","@id":"https:\/\/hsfamericana.com.br\/index.php\/especialista-fala-sobre-a-importancia-da-prevencao-no-combate-ao-cancer-de-prostata\/#primaryimage","url":"https:\/\/hsfamericana.com.br\/wp-content\/uploads\/2015\/11\/ortiz_post_novembro_azul.png","contentUrl":"https:\/\/hsfamericana.com.br\/wp-content\/uploads\/2015\/11\/ortiz_post_novembro_azul.png","width":1600,"height":1342},{"@type":"BreadcrumbList","@id":"https:\/\/hsfamericana.com.br\/index.php\/especialista-fala-sobre-a-importancia-da-prevencao-no-combate-ao-cancer-de-prostata\/#breadcrumb","itemListElement":[{"@type":"ListItem","position":1,"name":"In\u00edcio","item":"https:\/\/hsfamericana.com.br\/"},{"@type":"ListItem","position":2,"name":"Especialista fala sobre a import\u00e2ncia da preven\u00e7\u00e3o no combate ao c\u00e2ncer de pr\u00f3stata"}]},{"@type":"WebSite","@id":"https:\/\/hsfamericana.com.br\/#website","url":"https:\/\/hsfamericana.com.br\/","name":"Hospital S\u00e3o Francisco de Americana","description":"O mais completo da regi\u00e3o de Campinas","potentialAction":[{"@type":"SearchAction","target":{"@type":"EntryPoint","urlTemplate":"https:\/\/hsfamericana.com.br\/?s={search_term_string}"},"query-input":{"@type":"PropertyValueSpecification","valueRequired":true,"valueName":"search_term_string"}}],"inLanguage":"pt-BR"},{"@type":"Person","@id":"https:\/\/hsfamericana.com.br\/#\/schema\/person\/3b12fcdd81c4d645a927c9ba010d1551","name":"HSF Americana","image":{"@type":"ImageObject","inLanguage":"pt-BR","@id":"https:\/\/hsfamericana.com.br\/#\/schema\/person\/image\/","url":"https:\/\/secure.gravatar.com\/avatar\/5166f96d8390f878591229db68525bd3f5c9f157e02efd0ba33755d400e0b4f1?s=96&d=mm&r=g","contentUrl":"https:\/\/secure.gravatar.com\/avatar\/5166f96d8390f878591229db68525bd3f5c9f157e02efd0ba33755d400e0b4f1?s=96&d=mm&r=g","caption":"HSF Americana"},"sameAs":["https:\/\/www.hsfamericana.com.br"],"url":"https:\/\/hsfamericana.com.br\/index.php\/author\/nogueira\/"}]}},"_links":{"self":[{"href":"https:\/\/hsfamericana.com.br\/index.php\/wp-json\/wp\/v2\/posts\/1451","targetHints":{"allow":["GET"]}}],"collection":[{"href":"https:\/\/hsfamericana.com.br\/index.php\/wp-json\/wp\/v2\/posts"}],"about":[{"href":"https:\/\/hsfamericana.com.br\/index.php\/wp-json\/wp\/v2\/types\/post"}],"author":[{"embeddable":true,"href":"https:\/\/hsfamericana.com.br\/index.php\/wp-json\/wp\/v2\/users\/2"}],"replies":[{"embeddable":true,"href":"https:\/\/hsfamericana.com.br\/index.php\/wp-json\/wp\/v2\/comments?post=1451"}],"version-history":[{"count":4,"href":"https:\/\/hsfamericana.com.br\/index.php\/wp-json\/wp\/v2\/posts\/1451\/revisions"}],"predecessor-version":[{"id":1456,"href":"https:\/\/hsfamericana.com.br\/index.php\/wp-json\/wp\/v2\/posts\/1451\/revisions\/1456"}],"wp:featuredmedia":[{"embeddable":true,"href":"https:\/\/hsfamericana.com.br\/index.php\/wp-json\/wp\/v2\/media\/1452"}],"wp:attachment":[{"href":"https:\/\/hsfamericana.com.br\/index.php\/wp-json\/wp\/v2\/media?parent=1451"}],"wp:term":[{"taxonomy":"category","embeddable":true,"href":"https:\/\/hsfamericana.com.br\/index.php\/wp-json\/wp\/v2\/categories?post=1451"},{"taxonomy":"post_tag","embeddable":true,"href":"https:\/\/hsfamericana.com.br\/index.php\/wp-json\/wp\/v2\/tags?post=1451"}],"curies":[{"name":"wp","href":"https:\/\/api.w.org\/{rel}","templated":true}]}}