{"id":1527,"date":"2016-07-04T14:46:18","date_gmt":"2016-07-04T14:46:18","guid":{"rendered":"http:\/\/www.hsfamericana.com.br\/?p=1527"},"modified":"2016-07-04T14:46:54","modified_gmt":"2016-07-04T14:46:54","slug":"ministerio-da-saude-divulga-dados-ineditos-de-reducao-de-sodio-em-alimentos-processados","status":"publish","type":"post","link":"https:\/\/hsfamericana.com.br\/index.php\/ministerio-da-saude-divulga-dados-ineditos-de-reducao-de-sodio-em-alimentos-processados\/","title":{"rendered":"Minist\u00e9rio da Sa\u00fade divulga dados in\u00e9ditos de redu\u00e7\u00e3o de s\u00f3dio em alimentos processados"},"content":{"rendered":"<p>Em quatro anos de funcionamento, o acordo entre o Minist\u00e9rio da Sa\u00fade e a Associa\u00e7\u00e3o das Ind\u00fastrias da Alimenta\u00e7\u00e3o (Abia) possibilitou a retirada de 14.893 toneladas de s\u00f3dio dos produtos aliment\u00edcios. A redu\u00e7\u00e3o equivale a 3.723 caminh\u00f5es de 10 toneladas carregados de sal.<\/p>\n<p>O total preencheria mais de 52 km de uma estrada com todos os caminh\u00f5es alinhados. A meta \u00e9 que, at\u00e9 2020, as ind\u00fastrias do setor promovam a retirada volunt\u00e1ria de 28.562 toneladas de sal do mercado brasileiro. Os dados s\u00e3o resultados das tr\u00eas primeiras fases do acordo, que iniciou em abril 2011, e foram apresentados nessa quarta-feira (28) pelo ministro da Sa\u00fade, Ricardo Barros, e pelo presidente da Abia, Edmund Kloz. A partir de agora, o Minist\u00e9rio da Sa\u00fade e a Abia iniciam discuss\u00f5es sobre uma nova parceria, desta vez para reduzir o a\u00e7\u00facar nos alimentos processados.<\/p>\n<p>\u201cEsta parceria \u00e9 muito importante e vamos continuar os acordos para melhorar a qualidade nutricional dos alimentos processados. A popula\u00e7\u00e3o precisa estar atenta, n\u00e3o somente ao sal, mas tamb\u00e9m ao a\u00e7\u00facar que \u00e9 adicionado aos alimentos. \u00c9 importante frisar que o a\u00e7\u00facar est\u00e1 presente na maior parte do que \u00e9 consumido e, se cada cidad\u00e3o brasileiro cuidar da sua sa\u00fade, o povo brasileiro ser\u00e1 mais saud\u00e1vel\u201d, disse o ministro Ricardo Barros.<\/p>\n<p>Na terceira fase do acordo de redu\u00e7\u00e3o de s\u00f3dio, em que foram inclu\u00eddas margarinas, cereais matinais, caldos (gel e cubos) e temperos prontos, 94,5% das 22 de empresas analisadas atingiram a meta. A maior redu\u00e7\u00e3o foi observada nos temperos, com queda de 16,35% seguida pela margarina com 7,12%. Outras categoriais tamb\u00e9m registram queda: cereais matinais (5,2%), caldos e cubos em p\u00f3 (4,9%), temperos em pasta (1,77%), tempero para arroz (6,03%). Caldos l\u00edquidos e em gel \u00e9 a \u00fanica categoria que teve aumento na concentra\u00e7\u00e3o de s\u00f3dio (8,84%).<\/p>\n<p>O presidente da Abia, Edmund Kloz, reiterou a disponibilidade da ind\u00fastria no cumprimento deste e de outros acordos. \u201cNossa preocupa\u00e7\u00e3o \u00e9 tentar fazer o poss\u00edvel para colaborar. Esperamos conseguir, inclusive, preparar, de maneira eficaz, a tecnologia para fazermos tamb\u00e9m a redu\u00e7\u00e3o do a\u00e7\u00facar, com o mesmo sucesso e ritmo que tivemos na redu\u00e7\u00e3o de s\u00f3dio\u201d, afirmou o presidente da entidade.<\/p>\n<p>A primeira etapa envolveu macarr\u00e3o instant\u00e2neo, p\u00e3o de forma e bisnaguinha. A segunda, bolos, snacks (batata-palha e salgadinhos de milho), maioneses e biscoitos. O acordo prev\u00ea mais uma etapa envolvendo produtos embutidos. O resultado dever\u00e1 ser divulgado no pr\u00f3ximo ano. \u201cA redu\u00e7\u00e3o do s\u00f3dio nestes alimentos, t\u00e3o consumidos pela popula\u00e7\u00e3o, \u00e9 fundamental. O excesso de s\u00f3dio \u00e9 muito prejudicial \u00e0 sa\u00fade em longo prazo. Precisamos tomar todas as iniciativas poss\u00edveis para promover essa redu\u00e7\u00e3o\u201d, observa o ministro da Sa\u00fade.<\/p>\n<p>Ricardo Barros ainda complementou afirmando que, aliado a outras a\u00e7\u00f5es, o acordo j\u00e1 promove impactos na sa\u00fade do brasileiro. \u201cObservamos redu\u00e7\u00e3o de 33% nos \u00faltimos seis anos nas interna\u00e7\u00f5es por hipertens\u00e3o. N\u00e3o temos d\u00favidas que j\u00e1 \u00e9 resultado das nossas a\u00e7\u00f5es de promo\u00e7\u00e3o \u00e0 sa\u00fade, h\u00e1bitos saud\u00e1veis, amplia\u00e7\u00e3o da assist\u00eancia e a redu\u00e7\u00e3o de sal no alimentos processados\u201d, comemorou Ricardo Barros.<\/p>\n<p>As ind\u00fastrias que n\u00e3o alcan\u00e7arem o resultado esperado de redu\u00e7\u00e3o s\u00e3o notificadas pelo Minist\u00e9rio da Sa\u00fade e devem encaminhar \u00e0 pasta uma justificativa, al\u00e9m de uma nova estrat\u00e9gia para diminuir a quantidade de sal dos alimentos. Os produtos analisados continuam fazendo parte do programa, ainda com as metas alcan\u00e7adas, e a cada ano, novas metas s\u00e3o tra\u00e7adas visando maiores redu\u00e7\u00f5es.<\/p>\n<p>&nbsp;<\/p>\n<p>&nbsp;<br \/>\nFonte: <a href=\"http:\/\/www.oprogressonet.com\/geral\/ministerio-da-saude-divulga-dados-ineditos-de-reducao-de-sodio-em-alimentos-processados\/69467.html\">O Progresso<\/a><\/p>\n<p>Todos direitos reservados aos respons\u00e1veis do site citado.<\/p>\n<p>Dispon\u00edvel em: http:\/\/www.oprogressonet.com\/geral\/ministerio-da-saude-divulga-dados-ineditos-de-reducao-de-sodio-em-alimentos-processados\/69467.html | Acesso em: 04\/07\/2016 \u00e0s 11h43.<\/p>\n","protected":false},"excerpt":{"rendered":"<p>Em quatro anos de funcionamento, o acordo entre o Minist\u00e9rio da Sa\u00fade e a Associa\u00e7\u00e3o das Ind\u00fastrias da Alimenta\u00e7\u00e3o (Abia) possibilitou a retirada de 14.893 toneladas de s\u00f3dio dos produtos aliment\u00edcios. A redu\u00e7\u00e3o equivale a 3.723 caminh\u00f5es de 10 toneladas carregados de sal. O total preencheria mais de 52 km de uma estrada com todos [&hellip;]<\/p>\n","protected":false},"author":2,"featured_media":1528,"comment_status":"open","ping_status":"open","sticky":false,"template":"","format":"standard","meta":{"_acf_changed":false,"footnotes":""},"categories":[4],"tags":[],"class_list":["post-1527","post","type-post","status-publish","format-standard","has-post-thumbnail","hentry","category-noticias"],"acf":[],"yoast_head":"<!-- This site is optimized with the Yoast SEO plugin v25.2 - https:\/\/yoast.com\/wordpress\/plugins\/seo\/ -->\n<title>Minist\u00e9rio da Sa\u00fade divulga dados in\u00e9ditos de redu\u00e7\u00e3o de s\u00f3dio em alimentos processados &#8226; Hospital S\u00e3o Francisco de Americana<\/title>\n<meta name=\"robots\" content=\"index, follow, max-snippet:-1, max-image-preview:large, max-video-preview:-1\" \/>\n<link rel=\"canonical\" href=\"https:\/\/hsfamericana.com.br\/index.php\/ministerio-da-saude-divulga-dados-ineditos-de-reducao-de-sodio-em-alimentos-processados\/\" \/>\n<meta property=\"og:locale\" content=\"pt_BR\" \/>\n<meta property=\"og:type\" content=\"article\" \/>\n<meta property=\"og:title\" content=\"Minist\u00e9rio da Sa\u00fade divulga dados in\u00e9ditos de redu\u00e7\u00e3o de s\u00f3dio em alimentos processados &#8226; Hospital S\u00e3o Francisco de Americana\" \/>\n<meta property=\"og:description\" content=\"Em quatro anos de funcionamento, o acordo entre o Minist\u00e9rio da Sa\u00fade e a Associa\u00e7\u00e3o das Ind\u00fastrias da Alimenta\u00e7\u00e3o (Abia) possibilitou a retirada de 14.893 toneladas de s\u00f3dio dos produtos aliment\u00edcios. A redu\u00e7\u00e3o equivale a 3.723 caminh\u00f5es de 10 toneladas carregados de sal. O total preencheria mais de 52 km de uma estrada com todos [&hellip;]\" \/>\n<meta property=\"og:url\" content=\"https:\/\/hsfamericana.com.br\/index.php\/ministerio-da-saude-divulga-dados-ineditos-de-reducao-de-sodio-em-alimentos-processados\/\" \/>\n<meta property=\"og:site_name\" content=\"Hospital S\u00e3o Francisco de Americana\" \/>\n<meta property=\"article:published_time\" content=\"2016-07-04T14:46:18+00:00\" \/>\n<meta property=\"article:modified_time\" content=\"2016-07-04T14:46:54+00:00\" \/>\n<meta property=\"og:image\" content=\"https:\/\/hsfamericana.com.br\/wp-content\/uploads\/2016\/07\/salt-015.jpg\" \/>\n\t<meta property=\"og:image:width\" content=\"2560\" \/>\n\t<meta property=\"og:image:height\" content=\"1536\" \/>\n\t<meta property=\"og:image:type\" content=\"image\/jpeg\" \/>\n<meta name=\"author\" content=\"HSF Americana\" \/>\n<meta name=\"twitter:label1\" content=\"Escrito por\" \/>\n\t<meta name=\"twitter:data1\" content=\"HSF Americana\" \/>\n\t<meta name=\"twitter:label2\" content=\"Est. tempo de leitura\" \/>\n\t<meta name=\"twitter:data2\" content=\"3 minutos\" \/>\n<script type=\"application\/ld+json\" class=\"yoast-schema-graph\">{\"@context\":\"https:\/\/schema.org\",\"@graph\":[{\"@type\":\"WebPage\",\"@id\":\"https:\/\/hsfamericana.com.br\/index.php\/ministerio-da-saude-divulga-dados-ineditos-de-reducao-de-sodio-em-alimentos-processados\/\",\"url\":\"https:\/\/hsfamericana.com.br\/index.php\/ministerio-da-saude-divulga-dados-ineditos-de-reducao-de-sodio-em-alimentos-processados\/\",\"name\":\"Minist\u00e9rio da Sa\u00fade divulga dados in\u00e9ditos de redu\u00e7\u00e3o de s\u00f3dio em alimentos processados &#8226; Hospital S\u00e3o Francisco de Americana\",\"isPartOf\":{\"@id\":\"https:\/\/hsfamericana.com.br\/#website\"},\"primaryImageOfPage\":{\"@id\":\"https:\/\/hsfamericana.com.br\/index.php\/ministerio-da-saude-divulga-dados-ineditos-de-reducao-de-sodio-em-alimentos-processados\/#primaryimage\"},\"image\":{\"@id\":\"https:\/\/hsfamericana.com.br\/index.php\/ministerio-da-saude-divulga-dados-ineditos-de-reducao-de-sodio-em-alimentos-processados\/#primaryimage\"},\"thumbnailUrl\":\"https:\/\/hsfamericana.com.br\/wp-content\/uploads\/2016\/07\/salt-015.jpg\",\"datePublished\":\"2016-07-04T14:46:18+00:00\",\"dateModified\":\"2016-07-04T14:46:54+00:00\",\"author\":{\"@id\":\"https:\/\/hsfamericana.com.br\/#\/schema\/person\/3b12fcdd81c4d645a927c9ba010d1551\"},\"breadcrumb\":{\"@id\":\"https:\/\/hsfamericana.com.br\/index.php\/ministerio-da-saude-divulga-dados-ineditos-de-reducao-de-sodio-em-alimentos-processados\/#breadcrumb\"},\"inLanguage\":\"pt-BR\",\"potentialAction\":[{\"@type\":\"ReadAction\",\"target\":[\"https:\/\/hsfamericana.com.br\/index.php\/ministerio-da-saude-divulga-dados-ineditos-de-reducao-de-sodio-em-alimentos-processados\/\"]}]},{\"@type\":\"ImageObject\",\"inLanguage\":\"pt-BR\",\"@id\":\"https:\/\/hsfamericana.com.br\/index.php\/ministerio-da-saude-divulga-dados-ineditos-de-reducao-de-sodio-em-alimentos-processados\/#primaryimage\",\"url\":\"https:\/\/hsfamericana.com.br\/wp-content\/uploads\/2016\/07\/salt-015.jpg\",\"contentUrl\":\"https:\/\/hsfamericana.com.br\/wp-content\/uploads\/2016\/07\/salt-015.jpg\",\"width\":2560,\"height\":1536},{\"@type\":\"BreadcrumbList\",\"@id\":\"https:\/\/hsfamericana.com.br\/index.php\/ministerio-da-saude-divulga-dados-ineditos-de-reducao-de-sodio-em-alimentos-processados\/#breadcrumb\",\"itemListElement\":[{\"@type\":\"ListItem\",\"position\":1,\"name\":\"In\u00edcio\",\"item\":\"https:\/\/hsfamericana.com.br\/\"},{\"@type\":\"ListItem\",\"position\":2,\"name\":\"Minist\u00e9rio da Sa\u00fade divulga dados in\u00e9ditos de redu\u00e7\u00e3o de s\u00f3dio em alimentos processados\"}]},{\"@type\":\"WebSite\",\"@id\":\"https:\/\/hsfamericana.com.br\/#website\",\"url\":\"https:\/\/hsfamericana.com.br\/\",\"name\":\"Hospital S\u00e3o Francisco de Americana\",\"description\":\"O mais completo da regi\u00e3o de Campinas\",\"potentialAction\":[{\"@type\":\"SearchAction\",\"target\":{\"@type\":\"EntryPoint\",\"urlTemplate\":\"https:\/\/hsfamericana.com.br\/?s={search_term_string}\"},\"query-input\":{\"@type\":\"PropertyValueSpecification\",\"valueRequired\":true,\"valueName\":\"search_term_string\"}}],\"inLanguage\":\"pt-BR\"},{\"@type\":\"Person\",\"@id\":\"https:\/\/hsfamericana.com.br\/#\/schema\/person\/3b12fcdd81c4d645a927c9ba010d1551\",\"name\":\"HSF Americana\",\"image\":{\"@type\":\"ImageObject\",\"inLanguage\":\"pt-BR\",\"@id\":\"https:\/\/hsfamericana.com.br\/#\/schema\/person\/image\/\",\"url\":\"https:\/\/secure.gravatar.com\/avatar\/5166f96d8390f878591229db68525bd3f5c9f157e02efd0ba33755d400e0b4f1?s=96&d=mm&r=g\",\"contentUrl\":\"https:\/\/secure.gravatar.com\/avatar\/5166f96d8390f878591229db68525bd3f5c9f157e02efd0ba33755d400e0b4f1?s=96&d=mm&r=g\",\"caption\":\"HSF Americana\"},\"sameAs\":[\"https:\/\/www.hsfamericana.com.br\"],\"url\":\"https:\/\/hsfamericana.com.br\/index.php\/author\/nogueira\/\"}]}<\/script>\n<!-- \/ Yoast SEO plugin. -->","yoast_head_json":{"title":"Minist\u00e9rio da Sa\u00fade divulga dados in\u00e9ditos de redu\u00e7\u00e3o de s\u00f3dio em alimentos processados &#8226; Hospital S\u00e3o Francisco de Americana","robots":{"index":"index","follow":"follow","max-snippet":"max-snippet:-1","max-image-preview":"max-image-preview:large","max-video-preview":"max-video-preview:-1"},"canonical":"https:\/\/hsfamericana.com.br\/index.php\/ministerio-da-saude-divulga-dados-ineditos-de-reducao-de-sodio-em-alimentos-processados\/","og_locale":"pt_BR","og_type":"article","og_title":"Minist\u00e9rio da Sa\u00fade divulga dados in\u00e9ditos de redu\u00e7\u00e3o de s\u00f3dio em alimentos processados &#8226; Hospital S\u00e3o Francisco de Americana","og_description":"Em quatro anos de funcionamento, o acordo entre o Minist\u00e9rio da Sa\u00fade e a Associa\u00e7\u00e3o das Ind\u00fastrias da Alimenta\u00e7\u00e3o (Abia) possibilitou a retirada de 14.893 toneladas de s\u00f3dio dos produtos aliment\u00edcios. A redu\u00e7\u00e3o equivale a 3.723 caminh\u00f5es de 10 toneladas carregados de sal. O total preencheria mais de 52 km de uma estrada com todos [&hellip;]","og_url":"https:\/\/hsfamericana.com.br\/index.php\/ministerio-da-saude-divulga-dados-ineditos-de-reducao-de-sodio-em-alimentos-processados\/","og_site_name":"Hospital S\u00e3o Francisco de Americana","article_published_time":"2016-07-04T14:46:18+00:00","article_modified_time":"2016-07-04T14:46:54+00:00","og_image":[{"width":2560,"height":1536,"url":"https:\/\/hsfamericana.com.br\/wp-content\/uploads\/2016\/07\/salt-015.jpg","type":"image\/jpeg"}],"author":"HSF Americana","twitter_misc":{"Escrito por":"HSF Americana","Est. tempo de leitura":"3 minutos"},"schema":{"@context":"https:\/\/schema.org","@graph":[{"@type":"WebPage","@id":"https:\/\/hsfamericana.com.br\/index.php\/ministerio-da-saude-divulga-dados-ineditos-de-reducao-de-sodio-em-alimentos-processados\/","url":"https:\/\/hsfamericana.com.br\/index.php\/ministerio-da-saude-divulga-dados-ineditos-de-reducao-de-sodio-em-alimentos-processados\/","name":"Minist\u00e9rio da Sa\u00fade divulga dados in\u00e9ditos de redu\u00e7\u00e3o de s\u00f3dio em alimentos processados &#8226; Hospital S\u00e3o Francisco de Americana","isPartOf":{"@id":"https:\/\/hsfamericana.com.br\/#website"},"primaryImageOfPage":{"@id":"https:\/\/hsfamericana.com.br\/index.php\/ministerio-da-saude-divulga-dados-ineditos-de-reducao-de-sodio-em-alimentos-processados\/#primaryimage"},"image":{"@id":"https:\/\/hsfamericana.com.br\/index.php\/ministerio-da-saude-divulga-dados-ineditos-de-reducao-de-sodio-em-alimentos-processados\/#primaryimage"},"thumbnailUrl":"https:\/\/hsfamericana.com.br\/wp-content\/uploads\/2016\/07\/salt-015.jpg","datePublished":"2016-07-04T14:46:18+00:00","dateModified":"2016-07-04T14:46:54+00:00","author":{"@id":"https:\/\/hsfamericana.com.br\/#\/schema\/person\/3b12fcdd81c4d645a927c9ba010d1551"},"breadcrumb":{"@id":"https:\/\/hsfamericana.com.br\/index.php\/ministerio-da-saude-divulga-dados-ineditos-de-reducao-de-sodio-em-alimentos-processados\/#breadcrumb"},"inLanguage":"pt-BR","potentialAction":[{"@type":"ReadAction","target":["https:\/\/hsfamericana.com.br\/index.php\/ministerio-da-saude-divulga-dados-ineditos-de-reducao-de-sodio-em-alimentos-processados\/"]}]},{"@type":"ImageObject","inLanguage":"pt-BR","@id":"https:\/\/hsfamericana.com.br\/index.php\/ministerio-da-saude-divulga-dados-ineditos-de-reducao-de-sodio-em-alimentos-processados\/#primaryimage","url":"https:\/\/hsfamericana.com.br\/wp-content\/uploads\/2016\/07\/salt-015.jpg","contentUrl":"https:\/\/hsfamericana.com.br\/wp-content\/uploads\/2016\/07\/salt-015.jpg","width":2560,"height":1536},{"@type":"BreadcrumbList","@id":"https:\/\/hsfamericana.com.br\/index.php\/ministerio-da-saude-divulga-dados-ineditos-de-reducao-de-sodio-em-alimentos-processados\/#breadcrumb","itemListElement":[{"@type":"ListItem","position":1,"name":"In\u00edcio","item":"https:\/\/hsfamericana.com.br\/"},{"@type":"ListItem","position":2,"name":"Minist\u00e9rio da Sa\u00fade divulga dados in\u00e9ditos de redu\u00e7\u00e3o de s\u00f3dio em alimentos processados"}]},{"@type":"WebSite","@id":"https:\/\/hsfamericana.com.br\/#website","url":"https:\/\/hsfamericana.com.br\/","name":"Hospital S\u00e3o Francisco de Americana","description":"O mais completo da regi\u00e3o de Campinas","potentialAction":[{"@type":"SearchAction","target":{"@type":"EntryPoint","urlTemplate":"https:\/\/hsfamericana.com.br\/?s={search_term_string}"},"query-input":{"@type":"PropertyValueSpecification","valueRequired":true,"valueName":"search_term_string"}}],"inLanguage":"pt-BR"},{"@type":"Person","@id":"https:\/\/hsfamericana.com.br\/#\/schema\/person\/3b12fcdd81c4d645a927c9ba010d1551","name":"HSF Americana","image":{"@type":"ImageObject","inLanguage":"pt-BR","@id":"https:\/\/hsfamericana.com.br\/#\/schema\/person\/image\/","url":"https:\/\/secure.gravatar.com\/avatar\/5166f96d8390f878591229db68525bd3f5c9f157e02efd0ba33755d400e0b4f1?s=96&d=mm&r=g","contentUrl":"https:\/\/secure.gravatar.com\/avatar\/5166f96d8390f878591229db68525bd3f5c9f157e02efd0ba33755d400e0b4f1?s=96&d=mm&r=g","caption":"HSF Americana"},"sameAs":["https:\/\/www.hsfamericana.com.br"],"url":"https:\/\/hsfamericana.com.br\/index.php\/author\/nogueira\/"}]}},"_links":{"self":[{"href":"https:\/\/hsfamericana.com.br\/index.php\/wp-json\/wp\/v2\/posts\/1527","targetHints":{"allow":["GET"]}}],"collection":[{"href":"https:\/\/hsfamericana.com.br\/index.php\/wp-json\/wp\/v2\/posts"}],"about":[{"href":"https:\/\/hsfamericana.com.br\/index.php\/wp-json\/wp\/v2\/types\/post"}],"author":[{"embeddable":true,"href":"https:\/\/hsfamericana.com.br\/index.php\/wp-json\/wp\/v2\/users\/2"}],"replies":[{"embeddable":true,"href":"https:\/\/hsfamericana.com.br\/index.php\/wp-json\/wp\/v2\/comments?post=1527"}],"version-history":[{"count":2,"href":"https:\/\/hsfamericana.com.br\/index.php\/wp-json\/wp\/v2\/posts\/1527\/revisions"}],"predecessor-version":[{"id":1530,"href":"https:\/\/hsfamericana.com.br\/index.php\/wp-json\/wp\/v2\/posts\/1527\/revisions\/1530"}],"wp:featuredmedia":[{"embeddable":true,"href":"https:\/\/hsfamericana.com.br\/index.php\/wp-json\/wp\/v2\/media\/1528"}],"wp:attachment":[{"href":"https:\/\/hsfamericana.com.br\/index.php\/wp-json\/wp\/v2\/media?parent=1527"}],"wp:term":[{"taxonomy":"category","embeddable":true,"href":"https:\/\/hsfamericana.com.br\/index.php\/wp-json\/wp\/v2\/categories?post=1527"},{"taxonomy":"post_tag","embeddable":true,"href":"https:\/\/hsfamericana.com.br\/index.php\/wp-json\/wp\/v2\/tags?post=1527"}],"curies":[{"name":"wp","href":"https:\/\/api.w.org\/{rel}","templated":true}]}}