{"id":1543,"date":"2016-09-02T20:30:22","date_gmt":"2016-09-02T20:30:22","guid":{"rendered":"http:\/\/www.hsfamericana.com.br\/?p=1543"},"modified":"2016-09-02T20:30:22","modified_gmt":"2016-09-02T20:30:22","slug":"setembro-dourado-alerta-para-diagnostico-precoce-do-cancer-infantojuvenil","status":"publish","type":"post","link":"https:\/\/hsfamericana.com.br\/index.php\/setembro-dourado-alerta-para-diagnostico-precoce-do-cancer-infantojuvenil\/","title":{"rendered":"Setembro Dourado alerta para diagn\u00f3stico precoce do c\u00e2ncer infantojuvenil"},"content":{"rendered":"<p>A partir do dia 1\u00ba de setembro, e durante todo o m\u00eas, ter\u00e1 in\u00edcio a campanha <a href=\"http:\/\/www.setembrodourado.org.br\/\">Setembro Dourado<\/a>, criada para chamar a aten\u00e7\u00e3o, atrav\u00e9s de a\u00e7\u00f5es preventivas e educativas, para os sinais e sintomas do c\u00e2ncer infantojuvenil e a import\u00e2ncia do seu diagn\u00f3stico precoce. A iniciativa \u00e9 da Confedera\u00e7\u00e3o Nacional das Institui\u00e7\u00f5es de Apoio e Assist\u00eancia \u00e0 Crian\u00e7a e ao Adolescente com C\u00e2ncer \u2013 CONIACC, entidade que congrega 49 institui\u00e7\u00f5es espalhadas por todo o Pa\u00eds.<\/p>\n<p>O c\u00e2ncer infantojuvenil corresponde a um grupo de v\u00e1rias doen\u00e7as que t\u00eam em comum a prolifera\u00e7\u00e3o descontrolada de c\u00e9lulas anormais e que pode ocorrer em qualquer local do organismo. Os tumores mais frequentes na inf\u00e2ncia e na adolesc\u00eancia s\u00e3o as leucemias (que afetam os gl\u00f3bulos brancos) e os do sistema nervoso central e linfomas (sistema linf\u00e1tico).<\/p>\n<p>Tamb\u00e9m acometem crian\u00e7as e adolescentes o neuroblastoma (tumor de c\u00e9lulas do sistema nervoso perif\u00e9rico, frequentemente de localiza\u00e7\u00e3o abdominal), tumor de Wilms (tipo de tumor renal), retinoblastoma (afeta a retina, fundo do olho), tumor germinativo (das c\u00e9lulas que v\u00e3o dar origem aos ov\u00e1rios ou aos test\u00edculos), osteossarcoma (tumor \u00f3sseo) e os sarcomas (tumores de partes moles).<\/p>\n<p>De acordo com o Instituto Nacional de C\u00e2ncer \u2013 INCA, no Brasil, o c\u00e2ncer j\u00e1 representa a primeira causa de morte (7% do total) por doen\u00e7a entre crian\u00e7as e adolescentes de 1 a 19 anos, para todas as regi\u00f5es. Estima-se que ocorrer\u00e3o cerca de 12.600 casos novos de c\u00e2ncer em crian\u00e7as e adolescentes no pa\u00eds por ano, em 2016 e em 2017. As regi\u00f5es Sudeste e Nordeste apresentar\u00e3o os maiores n\u00fameros de casos novos, 6.050 e 2.750, respectivamente, seguidas pelas regi\u00f5es Sul (1.320), Centro-Oeste (1.270) e Norte (1.210).<\/p>\n<p>Para tentar reverter esse progn\u00f3stico, as institui\u00e7\u00f5es trabalham na divulga\u00e7\u00e3o dos principais sinais e sintomas do c\u00e2ncer infantojuvenil. Segundo o INCA, em torno de 70% das crian\u00e7as e adolescentes acometidos de c\u00e2ncer podem ser curados, se diagnosticados precocemente e tratados em centros especializados, obtendo uma boa qualidade de vida.<\/p>\n<p>Para divulgar o Setembro Dourado, a CONIACC preparou v\u00e1rias pe\u00e7as publicit\u00e1rias informando sobre os sinais e sintomas e alertando para o diagn\u00f3stico precoce. Este ano, a campanha mostra o depoimento de m\u00e3es de crian\u00e7as e adolescentes que tiveram c\u00e2ncer, mas que, gra\u00e7as ao diagn\u00f3stico precoce, alcan\u00e7aram a cura.<\/p>\n<p>\u201cA CONIACC e as institui\u00e7\u00f5es filiadas est\u00e3o realizando mais uma vez o Setembro Dourado, como forma de conscientizar a popula\u00e7\u00e3o e desenvolver em todo o Brasil a cultura de detectar precocemente os sinais e sintomas do c\u00e2ncer infantojuvenil. Esperamos contar com a colabora\u00e7\u00e3o, e mais que isso, com a mobiliza\u00e7\u00e3o de toda a sociedade no sentido de que o c\u00e2ncer infantojuvenil possa ser detectado o mais cedo poss\u00edvel e, assim, que seja alcan\u00e7ada a cura\u201d, afirmou Rilder Campos, presidente do CONIACC.<\/p>\n<p>&nbsp;<\/p>\n<p>Fonte: <a href=\"http:\/\/www.coniacc.org.br\/noticias\/ver\/553\">CONICACC<\/a> (Confedera\u00e7\u00e3o Nacional de Institui\u00e7\u00f5es de Apoio e Assist\u00eancia \u00e0 Crian\u00e7a e ao Adolescente com C\u00e2ncer)<br \/>\nPor: Zenaide Castro<\/p>\n<p>Todos direitos reservados aos respons\u00e1veis do site citado.<\/p>\n<p>Dispon\u00edvel em:\u00a0http:\/\/www.coniacc.org.br\/noticias\/ver\/553 | Acesso em: 02\/09\/2016 \u00e0s 17h22.<\/p>\n","protected":false},"excerpt":{"rendered":"<p>A partir do dia 1\u00ba de setembro, e durante todo o m\u00eas, ter\u00e1 in\u00edcio a campanha Setembro Dourado, criada para chamar a aten\u00e7\u00e3o, atrav\u00e9s de a\u00e7\u00f5es preventivas e educativas, para os sinais e sintomas do c\u00e2ncer infantojuvenil e a import\u00e2ncia do seu diagn\u00f3stico precoce. A iniciativa \u00e9 da Confedera\u00e7\u00e3o Nacional das Institui\u00e7\u00f5es de Apoio e [&hellip;]<\/p>\n","protected":false},"author":2,"featured_media":1545,"comment_status":"open","ping_status":"open","sticky":false,"template":"","format":"standard","meta":{"_acf_changed":false,"footnotes":""},"categories":[4],"tags":[],"class_list":["post-1543","post","type-post","status-publish","format-standard","has-post-thumbnail","hentry","category-noticias"],"acf":[],"yoast_head":"<!-- This site is optimized with the Yoast SEO plugin v25.2 - https:\/\/yoast.com\/wordpress\/plugins\/seo\/ -->\n<title>Setembro Dourado alerta para diagn\u00f3stico precoce do c\u00e2ncer infantojuvenil &#8226; Hospital S\u00e3o Francisco de Americana<\/title>\n<meta name=\"robots\" content=\"index, follow, max-snippet:-1, max-image-preview:large, max-video-preview:-1\" \/>\n<link rel=\"canonical\" href=\"https:\/\/hsfamericana.com.br\/index.php\/setembro-dourado-alerta-para-diagnostico-precoce-do-cancer-infantojuvenil\/\" \/>\n<meta property=\"og:locale\" content=\"pt_BR\" \/>\n<meta property=\"og:type\" content=\"article\" \/>\n<meta property=\"og:title\" content=\"Setembro Dourado alerta para diagn\u00f3stico precoce do c\u00e2ncer infantojuvenil &#8226; Hospital S\u00e3o Francisco de Americana\" \/>\n<meta property=\"og:description\" content=\"A partir do dia 1\u00ba de setembro, e durante todo o m\u00eas, ter\u00e1 in\u00edcio a campanha Setembro Dourado, criada para chamar a aten\u00e7\u00e3o, atrav\u00e9s de a\u00e7\u00f5es preventivas e educativas, para os sinais e sintomas do c\u00e2ncer infantojuvenil e a import\u00e2ncia do seu diagn\u00f3stico precoce. A iniciativa \u00e9 da Confedera\u00e7\u00e3o Nacional das Institui\u00e7\u00f5es de Apoio e [&hellip;]\" \/>\n<meta property=\"og:url\" content=\"https:\/\/hsfamericana.com.br\/index.php\/setembro-dourado-alerta-para-diagnostico-precoce-do-cancer-infantojuvenil\/\" \/>\n<meta property=\"og:site_name\" content=\"Hospital S\u00e3o Francisco de Americana\" \/>\n<meta property=\"article:published_time\" content=\"2016-09-02T20:30:22+00:00\" \/>\n<meta property=\"og:image\" content=\"https:\/\/hsfamericana.com.br\/wp-content\/uploads\/2016\/09\/shutterstock_203824372.jpg\" \/>\n\t<meta property=\"og:image:width\" content=\"336\" \/>\n\t<meta property=\"og:image:height\" content=\"336\" \/>\n\t<meta property=\"og:image:type\" content=\"image\/jpeg\" \/>\n<meta name=\"author\" content=\"HSF Americana\" \/>\n<meta name=\"twitter:label1\" content=\"Escrito por\" \/>\n\t<meta name=\"twitter:data1\" content=\"HSF Americana\" \/>\n\t<meta name=\"twitter:label2\" content=\"Est. tempo de leitura\" \/>\n\t<meta name=\"twitter:data2\" content=\"3 minutos\" \/>\n<script type=\"application\/ld+json\" class=\"yoast-schema-graph\">{\"@context\":\"https:\/\/schema.org\",\"@graph\":[{\"@type\":\"WebPage\",\"@id\":\"https:\/\/hsfamericana.com.br\/index.php\/setembro-dourado-alerta-para-diagnostico-precoce-do-cancer-infantojuvenil\/\",\"url\":\"https:\/\/hsfamericana.com.br\/index.php\/setembro-dourado-alerta-para-diagnostico-precoce-do-cancer-infantojuvenil\/\",\"name\":\"Setembro Dourado alerta para diagn\u00f3stico precoce do c\u00e2ncer infantojuvenil &#8226; Hospital S\u00e3o Francisco de Americana\",\"isPartOf\":{\"@id\":\"https:\/\/hsfamericana.com.br\/#website\"},\"primaryImageOfPage\":{\"@id\":\"https:\/\/hsfamericana.com.br\/index.php\/setembro-dourado-alerta-para-diagnostico-precoce-do-cancer-infantojuvenil\/#primaryimage\"},\"image\":{\"@id\":\"https:\/\/hsfamericana.com.br\/index.php\/setembro-dourado-alerta-para-diagnostico-precoce-do-cancer-infantojuvenil\/#primaryimage\"},\"thumbnailUrl\":\"https:\/\/hsfamericana.com.br\/wp-content\/uploads\/2016\/09\/shutterstock_203824372.jpg\",\"datePublished\":\"2016-09-02T20:30:22+00:00\",\"author\":{\"@id\":\"https:\/\/hsfamericana.com.br\/#\/schema\/person\/3b12fcdd81c4d645a927c9ba010d1551\"},\"breadcrumb\":{\"@id\":\"https:\/\/hsfamericana.com.br\/index.php\/setembro-dourado-alerta-para-diagnostico-precoce-do-cancer-infantojuvenil\/#breadcrumb\"},\"inLanguage\":\"pt-BR\",\"potentialAction\":[{\"@type\":\"ReadAction\",\"target\":[\"https:\/\/hsfamericana.com.br\/index.php\/setembro-dourado-alerta-para-diagnostico-precoce-do-cancer-infantojuvenil\/\"]}]},{\"@type\":\"ImageObject\",\"inLanguage\":\"pt-BR\",\"@id\":\"https:\/\/hsfamericana.com.br\/index.php\/setembro-dourado-alerta-para-diagnostico-precoce-do-cancer-infantojuvenil\/#primaryimage\",\"url\":\"https:\/\/hsfamericana.com.br\/wp-content\/uploads\/2016\/09\/shutterstock_203824372.jpg\",\"contentUrl\":\"https:\/\/hsfamericana.com.br\/wp-content\/uploads\/2016\/09\/shutterstock_203824372.jpg\",\"width\":336,\"height\":336},{\"@type\":\"BreadcrumbList\",\"@id\":\"https:\/\/hsfamericana.com.br\/index.php\/setembro-dourado-alerta-para-diagnostico-precoce-do-cancer-infantojuvenil\/#breadcrumb\",\"itemListElement\":[{\"@type\":\"ListItem\",\"position\":1,\"name\":\"In\u00edcio\",\"item\":\"https:\/\/hsfamericana.com.br\/\"},{\"@type\":\"ListItem\",\"position\":2,\"name\":\"Setembro Dourado alerta para diagn\u00f3stico precoce do c\u00e2ncer infantojuvenil\"}]},{\"@type\":\"WebSite\",\"@id\":\"https:\/\/hsfamericana.com.br\/#website\",\"url\":\"https:\/\/hsfamericana.com.br\/\",\"name\":\"Hospital S\u00e3o Francisco de Americana\",\"description\":\"O mais completo da regi\u00e3o de Campinas\",\"potentialAction\":[{\"@type\":\"SearchAction\",\"target\":{\"@type\":\"EntryPoint\",\"urlTemplate\":\"https:\/\/hsfamericana.com.br\/?s={search_term_string}\"},\"query-input\":{\"@type\":\"PropertyValueSpecification\",\"valueRequired\":true,\"valueName\":\"search_term_string\"}}],\"inLanguage\":\"pt-BR\"},{\"@type\":\"Person\",\"@id\":\"https:\/\/hsfamericana.com.br\/#\/schema\/person\/3b12fcdd81c4d645a927c9ba010d1551\",\"name\":\"HSF Americana\",\"image\":{\"@type\":\"ImageObject\",\"inLanguage\":\"pt-BR\",\"@id\":\"https:\/\/hsfamericana.com.br\/#\/schema\/person\/image\/\",\"url\":\"https:\/\/secure.gravatar.com\/avatar\/5166f96d8390f878591229db68525bd3f5c9f157e02efd0ba33755d400e0b4f1?s=96&d=mm&r=g\",\"contentUrl\":\"https:\/\/secure.gravatar.com\/avatar\/5166f96d8390f878591229db68525bd3f5c9f157e02efd0ba33755d400e0b4f1?s=96&d=mm&r=g\",\"caption\":\"HSF Americana\"},\"sameAs\":[\"https:\/\/www.hsfamericana.com.br\"],\"url\":\"https:\/\/hsfamericana.com.br\/index.php\/author\/nogueira\/\"}]}<\/script>\n<!-- \/ Yoast SEO plugin. -->","yoast_head_json":{"title":"Setembro Dourado alerta para diagn\u00f3stico precoce do c\u00e2ncer infantojuvenil &#8226; Hospital S\u00e3o Francisco de Americana","robots":{"index":"index","follow":"follow","max-snippet":"max-snippet:-1","max-image-preview":"max-image-preview:large","max-video-preview":"max-video-preview:-1"},"canonical":"https:\/\/hsfamericana.com.br\/index.php\/setembro-dourado-alerta-para-diagnostico-precoce-do-cancer-infantojuvenil\/","og_locale":"pt_BR","og_type":"article","og_title":"Setembro Dourado alerta para diagn\u00f3stico precoce do c\u00e2ncer infantojuvenil &#8226; Hospital S\u00e3o Francisco de Americana","og_description":"A partir do dia 1\u00ba de setembro, e durante todo o m\u00eas, ter\u00e1 in\u00edcio a campanha Setembro Dourado, criada para chamar a aten\u00e7\u00e3o, atrav\u00e9s de a\u00e7\u00f5es preventivas e educativas, para os sinais e sintomas do c\u00e2ncer infantojuvenil e a import\u00e2ncia do seu diagn\u00f3stico precoce. A iniciativa \u00e9 da Confedera\u00e7\u00e3o Nacional das Institui\u00e7\u00f5es de Apoio e [&hellip;]","og_url":"https:\/\/hsfamericana.com.br\/index.php\/setembro-dourado-alerta-para-diagnostico-precoce-do-cancer-infantojuvenil\/","og_site_name":"Hospital S\u00e3o Francisco de Americana","article_published_time":"2016-09-02T20:30:22+00:00","og_image":[{"width":336,"height":336,"url":"https:\/\/hsfamericana.com.br\/wp-content\/uploads\/2016\/09\/shutterstock_203824372.jpg","type":"image\/jpeg"}],"author":"HSF Americana","twitter_misc":{"Escrito por":"HSF Americana","Est. tempo de leitura":"3 minutos"},"schema":{"@context":"https:\/\/schema.org","@graph":[{"@type":"WebPage","@id":"https:\/\/hsfamericana.com.br\/index.php\/setembro-dourado-alerta-para-diagnostico-precoce-do-cancer-infantojuvenil\/","url":"https:\/\/hsfamericana.com.br\/index.php\/setembro-dourado-alerta-para-diagnostico-precoce-do-cancer-infantojuvenil\/","name":"Setembro Dourado alerta para diagn\u00f3stico precoce do c\u00e2ncer infantojuvenil &#8226; Hospital S\u00e3o Francisco de Americana","isPartOf":{"@id":"https:\/\/hsfamericana.com.br\/#website"},"primaryImageOfPage":{"@id":"https:\/\/hsfamericana.com.br\/index.php\/setembro-dourado-alerta-para-diagnostico-precoce-do-cancer-infantojuvenil\/#primaryimage"},"image":{"@id":"https:\/\/hsfamericana.com.br\/index.php\/setembro-dourado-alerta-para-diagnostico-precoce-do-cancer-infantojuvenil\/#primaryimage"},"thumbnailUrl":"https:\/\/hsfamericana.com.br\/wp-content\/uploads\/2016\/09\/shutterstock_203824372.jpg","datePublished":"2016-09-02T20:30:22+00:00","author":{"@id":"https:\/\/hsfamericana.com.br\/#\/schema\/person\/3b12fcdd81c4d645a927c9ba010d1551"},"breadcrumb":{"@id":"https:\/\/hsfamericana.com.br\/index.php\/setembro-dourado-alerta-para-diagnostico-precoce-do-cancer-infantojuvenil\/#breadcrumb"},"inLanguage":"pt-BR","potentialAction":[{"@type":"ReadAction","target":["https:\/\/hsfamericana.com.br\/index.php\/setembro-dourado-alerta-para-diagnostico-precoce-do-cancer-infantojuvenil\/"]}]},{"@type":"ImageObject","inLanguage":"pt-BR","@id":"https:\/\/hsfamericana.com.br\/index.php\/setembro-dourado-alerta-para-diagnostico-precoce-do-cancer-infantojuvenil\/#primaryimage","url":"https:\/\/hsfamericana.com.br\/wp-content\/uploads\/2016\/09\/shutterstock_203824372.jpg","contentUrl":"https:\/\/hsfamericana.com.br\/wp-content\/uploads\/2016\/09\/shutterstock_203824372.jpg","width":336,"height":336},{"@type":"BreadcrumbList","@id":"https:\/\/hsfamericana.com.br\/index.php\/setembro-dourado-alerta-para-diagnostico-precoce-do-cancer-infantojuvenil\/#breadcrumb","itemListElement":[{"@type":"ListItem","position":1,"name":"In\u00edcio","item":"https:\/\/hsfamericana.com.br\/"},{"@type":"ListItem","position":2,"name":"Setembro Dourado alerta para diagn\u00f3stico precoce do c\u00e2ncer infantojuvenil"}]},{"@type":"WebSite","@id":"https:\/\/hsfamericana.com.br\/#website","url":"https:\/\/hsfamericana.com.br\/","name":"Hospital S\u00e3o Francisco de Americana","description":"O mais completo da regi\u00e3o de Campinas","potentialAction":[{"@type":"SearchAction","target":{"@type":"EntryPoint","urlTemplate":"https:\/\/hsfamericana.com.br\/?s={search_term_string}"},"query-input":{"@type":"PropertyValueSpecification","valueRequired":true,"valueName":"search_term_string"}}],"inLanguage":"pt-BR"},{"@type":"Person","@id":"https:\/\/hsfamericana.com.br\/#\/schema\/person\/3b12fcdd81c4d645a927c9ba010d1551","name":"HSF Americana","image":{"@type":"ImageObject","inLanguage":"pt-BR","@id":"https:\/\/hsfamericana.com.br\/#\/schema\/person\/image\/","url":"https:\/\/secure.gravatar.com\/avatar\/5166f96d8390f878591229db68525bd3f5c9f157e02efd0ba33755d400e0b4f1?s=96&d=mm&r=g","contentUrl":"https:\/\/secure.gravatar.com\/avatar\/5166f96d8390f878591229db68525bd3f5c9f157e02efd0ba33755d400e0b4f1?s=96&d=mm&r=g","caption":"HSF Americana"},"sameAs":["https:\/\/www.hsfamericana.com.br"],"url":"https:\/\/hsfamericana.com.br\/index.php\/author\/nogueira\/"}]}},"_links":{"self":[{"href":"https:\/\/hsfamericana.com.br\/index.php\/wp-json\/wp\/v2\/posts\/1543","targetHints":{"allow":["GET"]}}],"collection":[{"href":"https:\/\/hsfamericana.com.br\/index.php\/wp-json\/wp\/v2\/posts"}],"about":[{"href":"https:\/\/hsfamericana.com.br\/index.php\/wp-json\/wp\/v2\/types\/post"}],"author":[{"embeddable":true,"href":"https:\/\/hsfamericana.com.br\/index.php\/wp-json\/wp\/v2\/users\/2"}],"replies":[{"embeddable":true,"href":"https:\/\/hsfamericana.com.br\/index.php\/wp-json\/wp\/v2\/comments?post=1543"}],"version-history":[{"count":1,"href":"https:\/\/hsfamericana.com.br\/index.php\/wp-json\/wp\/v2\/posts\/1543\/revisions"}],"predecessor-version":[{"id":1546,"href":"https:\/\/hsfamericana.com.br\/index.php\/wp-json\/wp\/v2\/posts\/1543\/revisions\/1546"}],"wp:featuredmedia":[{"embeddable":true,"href":"https:\/\/hsfamericana.com.br\/index.php\/wp-json\/wp\/v2\/media\/1545"}],"wp:attachment":[{"href":"https:\/\/hsfamericana.com.br\/index.php\/wp-json\/wp\/v2\/media?parent=1543"}],"wp:term":[{"taxonomy":"category","embeddable":true,"href":"https:\/\/hsfamericana.com.br\/index.php\/wp-json\/wp\/v2\/categories?post=1543"},{"taxonomy":"post_tag","embeddable":true,"href":"https:\/\/hsfamericana.com.br\/index.php\/wp-json\/wp\/v2\/tags?post=1543"}],"curies":[{"name":"wp","href":"https:\/\/api.w.org\/{rel}","templated":true}]}}