{"id":1612,"date":"2017-02-01T14:19:32","date_gmt":"2017-02-01T14:19:32","guid":{"rendered":"http:\/\/www.hsfamericana.com.br\/?p=1612"},"modified":"2024-10-09T15:32:39","modified_gmt":"2024-10-09T15:32:39","slug":"em-10-anos-o-numero-de-novos-casos-de-hanseniase-cai-34","status":"publish","type":"post","link":"https:\/\/hsfamericana.com.br\/index.php\/em-10-anos-o-numero-de-novos-casos-de-hanseniase-cai-34\/","title":{"rendered":"Em 10 anos, o n\u00famero de novos casos de Hansen\u00edase cai 34%"},"content":{"rendered":"<p>&nbsp;<\/p>\n<p>&nbsp;<\/p>\n<p>&nbsp;<\/p>\n<h4>No Dia Mundial de Luta contra Hansen\u00edase, celebrado em 31 de janeiro, novos dados divulgados pelo Minist\u00e9rio da Sa\u00fade apontam redu\u00e7\u00e3o de 34,1% no n\u00famero de casos novos diagnosticados no Brasil, passando de 43.652, em 2006, para 28.761 no ano de 2015.<\/h4>\n<p>Essa redu\u00e7\u00e3o est\u00e1 associada \u00e0 queda de 39,7% da taxa de detec\u00e7\u00e3o geral do pa\u00eds, que passou de 23,37 por 100 mil habitantes, em 2006, para 14,07\/100 mil habitantes em 2015. A redu\u00e7\u00e3o \u00e9 resultado das a\u00e7\u00f5es implantadas no pa\u00eds para o enfrentamento da doen\u00e7a, com foco na busca ativa de casos novos para o diagn\u00f3stico na fase inicial; tratamento oportuno e cura, bem como a preven\u00e7\u00e3o de incapacidades e deformidades f\u00edsicas, principal causa do estigma e preconceito associados \u00e0 doen\u00e7a.<\/p>\n<p>Em menores de 15 anos, o n\u00famero de casos novos da doen\u00e7a diagnosticados em 2015 foi de 2.113, sinalizando, assim, focos<br \/>\n de infec\u00e7\u00e3o ativos e transmiss\u00e3o recente. Contudo, a taxa de detec\u00e7\u00e3o geral nessa parcela da popula\u00e7\u00e3o apresentou uma redu\u00e7\u00e3o acumulada de 28,2% na \u00faltima d\u00e9cada, passando de 6,22 por 100 mil habitantes em 2006, para 4,46 por 100 mil habitantes em 2015.<\/p>\n<p>O n\u00famero de pacientes em tratamento no pa\u00eds tamb\u00e9m caiu, passou de 26,3 mil pacientes em 2006 para 20,7 mil em 2015,<br \/>\n demonstrando uma queda de 21,3%. \u201cA busca ativa de casos e exame dos contatos proporciona a redu\u00e7\u00e3o na cadeia de transmiss\u00e3o. Identificando precocemente o doente, \u00e9 poss\u00edvel iniciar o tratamento, diminuir a contamina\u00e7\u00e3o de pessoas sadias e avan\u00e7ar no processo de elimina\u00e7\u00e3o da doen\u00e7a, que \u00e9 um problema de sa\u00fade p\u00fablica no Brasil\u201d, explica a Coordenadora-Geral de Hansen\u00edase e doen\u00e7as em elimina\u00e7\u00e3o, Carmelita Ribeiro Filha.<\/p>\n<p><strong>BUSCA ATIVA EM CRIAN\u00c7AS<\/strong> \u2013 O Minist\u00e9rio tem intensificado a busca ativa de casos em crian\u00e7as, a fim de diagnosticar e iniciar o tratamento contra a doen\u00e7a o mais cedo poss\u00edvel, reduzindo a transmiss\u00e3o e as incapacidades decorrentes do diagn\u00f3stico tardio.<\/p>\n<p>Para isso, deste 2013, realiza, nas escolas a Campanha Nacional de Hansen\u00edase, Geo-helmint\u00edases e Tracoma, para identificar<br \/>\n casos suspeitos de hansen\u00edase, tratamento coletivo para geo- helmint\u00edases e detec\u00e7\u00e3o e tratamento de casos de tracoma nos escolares e seus contatos domiciliares. A quarta edi\u00e7\u00e3o da Campanha iniciou em agosto de 2016 e ser\u00e1 realizada at\u00e9 o dia 17<br \/>\n de abril deste ano.<\/p>\n<p>Na terceira edi\u00e7\u00e3o, realizada em 2015, participaram 2.292 munic\u00edpios, totalizando um aumento de 269% em rela\u00e7\u00e3o ao<br \/>\n primeiro ano da Campanha (852 mun\/2013). Nas tr\u00eas primeiras edi\u00e7\u00f5es da Campanha, cerca de 16 milh\u00f5es de escolares receberam a ficha de autoimagem. Destes, 1,3 milh\u00f5es foram examinados para hansen\u00edase e 917 tiveram diagn\u00f3stico confirmado, al\u00e9m de 121 casos novos entre os contatos. A quarta edi\u00e7\u00e3o da Campanha, iniciada em agosto de 2016, ser\u00e1 realizada at\u00e9 17 de abril deste ano. At\u00e9 o momento, 431.436 escolares foram examinados para hansen\u00edase e 58 casos novos diagnosticados.<\/p>\n<p><strong>DIA MUNDIAL DE LUTA<\/strong> \u2013 O Minist\u00e9rio da Sa\u00fade tem promovido, em parcerias com estados e munic\u00edpios, a\u00e7\u00f5es de educa\u00e7\u00e3o em sa\u00fade para alertar a popula\u00e7\u00e3o sobre os sinais e sintomas da doen\u00e7a, incentivando a procura pelos servi\u00e7os de sa\u00fade.<\/p>\n<p>Tamb\u00e9m h\u00e1 uma mobiliza\u00e7\u00e3o de profissionais de sa\u00fade \u00e0 busca ativa de casos novos de hansen\u00edase com foco para o diagn\u00f3stico precoce da doen\u00e7a, exame dos contatos e a preven\u00e7\u00e3o das incapacidades e deformidades f\u00edsicas.<\/p>\n<p>Ainda para marcar a data de luta contra a doen\u00e7a, o edif\u00edcio sede do Minist\u00e9rio da Sa\u00fade receber\u00e1 proje\u00e7\u00e3o de luz na cor<br \/>\n roxa, entre os dias 31 de janeiro h\u00e1 28 de fevereiro.<\/p>\n<p><strong>DETEC\u00c7\u00c3O E TRATAMENTO<\/strong> \u2013 A Hansen\u00edase \u00e9 uma doen\u00e7a cr\u00f4nica, transmiss\u00edvel, de notifica\u00e7\u00e3o e investiga\u00e7\u00e3o compuls\u00f3ria,<br \/>\n causada pela bact\u00e9ria Mycobacterium leprae, capaz de infectar grande n\u00famero de pessoas.<\/p>\n<p>A transmiss\u00e3o se d\u00e1 de uma pessoa doente sem tratamento para outra, ap\u00f3s um contato pr\u00f3ximo e prolongado, especialmente os de conviv\u00eancia domiciliar. A doen\u00e7a, que atinge pele e nervos tem cura. Se n\u00e3o diagnosticada e tratada precocemente, pode causar incapacidades e deformidades f\u00edsicas.<\/p>\n<p>Por isso, a recomenda\u00e7\u00e3o do Minist\u00e9rio da Sa\u00fade \u00e9 que as pessoas procurem o servi\u00e7o de sa\u00fade ao aparecimento de manchas em qualquer parte do corpo, principalmente se essa mancha apresentar altera\u00e7\u00e3o de sensibilidade ao calor e ao toque,<br \/>\n configurando como um dos sinais e sintomas sugestivos da doen\u00e7a.<\/p>\n<p>O tratamento ofertado pelo SUS nas unidades p\u00fablicas de sa\u00fade de todo o pa\u00eds \u00e9 feito por via oral, com a Poliquimioterapia (PQT), uma associa\u00e7\u00e3o de tr\u00eas antibi\u00f3ticos. O esquema de tratamento depende da classifica\u00e7\u00e3o da doen\u00e7a: Paucibacilar (PB) com seis doses em at\u00e9 nove meses, ou Multibacilar (MB), com 12 doses em at\u00e9 18 meses. Al\u00e9m do exame dermatol\u00f3gico, os pacientes dever\u00e3o ser submetidos a uma avalia\u00e7\u00e3o neurol\u00f3gica simplificada, orientados quanto aos cuidados com olhos, m\u00e3os e p\u00e9s para preven\u00e7\u00e3o de incapacidades.<\/p>\n<p>&nbsp;<\/p>\n<p><strong>Fonte<\/strong>: <a href=\"http:\/\/portalsaude.saude.gov.br\/index.php\/cidadao\/principal\/agencia-saude\/27484-em-10-anos-o-numero-de-novos-casos-de-hanseniase-cai-34\">Minist\u00e9rio da Sa\u00fade <\/a><br \/>\n <strong>Por<\/strong>: Ana Cl\u00e1udia e Nivaldo Coelho<\/p>\n<p><em><strong>Todos direitos reservados aos respons\u00e1veis do site citado.<\/strong><\/em><\/p>\n<p><strong>Dispon\u00edvel em<\/strong>:<br \/>\n http:\/\/portalsaude.saude.gov.br\/index.php\/cidadao\/principal\/agencia-saude\/27484-em-10-anos-o-numero-de-novos-casos-de-hanseniase-cai-34 | <strong>Acesso em<\/strong>: 01\/02\/2017 \u00e0s 11h53.<\/p>\n","protected":false},"excerpt":{"rendered":"<p>&nbsp; &nbsp; &nbsp; No Dia Mundial de Luta contra Hansen\u00edase, celebrado em 31 de janeiro, novos dados divulgados pelo Minist\u00e9rio da Sa\u00fade apontam redu\u00e7\u00e3o de 34,1% no n\u00famero de casos novos diagnosticados no Brasil, passando de 43.652, em 2006, para 28.761 no ano de 2015. Essa redu\u00e7\u00e3o est\u00e1 associada \u00e0 queda de 39,7% da taxa [&hellip;]<\/p>\n","protected":false},"author":2,"featured_media":1613,"comment_status":"open","ping_status":"open","sticky":false,"template":"","format":"standard","meta":{"_acf_changed":false,"footnotes":""},"categories":[4],"tags":[],"class_list":["post-1612","post","type-post","status-publish","format-standard","has-post-thumbnail","hentry","category-noticias"],"acf":[],"yoast_head":"<!-- This site is optimized with the Yoast SEO plugin v25.2 - https:\/\/yoast.com\/wordpress\/plugins\/seo\/ -->\n<title>Em 10 anos, o n\u00famero de novos casos de Hansen\u00edase cai 34% &#8226; Hospital S\u00e3o Francisco de Americana<\/title>\n<meta name=\"robots\" content=\"index, follow, max-snippet:-1, max-image-preview:large, max-video-preview:-1\" \/>\n<link rel=\"canonical\" href=\"https:\/\/hsfamericana.com.br\/index.php\/em-10-anos-o-numero-de-novos-casos-de-hanseniase-cai-34\/\" \/>\n<meta property=\"og:locale\" content=\"pt_BR\" \/>\n<meta property=\"og:type\" content=\"article\" \/>\n<meta property=\"og:title\" content=\"Em 10 anos, o n\u00famero de novos casos de Hansen\u00edase cai 34% &#8226; Hospital S\u00e3o Francisco de Americana\" \/>\n<meta property=\"og:description\" content=\"&nbsp; &nbsp; &nbsp; No Dia Mundial de Luta contra Hansen\u00edase, celebrado em 31 de janeiro, novos dados divulgados pelo Minist\u00e9rio da Sa\u00fade apontam redu\u00e7\u00e3o de 34,1% no n\u00famero de casos novos diagnosticados no Brasil, passando de 43.652, em 2006, para 28.761 no ano de 2015. Essa redu\u00e7\u00e3o est\u00e1 associada \u00e0 queda de 39,7% da taxa [&hellip;]\" \/>\n<meta property=\"og:url\" content=\"https:\/\/hsfamericana.com.br\/index.php\/em-10-anos-o-numero-de-novos-casos-de-hanseniase-cai-34\/\" \/>\n<meta property=\"og:site_name\" content=\"Hospital S\u00e3o Francisco de Americana\" \/>\n<meta property=\"article:published_time\" content=\"2017-02-01T14:19:32+00:00\" \/>\n<meta property=\"article:modified_time\" content=\"2024-10-09T15:32:39+00:00\" \/>\n<meta property=\"og:image\" content=\"https:\/\/hsfamericana.com.br\/wp-content\/uploads\/2017\/02\/shutterstock_113775325-e1486551533139.jpg\" \/>\n\t<meta property=\"og:image:width\" content=\"3071\" \/>\n\t<meta property=\"og:image:height\" content=\"1300\" \/>\n\t<meta property=\"og:image:type\" content=\"image\/jpeg\" \/>\n<meta name=\"author\" content=\"HSF Americana\" \/>\n<meta name=\"twitter:label1\" content=\"Escrito por\" \/>\n\t<meta name=\"twitter:data1\" content=\"HSF Americana\" \/>\n\t<meta name=\"twitter:label2\" content=\"Est. tempo de leitura\" \/>\n\t<meta name=\"twitter:data2\" content=\"4 minutos\" \/>\n<script type=\"application\/ld+json\" class=\"yoast-schema-graph\">{\"@context\":\"https:\/\/schema.org\",\"@graph\":[{\"@type\":\"WebPage\",\"@id\":\"https:\/\/hsfamericana.com.br\/index.php\/em-10-anos-o-numero-de-novos-casos-de-hanseniase-cai-34\/\",\"url\":\"https:\/\/hsfamericana.com.br\/index.php\/em-10-anos-o-numero-de-novos-casos-de-hanseniase-cai-34\/\",\"name\":\"Em 10 anos, o n\u00famero de novos casos de Hansen\u00edase cai 34% &#8226; Hospital S\u00e3o Francisco de Americana\",\"isPartOf\":{\"@id\":\"https:\/\/hsfamericana.com.br\/#website\"},\"primaryImageOfPage\":{\"@id\":\"https:\/\/hsfamericana.com.br\/index.php\/em-10-anos-o-numero-de-novos-casos-de-hanseniase-cai-34\/#primaryimage\"},\"image\":{\"@id\":\"https:\/\/hsfamericana.com.br\/index.php\/em-10-anos-o-numero-de-novos-casos-de-hanseniase-cai-34\/#primaryimage\"},\"thumbnailUrl\":\"https:\/\/hsfamericana.com.br\/wp-content\/uploads\/2017\/02\/shutterstock_113775325-e1486551533139.jpg\",\"datePublished\":\"2017-02-01T14:19:32+00:00\",\"dateModified\":\"2024-10-09T15:32:39+00:00\",\"author\":{\"@id\":\"https:\/\/hsfamericana.com.br\/#\/schema\/person\/3b12fcdd81c4d645a927c9ba010d1551\"},\"breadcrumb\":{\"@id\":\"https:\/\/hsfamericana.com.br\/index.php\/em-10-anos-o-numero-de-novos-casos-de-hanseniase-cai-34\/#breadcrumb\"},\"inLanguage\":\"pt-BR\",\"potentialAction\":[{\"@type\":\"ReadAction\",\"target\":[\"https:\/\/hsfamericana.com.br\/index.php\/em-10-anos-o-numero-de-novos-casos-de-hanseniase-cai-34\/\"]}]},{\"@type\":\"ImageObject\",\"inLanguage\":\"pt-BR\",\"@id\":\"https:\/\/hsfamericana.com.br\/index.php\/em-10-anos-o-numero-de-novos-casos-de-hanseniase-cai-34\/#primaryimage\",\"url\":\"https:\/\/hsfamericana.com.br\/wp-content\/uploads\/2017\/02\/shutterstock_113775325-e1486551533139.jpg\",\"contentUrl\":\"https:\/\/hsfamericana.com.br\/wp-content\/uploads\/2017\/02\/shutterstock_113775325-e1486551533139.jpg\",\"width\":3071,\"height\":1300},{\"@type\":\"BreadcrumbList\",\"@id\":\"https:\/\/hsfamericana.com.br\/index.php\/em-10-anos-o-numero-de-novos-casos-de-hanseniase-cai-34\/#breadcrumb\",\"itemListElement\":[{\"@type\":\"ListItem\",\"position\":1,\"name\":\"In\u00edcio\",\"item\":\"https:\/\/hsfamericana.com.br\/\"},{\"@type\":\"ListItem\",\"position\":2,\"name\":\"Em 10 anos, o n\u00famero de novos casos de Hansen\u00edase cai 34%\"}]},{\"@type\":\"WebSite\",\"@id\":\"https:\/\/hsfamericana.com.br\/#website\",\"url\":\"https:\/\/hsfamericana.com.br\/\",\"name\":\"Hospital S\u00e3o Francisco de Americana\",\"description\":\"O mais completo da regi\u00e3o de Campinas\",\"potentialAction\":[{\"@type\":\"SearchAction\",\"target\":{\"@type\":\"EntryPoint\",\"urlTemplate\":\"https:\/\/hsfamericana.com.br\/?s={search_term_string}\"},\"query-input\":{\"@type\":\"PropertyValueSpecification\",\"valueRequired\":true,\"valueName\":\"search_term_string\"}}],\"inLanguage\":\"pt-BR\"},{\"@type\":\"Person\",\"@id\":\"https:\/\/hsfamericana.com.br\/#\/schema\/person\/3b12fcdd81c4d645a927c9ba010d1551\",\"name\":\"HSF Americana\",\"image\":{\"@type\":\"ImageObject\",\"inLanguage\":\"pt-BR\",\"@id\":\"https:\/\/hsfamericana.com.br\/#\/schema\/person\/image\/\",\"url\":\"https:\/\/secure.gravatar.com\/avatar\/5166f96d8390f878591229db68525bd3f5c9f157e02efd0ba33755d400e0b4f1?s=96&d=mm&r=g\",\"contentUrl\":\"https:\/\/secure.gravatar.com\/avatar\/5166f96d8390f878591229db68525bd3f5c9f157e02efd0ba33755d400e0b4f1?s=96&d=mm&r=g\",\"caption\":\"HSF Americana\"},\"sameAs\":[\"https:\/\/www.hsfamericana.com.br\"],\"url\":\"https:\/\/hsfamericana.com.br\/index.php\/author\/nogueira\/\"}]}<\/script>\n<!-- \/ Yoast SEO plugin. -->","yoast_head_json":{"title":"Em 10 anos, o n\u00famero de novos casos de Hansen\u00edase cai 34% &#8226; Hospital S\u00e3o Francisco de Americana","robots":{"index":"index","follow":"follow","max-snippet":"max-snippet:-1","max-image-preview":"max-image-preview:large","max-video-preview":"max-video-preview:-1"},"canonical":"https:\/\/hsfamericana.com.br\/index.php\/em-10-anos-o-numero-de-novos-casos-de-hanseniase-cai-34\/","og_locale":"pt_BR","og_type":"article","og_title":"Em 10 anos, o n\u00famero de novos casos de Hansen\u00edase cai 34% &#8226; Hospital S\u00e3o Francisco de Americana","og_description":"&nbsp; &nbsp; &nbsp; No Dia Mundial de Luta contra Hansen\u00edase, celebrado em 31 de janeiro, novos dados divulgados pelo Minist\u00e9rio da Sa\u00fade apontam redu\u00e7\u00e3o de 34,1% no n\u00famero de casos novos diagnosticados no Brasil, passando de 43.652, em 2006, para 28.761 no ano de 2015. Essa redu\u00e7\u00e3o est\u00e1 associada \u00e0 queda de 39,7% da taxa [&hellip;]","og_url":"https:\/\/hsfamericana.com.br\/index.php\/em-10-anos-o-numero-de-novos-casos-de-hanseniase-cai-34\/","og_site_name":"Hospital S\u00e3o Francisco de Americana","article_published_time":"2017-02-01T14:19:32+00:00","article_modified_time":"2024-10-09T15:32:39+00:00","og_image":[{"width":3071,"height":1300,"url":"https:\/\/hsfamericana.com.br\/wp-content\/uploads\/2017\/02\/shutterstock_113775325-e1486551533139.jpg","type":"image\/jpeg"}],"author":"HSF Americana","twitter_misc":{"Escrito por":"HSF Americana","Est. tempo de leitura":"4 minutos"},"schema":{"@context":"https:\/\/schema.org","@graph":[{"@type":"WebPage","@id":"https:\/\/hsfamericana.com.br\/index.php\/em-10-anos-o-numero-de-novos-casos-de-hanseniase-cai-34\/","url":"https:\/\/hsfamericana.com.br\/index.php\/em-10-anos-o-numero-de-novos-casos-de-hanseniase-cai-34\/","name":"Em 10 anos, o n\u00famero de novos casos de Hansen\u00edase cai 34% &#8226; Hospital S\u00e3o Francisco de Americana","isPartOf":{"@id":"https:\/\/hsfamericana.com.br\/#website"},"primaryImageOfPage":{"@id":"https:\/\/hsfamericana.com.br\/index.php\/em-10-anos-o-numero-de-novos-casos-de-hanseniase-cai-34\/#primaryimage"},"image":{"@id":"https:\/\/hsfamericana.com.br\/index.php\/em-10-anos-o-numero-de-novos-casos-de-hanseniase-cai-34\/#primaryimage"},"thumbnailUrl":"https:\/\/hsfamericana.com.br\/wp-content\/uploads\/2017\/02\/shutterstock_113775325-e1486551533139.jpg","datePublished":"2017-02-01T14:19:32+00:00","dateModified":"2024-10-09T15:32:39+00:00","author":{"@id":"https:\/\/hsfamericana.com.br\/#\/schema\/person\/3b12fcdd81c4d645a927c9ba010d1551"},"breadcrumb":{"@id":"https:\/\/hsfamericana.com.br\/index.php\/em-10-anos-o-numero-de-novos-casos-de-hanseniase-cai-34\/#breadcrumb"},"inLanguage":"pt-BR","potentialAction":[{"@type":"ReadAction","target":["https:\/\/hsfamericana.com.br\/index.php\/em-10-anos-o-numero-de-novos-casos-de-hanseniase-cai-34\/"]}]},{"@type":"ImageObject","inLanguage":"pt-BR","@id":"https:\/\/hsfamericana.com.br\/index.php\/em-10-anos-o-numero-de-novos-casos-de-hanseniase-cai-34\/#primaryimage","url":"https:\/\/hsfamericana.com.br\/wp-content\/uploads\/2017\/02\/shutterstock_113775325-e1486551533139.jpg","contentUrl":"https:\/\/hsfamericana.com.br\/wp-content\/uploads\/2017\/02\/shutterstock_113775325-e1486551533139.jpg","width":3071,"height":1300},{"@type":"BreadcrumbList","@id":"https:\/\/hsfamericana.com.br\/index.php\/em-10-anos-o-numero-de-novos-casos-de-hanseniase-cai-34\/#breadcrumb","itemListElement":[{"@type":"ListItem","position":1,"name":"In\u00edcio","item":"https:\/\/hsfamericana.com.br\/"},{"@type":"ListItem","position":2,"name":"Em 10 anos, o n\u00famero de novos casos de Hansen\u00edase cai 34%"}]},{"@type":"WebSite","@id":"https:\/\/hsfamericana.com.br\/#website","url":"https:\/\/hsfamericana.com.br\/","name":"Hospital S\u00e3o Francisco de Americana","description":"O mais completo da regi\u00e3o de Campinas","potentialAction":[{"@type":"SearchAction","target":{"@type":"EntryPoint","urlTemplate":"https:\/\/hsfamericana.com.br\/?s={search_term_string}"},"query-input":{"@type":"PropertyValueSpecification","valueRequired":true,"valueName":"search_term_string"}}],"inLanguage":"pt-BR"},{"@type":"Person","@id":"https:\/\/hsfamericana.com.br\/#\/schema\/person\/3b12fcdd81c4d645a927c9ba010d1551","name":"HSF Americana","image":{"@type":"ImageObject","inLanguage":"pt-BR","@id":"https:\/\/hsfamericana.com.br\/#\/schema\/person\/image\/","url":"https:\/\/secure.gravatar.com\/avatar\/5166f96d8390f878591229db68525bd3f5c9f157e02efd0ba33755d400e0b4f1?s=96&d=mm&r=g","contentUrl":"https:\/\/secure.gravatar.com\/avatar\/5166f96d8390f878591229db68525bd3f5c9f157e02efd0ba33755d400e0b4f1?s=96&d=mm&r=g","caption":"HSF Americana"},"sameAs":["https:\/\/www.hsfamericana.com.br"],"url":"https:\/\/hsfamericana.com.br\/index.php\/author\/nogueira\/"}]}},"_links":{"self":[{"href":"https:\/\/hsfamericana.com.br\/index.php\/wp-json\/wp\/v2\/posts\/1612","targetHints":{"allow":["GET"]}}],"collection":[{"href":"https:\/\/hsfamericana.com.br\/index.php\/wp-json\/wp\/v2\/posts"}],"about":[{"href":"https:\/\/hsfamericana.com.br\/index.php\/wp-json\/wp\/v2\/types\/post"}],"author":[{"embeddable":true,"href":"https:\/\/hsfamericana.com.br\/index.php\/wp-json\/wp\/v2\/users\/2"}],"replies":[{"embeddable":true,"href":"https:\/\/hsfamericana.com.br\/index.php\/wp-json\/wp\/v2\/comments?post=1612"}],"version-history":[{"count":32,"href":"https:\/\/hsfamericana.com.br\/index.php\/wp-json\/wp\/v2\/posts\/1612\/revisions"}],"predecessor-version":[{"id":5478,"href":"https:\/\/hsfamericana.com.br\/index.php\/wp-json\/wp\/v2\/posts\/1612\/revisions\/5478"}],"wp:featuredmedia":[{"embeddable":true,"href":"https:\/\/hsfamericana.com.br\/index.php\/wp-json\/wp\/v2\/media\/1613"}],"wp:attachment":[{"href":"https:\/\/hsfamericana.com.br\/index.php\/wp-json\/wp\/v2\/media?parent=1612"}],"wp:term":[{"taxonomy":"category","embeddable":true,"href":"https:\/\/hsfamericana.com.br\/index.php\/wp-json\/wp\/v2\/categories?post=1612"},{"taxonomy":"post_tag","embeddable":true,"href":"https:\/\/hsfamericana.com.br\/index.php\/wp-json\/wp\/v2\/tags?post=1612"}],"curies":[{"name":"wp","href":"https:\/\/api.w.org\/{rel}","templated":true}]}}