{"id":1789,"date":"2017-07-04T12:18:13","date_gmt":"2017-07-04T12:18:13","guid":{"rendered":"http:\/\/www.hsfamericana.com.br\/?p=1789"},"modified":"2024-10-09T15:35:19","modified_gmt":"2024-10-09T15:35:19","slug":"a-importancia-da-vacinacao-contra-a-gripe","status":"publish","type":"post","link":"https:\/\/hsfamericana.com.br\/index.php\/a-importancia-da-vacinacao-contra-a-gripe\/","title":{"rendered":"A import\u00e2ncia da vacina\u00e7\u00e3o contra a gripe"},"content":{"rendered":"<p>Com a chegada do tempo frio e seco o n\u00famero de gripes e resfriados aumenta consideravelmente. No Brasil, anualmente \u00e9 feita a Campanha Nacional de Vacina\u00e7\u00e3o promovido pelo Minist\u00e9rio da Sa\u00fade que em 2017 antecipou a libera\u00e7\u00e3o para os chamados grupos de risco.<br \/>\n <!--more--><\/p>\n<p>No per\u00edodo de 3 a 30 de junho de 2017 foram vacinadas as pessoas pertencentes ao grupo\u00a0de risco que receberam a vacina gratuitamente pelo SUS nos Postos de Sa\u00fade. Pertence a esse grupo: crian\u00e7as de 6 meses a 5 anos, gestantes, mulheres que est\u00e3o no per\u00edodo de at\u00e9 45 dias ap\u00f3s o parto, idosos, profissionais da sa\u00fade, povos ind\u00edgenas, presos e funcion\u00e1rios do sistema prisional, portadores de doen\u00e7as cr\u00f4nicas e outras doen\u00e7as que comprometem a imunidade e professores de escolas p\u00fablicas ou privadas.<\/p>\n<p>Em Americana, a partir de julho foram liberadas as vacinas para a popula\u00e7\u00e3o em geral. A imuniza\u00e7\u00e3o contra o v\u00edrus Influenza \u00e9 extremamente importante, pois evita uma s\u00e9rie de complica\u00e7\u00f5es como pneumonias e doen\u00e7as cardiol\u00f3gicas, al\u00e9m de diminuir a circula\u00e7\u00e3o do agente infectuoso, evitando a transmiss\u00e3o da doen\u00e7a.<\/p>\n<p>Em 2017, a imuniza\u00e7\u00e3o protege contra os tr\u00eas sorotipos do v\u00edrus da gripe determinados pela Organiza\u00e7\u00e3o Mundial da Sa\u00fade (OMS): H1N1, H3N2 e Influenza B. Lembrando que a vacina \u00e9 aplicada anualmente, pois todo ano a Ag\u00eancia Nacional de Vigil\u00e2ncia Sanit\u00e1ria (Anvisa) aprova uma nova composi\u00e7\u00e3o da vacina Influenza que considera novos v\u00edrus circulantes no Pa\u00eds e no mundo.<\/p>\n<p><strong>Por:<\/strong> <a href=\"https:\/\/www.hsfamericana.com.br\">Assessoria HSF Americana<\/a><\/p>\n","protected":false},"excerpt":{"rendered":"<p>Com a chegada do tempo frio e seco o n\u00famero de gripes e resfriados aumenta consideravelmente. No Brasil, anualmente \u00e9 feita a Campanha Nacional de Vacina\u00e7\u00e3o promovido pelo Minist\u00e9rio da Sa\u00fade que em 2017 antecipou a libera\u00e7\u00e3o para os chamados grupos de risco.<\/p>\n","protected":false},"author":2,"featured_media":0,"comment_status":"open","ping_status":"open","sticky":false,"template":"","format":"standard","meta":{"_acf_changed":false,"footnotes":""},"categories":[4],"tags":[15,16,18,17,14,13],"class_list":["post-1789","post","type-post","status-publish","format-standard","hentry","category-noticias","tag-gripe","tag-gripes","tag-resfriado","tag-resfriados","tag-vacinacao","tag-vacinacao-gripe"],"acf":[],"yoast_head":"<!-- This site is optimized with the Yoast SEO plugin v25.2 - https:\/\/yoast.com\/wordpress\/plugins\/seo\/ -->\n<title>A import\u00e2ncia da vacina\u00e7\u00e3o contra a gripe &#8226; Hospital S\u00e3o Francisco de Americana<\/title>\n<meta name=\"robots\" content=\"index, follow, max-snippet:-1, max-image-preview:large, max-video-preview:-1\" \/>\n<link rel=\"canonical\" href=\"https:\/\/hsfamericana.com.br\/index.php\/a-importancia-da-vacinacao-contra-a-gripe\/\" \/>\n<meta property=\"og:locale\" content=\"pt_BR\" \/>\n<meta property=\"og:type\" content=\"article\" \/>\n<meta property=\"og:title\" content=\"A import\u00e2ncia da vacina\u00e7\u00e3o contra a gripe &#8226; Hospital S\u00e3o Francisco de Americana\" \/>\n<meta property=\"og:description\" content=\"Com a chegada do tempo frio e seco o n\u00famero de gripes e resfriados aumenta consideravelmente. No Brasil, anualmente \u00e9 feita a Campanha Nacional de Vacina\u00e7\u00e3o promovido pelo Minist\u00e9rio da Sa\u00fade que em 2017 antecipou a libera\u00e7\u00e3o para os chamados grupos de risco.\" \/>\n<meta property=\"og:url\" content=\"https:\/\/hsfamericana.com.br\/index.php\/a-importancia-da-vacinacao-contra-a-gripe\/\" \/>\n<meta property=\"og:site_name\" content=\"Hospital S\u00e3o Francisco de Americana\" \/>\n<meta property=\"article:published_time\" content=\"2017-07-04T12:18:13+00:00\" \/>\n<meta property=\"article:modified_time\" content=\"2024-10-09T15:35:19+00:00\" \/>\n<meta name=\"author\" content=\"HSF Americana\" \/>\n<meta name=\"twitter:label1\" content=\"Escrito por\" \/>\n\t<meta name=\"twitter:data1\" content=\"HSF Americana\" \/>\n\t<meta name=\"twitter:label2\" content=\"Est. tempo de leitura\" \/>\n\t<meta name=\"twitter:data2\" content=\"1 minuto\" \/>\n<script type=\"application\/ld+json\" class=\"yoast-schema-graph\">{\"@context\":\"https:\/\/schema.org\",\"@graph\":[{\"@type\":\"WebPage\",\"@id\":\"https:\/\/hsfamericana.com.br\/index.php\/a-importancia-da-vacinacao-contra-a-gripe\/\",\"url\":\"https:\/\/hsfamericana.com.br\/index.php\/a-importancia-da-vacinacao-contra-a-gripe\/\",\"name\":\"A import\u00e2ncia da vacina\u00e7\u00e3o contra a gripe &#8226; Hospital S\u00e3o Francisco de Americana\",\"isPartOf\":{\"@id\":\"https:\/\/hsfamericana.com.br\/#website\"},\"datePublished\":\"2017-07-04T12:18:13+00:00\",\"dateModified\":\"2024-10-09T15:35:19+00:00\",\"author\":{\"@id\":\"https:\/\/hsfamericana.com.br\/#\/schema\/person\/3b12fcdd81c4d645a927c9ba010d1551\"},\"breadcrumb\":{\"@id\":\"https:\/\/hsfamericana.com.br\/index.php\/a-importancia-da-vacinacao-contra-a-gripe\/#breadcrumb\"},\"inLanguage\":\"pt-BR\",\"potentialAction\":[{\"@type\":\"ReadAction\",\"target\":[\"https:\/\/hsfamericana.com.br\/index.php\/a-importancia-da-vacinacao-contra-a-gripe\/\"]}]},{\"@type\":\"BreadcrumbList\",\"@id\":\"https:\/\/hsfamericana.com.br\/index.php\/a-importancia-da-vacinacao-contra-a-gripe\/#breadcrumb\",\"itemListElement\":[{\"@type\":\"ListItem\",\"position\":1,\"name\":\"In\u00edcio\",\"item\":\"https:\/\/hsfamericana.com.br\/\"},{\"@type\":\"ListItem\",\"position\":2,\"name\":\"A import\u00e2ncia da vacina\u00e7\u00e3o contra a gripe\"}]},{\"@type\":\"WebSite\",\"@id\":\"https:\/\/hsfamericana.com.br\/#website\",\"url\":\"https:\/\/hsfamericana.com.br\/\",\"name\":\"Hospital S\u00e3o Francisco de Americana\",\"description\":\"O mais completo da regi\u00e3o de Campinas\",\"potentialAction\":[{\"@type\":\"SearchAction\",\"target\":{\"@type\":\"EntryPoint\",\"urlTemplate\":\"https:\/\/hsfamericana.com.br\/?s={search_term_string}\"},\"query-input\":{\"@type\":\"PropertyValueSpecification\",\"valueRequired\":true,\"valueName\":\"search_term_string\"}}],\"inLanguage\":\"pt-BR\"},{\"@type\":\"Person\",\"@id\":\"https:\/\/hsfamericana.com.br\/#\/schema\/person\/3b12fcdd81c4d645a927c9ba010d1551\",\"name\":\"HSF Americana\",\"image\":{\"@type\":\"ImageObject\",\"inLanguage\":\"pt-BR\",\"@id\":\"https:\/\/hsfamericana.com.br\/#\/schema\/person\/image\/\",\"url\":\"https:\/\/secure.gravatar.com\/avatar\/5166f96d8390f878591229db68525bd3f5c9f157e02efd0ba33755d400e0b4f1?s=96&d=mm&r=g\",\"contentUrl\":\"https:\/\/secure.gravatar.com\/avatar\/5166f96d8390f878591229db68525bd3f5c9f157e02efd0ba33755d400e0b4f1?s=96&d=mm&r=g\",\"caption\":\"HSF Americana\"},\"sameAs\":[\"https:\/\/www.hsfamericana.com.br\"],\"url\":\"https:\/\/hsfamericana.com.br\/index.php\/author\/nogueira\/\"}]}<\/script>\n<!-- \/ Yoast SEO plugin. -->","yoast_head_json":{"title":"A import\u00e2ncia da vacina\u00e7\u00e3o contra a gripe &#8226; Hospital S\u00e3o Francisco de Americana","robots":{"index":"index","follow":"follow","max-snippet":"max-snippet:-1","max-image-preview":"max-image-preview:large","max-video-preview":"max-video-preview:-1"},"canonical":"https:\/\/hsfamericana.com.br\/index.php\/a-importancia-da-vacinacao-contra-a-gripe\/","og_locale":"pt_BR","og_type":"article","og_title":"A import\u00e2ncia da vacina\u00e7\u00e3o contra a gripe &#8226; Hospital S\u00e3o Francisco de Americana","og_description":"Com a chegada do tempo frio e seco o n\u00famero de gripes e resfriados aumenta consideravelmente. No Brasil, anualmente \u00e9 feita a Campanha Nacional de Vacina\u00e7\u00e3o promovido pelo Minist\u00e9rio da Sa\u00fade que em 2017 antecipou a libera\u00e7\u00e3o para os chamados grupos de risco.","og_url":"https:\/\/hsfamericana.com.br\/index.php\/a-importancia-da-vacinacao-contra-a-gripe\/","og_site_name":"Hospital S\u00e3o Francisco de Americana","article_published_time":"2017-07-04T12:18:13+00:00","article_modified_time":"2024-10-09T15:35:19+00:00","author":"HSF Americana","twitter_misc":{"Escrito por":"HSF Americana","Est. tempo de leitura":"1 minuto"},"schema":{"@context":"https:\/\/schema.org","@graph":[{"@type":"WebPage","@id":"https:\/\/hsfamericana.com.br\/index.php\/a-importancia-da-vacinacao-contra-a-gripe\/","url":"https:\/\/hsfamericana.com.br\/index.php\/a-importancia-da-vacinacao-contra-a-gripe\/","name":"A import\u00e2ncia da vacina\u00e7\u00e3o contra a gripe &#8226; Hospital S\u00e3o Francisco de Americana","isPartOf":{"@id":"https:\/\/hsfamericana.com.br\/#website"},"datePublished":"2017-07-04T12:18:13+00:00","dateModified":"2024-10-09T15:35:19+00:00","author":{"@id":"https:\/\/hsfamericana.com.br\/#\/schema\/person\/3b12fcdd81c4d645a927c9ba010d1551"},"breadcrumb":{"@id":"https:\/\/hsfamericana.com.br\/index.php\/a-importancia-da-vacinacao-contra-a-gripe\/#breadcrumb"},"inLanguage":"pt-BR","potentialAction":[{"@type":"ReadAction","target":["https:\/\/hsfamericana.com.br\/index.php\/a-importancia-da-vacinacao-contra-a-gripe\/"]}]},{"@type":"BreadcrumbList","@id":"https:\/\/hsfamericana.com.br\/index.php\/a-importancia-da-vacinacao-contra-a-gripe\/#breadcrumb","itemListElement":[{"@type":"ListItem","position":1,"name":"In\u00edcio","item":"https:\/\/hsfamericana.com.br\/"},{"@type":"ListItem","position":2,"name":"A import\u00e2ncia da vacina\u00e7\u00e3o contra a gripe"}]},{"@type":"WebSite","@id":"https:\/\/hsfamericana.com.br\/#website","url":"https:\/\/hsfamericana.com.br\/","name":"Hospital S\u00e3o Francisco de Americana","description":"O mais completo da regi\u00e3o de Campinas","potentialAction":[{"@type":"SearchAction","target":{"@type":"EntryPoint","urlTemplate":"https:\/\/hsfamericana.com.br\/?s={search_term_string}"},"query-input":{"@type":"PropertyValueSpecification","valueRequired":true,"valueName":"search_term_string"}}],"inLanguage":"pt-BR"},{"@type":"Person","@id":"https:\/\/hsfamericana.com.br\/#\/schema\/person\/3b12fcdd81c4d645a927c9ba010d1551","name":"HSF Americana","image":{"@type":"ImageObject","inLanguage":"pt-BR","@id":"https:\/\/hsfamericana.com.br\/#\/schema\/person\/image\/","url":"https:\/\/secure.gravatar.com\/avatar\/5166f96d8390f878591229db68525bd3f5c9f157e02efd0ba33755d400e0b4f1?s=96&d=mm&r=g","contentUrl":"https:\/\/secure.gravatar.com\/avatar\/5166f96d8390f878591229db68525bd3f5c9f157e02efd0ba33755d400e0b4f1?s=96&d=mm&r=g","caption":"HSF Americana"},"sameAs":["https:\/\/www.hsfamericana.com.br"],"url":"https:\/\/hsfamericana.com.br\/index.php\/author\/nogueira\/"}]}},"_links":{"self":[{"href":"https:\/\/hsfamericana.com.br\/index.php\/wp-json\/wp\/v2\/posts\/1789","targetHints":{"allow":["GET"]}}],"collection":[{"href":"https:\/\/hsfamericana.com.br\/index.php\/wp-json\/wp\/v2\/posts"}],"about":[{"href":"https:\/\/hsfamericana.com.br\/index.php\/wp-json\/wp\/v2\/types\/post"}],"author":[{"embeddable":true,"href":"https:\/\/hsfamericana.com.br\/index.php\/wp-json\/wp\/v2\/users\/2"}],"replies":[{"embeddable":true,"href":"https:\/\/hsfamericana.com.br\/index.php\/wp-json\/wp\/v2\/comments?post=1789"}],"version-history":[{"count":6,"href":"https:\/\/hsfamericana.com.br\/index.php\/wp-json\/wp\/v2\/posts\/1789\/revisions"}],"predecessor-version":[{"id":5483,"href":"https:\/\/hsfamericana.com.br\/index.php\/wp-json\/wp\/v2\/posts\/1789\/revisions\/5483"}],"wp:attachment":[{"href":"https:\/\/hsfamericana.com.br\/index.php\/wp-json\/wp\/v2\/media?parent=1789"}],"wp:term":[{"taxonomy":"category","embeddable":true,"href":"https:\/\/hsfamericana.com.br\/index.php\/wp-json\/wp\/v2\/categories?post=1789"},{"taxonomy":"post_tag","embeddable":true,"href":"https:\/\/hsfamericana.com.br\/index.php\/wp-json\/wp\/v2\/tags?post=1789"}],"curies":[{"name":"wp","href":"https:\/\/api.w.org\/{rel}","templated":true}]}}