{"id":2295,"date":"2018-03-07T19:41:01","date_gmt":"2018-03-07T19:41:01","guid":{"rendered":"http:\/\/www.hsfamericana.com.br\/?p=2295"},"modified":"2024-10-09T15:38:17","modified_gmt":"2024-10-09T15:38:17","slug":"saiba-tudo-sobre-a-febre-amarela","status":"publish","type":"post","link":"https:\/\/hsfamericana.com.br\/index.php\/saiba-tudo-sobre-a-febre-amarela\/","title":{"rendered":"Saiba tudo sobre a Febre Amarela"},"content":{"rendered":"<p>O retorno da Febre Amarela colocou todo o pa\u00eds em alerta, principalmente o estado de S\u00e3o Paulo que foi classificado, em janeiro deste ano pela OMS (Organiza\u00e7\u00e3o Mundial da Sa\u00fade), como uma regi\u00e3o end\u00eamica em situa\u00e7\u00e3o de risco. Os \u00faltimos casos de epidemia urbana haviam sido detectados em 1942. A Febre Amarela \u00e9 uma doen\u00e7a infecciosa febril aguda transmitida por uma esp\u00e9cie de mosquito comum em \u00e1reas de mata localizadas na Am\u00e9rica do Sul e \u00c1frica.<\/p>\n<p>Os sintomas da doen\u00e7a aparecem de 4 a 6 dias ap\u00f3s a picada provocando n\u00e1useas, febre, pele amarelada, dor de cabe\u00e7a e v\u00f4mitos, sendo os casos mais graves com incid\u00eancia de doen\u00e7as card\u00edacas, hep\u00e1ticas e renais. \u00c9 necess\u00e1rio o diagn\u00f3stico m\u00e9dico para in\u00edcio do tratamento que pode ser \u00e0 base de reidrata\u00e7\u00e3o e anti-inflamat\u00f3rios.<\/p>\n<p><strong>Preven\u00e7\u00e3o<\/strong><\/p>\n<p>N\u00e3o h\u00e1 uma cura espec\u00edfica para a Febre Amarela, a melhor forma de evitar a doen\u00e7a \u00e9 prevenindo-se com a vacina de dose \u00fanica que imuniza o indiv\u00edduo pelo resto da vida. Alguns pa\u00edses exigem que turistas que vivem em \u00e1reas com incid\u00eancia da doen\u00e7a tomem a vacina antes da viagem e comprove a imuniza\u00e7\u00e3o atrav\u00e9s da Carteira Internacional de Vacina\u00e7\u00e3o.<\/p>\n<p>Os Postos de Sa\u00fade aplicam a vacina gratuitamente, basta dirigir-se com a carteirinha de vacina\u00e7\u00e3o para receber a dose. As contraindica\u00e7\u00f5es s\u00e3o para beb\u00eas com menos de 6 meses de idade, gestantes, lactantes e pacientes com doen\u00e7as como timo, l\u00fapus, HIV, entre outras. No caso de d\u00favidas, procure uma avalia\u00e7\u00e3o m\u00e9dica.<\/p>\n<p><strong>Macacos<\/strong><\/p>\n<p>O surgimento de macacos mortos causou d\u00favidas com rela\u00e7\u00e3o se o animal \u00e9 um transmissor da doen\u00e7a. <span style=\"text-decoration: underline;\">Vale ressaltar que o macaco n\u00e3o tem absolutamente nada a ver com a epidemia atual, \u00e9 apenas uma v\u00edtima<\/span> e um marcador epidemiol\u00f3gico que mostra que o v\u00edrus est\u00e1 pr\u00f3ximo da popula\u00e7\u00e3o.<\/p>\n<p><strong>Fonte:<\/strong> Assessoria <a href=\"https:\/\/www.hsfamericana.com.br\/\">HSF Americana<\/a><\/p>\n","protected":false},"excerpt":{"rendered":"<p>O retorno da Febre Amarela colocou todo o pa\u00eds em alerta, principalmente o estado de S\u00e3o Paulo que foi classificado, em janeiro deste ano pela OMS (Organiza\u00e7\u00e3o Mundial da Sa\u00fade), como uma regi\u00e3o end\u00eamica em situa\u00e7\u00e3o de risco. Os \u00faltimos casos de epidemia urbana haviam sido detectados em 1942. A Febre Amarela \u00e9 uma doen\u00e7a [&hellip;]<\/p>\n","protected":false},"author":2,"featured_media":0,"comment_status":"open","ping_status":"open","sticky":false,"template":"","format":"standard","meta":{"_acf_changed":false,"footnotes":""},"categories":[4],"tags":[68,65,23,28,66,67],"class_list":["post-2295","post","type-post","status-publish","format-standard","hentry","category-noticias","tag-epidemia","tag-febre-amarela","tag-hsf-americana","tag-prevencao","tag-sintomas","tag-vacina"],"acf":[],"yoast_head":"<!-- This site is optimized with the Yoast SEO plugin v25.2 - https:\/\/yoast.com\/wordpress\/plugins\/seo\/ -->\n<title>Saiba tudo sobre a Febre Amarela &#8226; Hospital S\u00e3o Francisco de Americana<\/title>\n<meta name=\"robots\" content=\"index, follow, max-snippet:-1, max-image-preview:large, max-video-preview:-1\" \/>\n<link rel=\"canonical\" href=\"https:\/\/hsfamericana.com.br\/index.php\/saiba-tudo-sobre-a-febre-amarela\/\" \/>\n<meta property=\"og:locale\" content=\"pt_BR\" \/>\n<meta property=\"og:type\" content=\"article\" \/>\n<meta property=\"og:title\" content=\"Saiba tudo sobre a Febre Amarela &#8226; Hospital S\u00e3o Francisco de Americana\" \/>\n<meta property=\"og:description\" content=\"O retorno da Febre Amarela colocou todo o pa\u00eds em alerta, principalmente o estado de S\u00e3o Paulo que foi classificado, em janeiro deste ano pela OMS (Organiza\u00e7\u00e3o Mundial da Sa\u00fade), como uma regi\u00e3o end\u00eamica em situa\u00e7\u00e3o de risco. Os \u00faltimos casos de epidemia urbana haviam sido detectados em 1942. A Febre Amarela \u00e9 uma doen\u00e7a [&hellip;]\" \/>\n<meta property=\"og:url\" content=\"https:\/\/hsfamericana.com.br\/index.php\/saiba-tudo-sobre-a-febre-amarela\/\" \/>\n<meta property=\"og:site_name\" content=\"Hospital S\u00e3o Francisco de Americana\" \/>\n<meta property=\"article:published_time\" content=\"2018-03-07T19:41:01+00:00\" \/>\n<meta property=\"article:modified_time\" content=\"2024-10-09T15:38:17+00:00\" \/>\n<meta name=\"author\" content=\"HSF Americana\" \/>\n<meta name=\"twitter:label1\" content=\"Escrito por\" \/>\n\t<meta name=\"twitter:data1\" content=\"HSF Americana\" \/>\n\t<meta name=\"twitter:label2\" content=\"Est. tempo de leitura\" \/>\n\t<meta name=\"twitter:data2\" content=\"2 minutos\" \/>\n<script type=\"application\/ld+json\" class=\"yoast-schema-graph\">{\"@context\":\"https:\/\/schema.org\",\"@graph\":[{\"@type\":\"WebPage\",\"@id\":\"https:\/\/hsfamericana.com.br\/index.php\/saiba-tudo-sobre-a-febre-amarela\/\",\"url\":\"https:\/\/hsfamericana.com.br\/index.php\/saiba-tudo-sobre-a-febre-amarela\/\",\"name\":\"Saiba tudo sobre a Febre Amarela &#8226; Hospital S\u00e3o Francisco de Americana\",\"isPartOf\":{\"@id\":\"https:\/\/hsfamericana.com.br\/#website\"},\"datePublished\":\"2018-03-07T19:41:01+00:00\",\"dateModified\":\"2024-10-09T15:38:17+00:00\",\"author\":{\"@id\":\"https:\/\/hsfamericana.com.br\/#\/schema\/person\/3b12fcdd81c4d645a927c9ba010d1551\"},\"breadcrumb\":{\"@id\":\"https:\/\/hsfamericana.com.br\/index.php\/saiba-tudo-sobre-a-febre-amarela\/#breadcrumb\"},\"inLanguage\":\"pt-BR\",\"potentialAction\":[{\"@type\":\"ReadAction\",\"target\":[\"https:\/\/hsfamericana.com.br\/index.php\/saiba-tudo-sobre-a-febre-amarela\/\"]}]},{\"@type\":\"BreadcrumbList\",\"@id\":\"https:\/\/hsfamericana.com.br\/index.php\/saiba-tudo-sobre-a-febre-amarela\/#breadcrumb\",\"itemListElement\":[{\"@type\":\"ListItem\",\"position\":1,\"name\":\"In\u00edcio\",\"item\":\"https:\/\/hsfamericana.com.br\/\"},{\"@type\":\"ListItem\",\"position\":2,\"name\":\"Saiba tudo sobre a Febre Amarela\"}]},{\"@type\":\"WebSite\",\"@id\":\"https:\/\/hsfamericana.com.br\/#website\",\"url\":\"https:\/\/hsfamericana.com.br\/\",\"name\":\"Hospital S\u00e3o Francisco de Americana\",\"description\":\"O mais completo da regi\u00e3o de Campinas\",\"potentialAction\":[{\"@type\":\"SearchAction\",\"target\":{\"@type\":\"EntryPoint\",\"urlTemplate\":\"https:\/\/hsfamericana.com.br\/?s={search_term_string}\"},\"query-input\":{\"@type\":\"PropertyValueSpecification\",\"valueRequired\":true,\"valueName\":\"search_term_string\"}}],\"inLanguage\":\"pt-BR\"},{\"@type\":\"Person\",\"@id\":\"https:\/\/hsfamericana.com.br\/#\/schema\/person\/3b12fcdd81c4d645a927c9ba010d1551\",\"name\":\"HSF Americana\",\"image\":{\"@type\":\"ImageObject\",\"inLanguage\":\"pt-BR\",\"@id\":\"https:\/\/hsfamericana.com.br\/#\/schema\/person\/image\/\",\"url\":\"https:\/\/secure.gravatar.com\/avatar\/5166f96d8390f878591229db68525bd3f5c9f157e02efd0ba33755d400e0b4f1?s=96&d=mm&r=g\",\"contentUrl\":\"https:\/\/secure.gravatar.com\/avatar\/5166f96d8390f878591229db68525bd3f5c9f157e02efd0ba33755d400e0b4f1?s=96&d=mm&r=g\",\"caption\":\"HSF Americana\"},\"sameAs\":[\"https:\/\/www.hsfamericana.com.br\"],\"url\":\"https:\/\/hsfamericana.com.br\/index.php\/author\/nogueira\/\"}]}<\/script>\n<!-- \/ Yoast SEO plugin. -->","yoast_head_json":{"title":"Saiba tudo sobre a Febre Amarela &#8226; Hospital S\u00e3o Francisco de Americana","robots":{"index":"index","follow":"follow","max-snippet":"max-snippet:-1","max-image-preview":"max-image-preview:large","max-video-preview":"max-video-preview:-1"},"canonical":"https:\/\/hsfamericana.com.br\/index.php\/saiba-tudo-sobre-a-febre-amarela\/","og_locale":"pt_BR","og_type":"article","og_title":"Saiba tudo sobre a Febre Amarela &#8226; Hospital S\u00e3o Francisco de Americana","og_description":"O retorno da Febre Amarela colocou todo o pa\u00eds em alerta, principalmente o estado de S\u00e3o Paulo que foi classificado, em janeiro deste ano pela OMS (Organiza\u00e7\u00e3o Mundial da Sa\u00fade), como uma regi\u00e3o end\u00eamica em situa\u00e7\u00e3o de risco. Os \u00faltimos casos de epidemia urbana haviam sido detectados em 1942. A Febre Amarela \u00e9 uma doen\u00e7a [&hellip;]","og_url":"https:\/\/hsfamericana.com.br\/index.php\/saiba-tudo-sobre-a-febre-amarela\/","og_site_name":"Hospital S\u00e3o Francisco de Americana","article_published_time":"2018-03-07T19:41:01+00:00","article_modified_time":"2024-10-09T15:38:17+00:00","author":"HSF Americana","twitter_misc":{"Escrito por":"HSF Americana","Est. tempo de leitura":"2 minutos"},"schema":{"@context":"https:\/\/schema.org","@graph":[{"@type":"WebPage","@id":"https:\/\/hsfamericana.com.br\/index.php\/saiba-tudo-sobre-a-febre-amarela\/","url":"https:\/\/hsfamericana.com.br\/index.php\/saiba-tudo-sobre-a-febre-amarela\/","name":"Saiba tudo sobre a Febre Amarela &#8226; Hospital S\u00e3o Francisco de Americana","isPartOf":{"@id":"https:\/\/hsfamericana.com.br\/#website"},"datePublished":"2018-03-07T19:41:01+00:00","dateModified":"2024-10-09T15:38:17+00:00","author":{"@id":"https:\/\/hsfamericana.com.br\/#\/schema\/person\/3b12fcdd81c4d645a927c9ba010d1551"},"breadcrumb":{"@id":"https:\/\/hsfamericana.com.br\/index.php\/saiba-tudo-sobre-a-febre-amarela\/#breadcrumb"},"inLanguage":"pt-BR","potentialAction":[{"@type":"ReadAction","target":["https:\/\/hsfamericana.com.br\/index.php\/saiba-tudo-sobre-a-febre-amarela\/"]}]},{"@type":"BreadcrumbList","@id":"https:\/\/hsfamericana.com.br\/index.php\/saiba-tudo-sobre-a-febre-amarela\/#breadcrumb","itemListElement":[{"@type":"ListItem","position":1,"name":"In\u00edcio","item":"https:\/\/hsfamericana.com.br\/"},{"@type":"ListItem","position":2,"name":"Saiba tudo sobre a Febre Amarela"}]},{"@type":"WebSite","@id":"https:\/\/hsfamericana.com.br\/#website","url":"https:\/\/hsfamericana.com.br\/","name":"Hospital S\u00e3o Francisco de Americana","description":"O mais completo da regi\u00e3o de Campinas","potentialAction":[{"@type":"SearchAction","target":{"@type":"EntryPoint","urlTemplate":"https:\/\/hsfamericana.com.br\/?s={search_term_string}"},"query-input":{"@type":"PropertyValueSpecification","valueRequired":true,"valueName":"search_term_string"}}],"inLanguage":"pt-BR"},{"@type":"Person","@id":"https:\/\/hsfamericana.com.br\/#\/schema\/person\/3b12fcdd81c4d645a927c9ba010d1551","name":"HSF Americana","image":{"@type":"ImageObject","inLanguage":"pt-BR","@id":"https:\/\/hsfamericana.com.br\/#\/schema\/person\/image\/","url":"https:\/\/secure.gravatar.com\/avatar\/5166f96d8390f878591229db68525bd3f5c9f157e02efd0ba33755d400e0b4f1?s=96&d=mm&r=g","contentUrl":"https:\/\/secure.gravatar.com\/avatar\/5166f96d8390f878591229db68525bd3f5c9f157e02efd0ba33755d400e0b4f1?s=96&d=mm&r=g","caption":"HSF Americana"},"sameAs":["https:\/\/www.hsfamericana.com.br"],"url":"https:\/\/hsfamericana.com.br\/index.php\/author\/nogueira\/"}]}},"_links":{"self":[{"href":"https:\/\/hsfamericana.com.br\/index.php\/wp-json\/wp\/v2\/posts\/2295","targetHints":{"allow":["GET"]}}],"collection":[{"href":"https:\/\/hsfamericana.com.br\/index.php\/wp-json\/wp\/v2\/posts"}],"about":[{"href":"https:\/\/hsfamericana.com.br\/index.php\/wp-json\/wp\/v2\/types\/post"}],"author":[{"embeddable":true,"href":"https:\/\/hsfamericana.com.br\/index.php\/wp-json\/wp\/v2\/users\/2"}],"replies":[{"embeddable":true,"href":"https:\/\/hsfamericana.com.br\/index.php\/wp-json\/wp\/v2\/comments?post=2295"}],"version-history":[{"count":4,"href":"https:\/\/hsfamericana.com.br\/index.php\/wp-json\/wp\/v2\/posts\/2295\/revisions"}],"predecessor-version":[{"id":5491,"href":"https:\/\/hsfamericana.com.br\/index.php\/wp-json\/wp\/v2\/posts\/2295\/revisions\/5491"}],"wp:attachment":[{"href":"https:\/\/hsfamericana.com.br\/index.php\/wp-json\/wp\/v2\/media?parent=2295"}],"wp:term":[{"taxonomy":"category","embeddable":true,"href":"https:\/\/hsfamericana.com.br\/index.php\/wp-json\/wp\/v2\/categories?post=2295"},{"taxonomy":"post_tag","embeddable":true,"href":"https:\/\/hsfamericana.com.br\/index.php\/wp-json\/wp\/v2\/tags?post=2295"}],"curies":[{"name":"wp","href":"https:\/\/api.w.org\/{rel}","templated":true}]}}