{"id":2304,"date":"2018-04-05T20:15:50","date_gmt":"2018-04-05T20:15:50","guid":{"rendered":"http:\/\/www.hsfamericana.com.br\/?p=2304"},"modified":"2024-10-09T15:38:45","modified_gmt":"2024-10-09T15:38:45","slug":"dia-mundial-da-saude","status":"publish","type":"post","link":"https:\/\/hsfamericana.com.br\/index.php\/dia-mundial-da-saude\/","title":{"rendered":"Dia Mundial da Sa\u00fade"},"content":{"rendered":"<p>O m\u00eas de abril marca uma data importante para a \u00e1rea da sa\u00fade. No dia 7 \u00e9 comemorado o Dia Mundial da Sa\u00fade, institu\u00eddo pela Organiza\u00e7\u00e3o Mundial da Sa\u00fade (OMS) ao longo dos seus 70 anos de exist\u00eancia que aborda temas a serem debatidos ao longo do ano, atrav\u00e9s de atividades e palestras instrutivas e educacionais.<\/p>\n<p>Neste ano, o tema escolhido foi \u201cSa\u00fade para todos\u201d com o objetivo de conscientizar a necessidade de cobertura e acesso \u00e0 sa\u00fade universal e os benef\u00edcios que a preven\u00e7\u00e3o pode trazer a n\u00edvel mundial. Algumas barreiras impedem que este acesso seja comum a todas as pessoas e \u00e9 justamente isso que a OMS quer trabalhar neste ano, no combate a epidemias e prote\u00e7\u00e3o para estimular o crescimento econ\u00f4mico em todas as esferas.<\/p>\n<p><strong>Barreiras geogr\u00e1ficas<\/strong><\/p>\n<p>\u00c1reas rurais ou de dif\u00edcil acesso dificultam os cuidados com a sa\u00fade. A OMS pretende quebrar essas barreiras geogr\u00e1ficas e disponibilizar servi\u00e7os de sa\u00fade em todos os lugares, com a realiza\u00e7\u00e3o de tratamentos, consultas m\u00e9dicas e distribui\u00e7\u00e3o de rem\u00e9dios.<\/p>\n<p><strong>Barreiras financeiras<\/strong><\/p>\n<p>Neste ponto as dificuldades abrangem a disponibilidade financeira de utilizar os servi\u00e7os ligados \u00e0 sa\u00fade, seja o gasto com consultas m\u00e9dicas, tratamentos particulares e rem\u00e9dios, al\u00e9m de custos indiretos como o transporte para chegar a uma cl\u00ednica, por exemplo.<\/p>\n<p>Segundo a OMS, em alguns pa\u00edses as despesas para acessar servi\u00e7os de sa\u00fade ultrapassam os 20% recomendado do or\u00e7amento familiar, colocando a popula\u00e7\u00e3o em risco de cair na pobreza e, consequentemente, aumentando o n\u00famero de pessoas doentes em todo o mundo.<\/p>\n<p><strong>Barreiras Socioculturais <\/strong><\/p>\n<p>A m\u00e1 qualidade dos servi\u00e7os p\u00fablicos de sa\u00fade e falta de humaniza\u00e7\u00e3o na presta\u00e7\u00e3o desses servi\u00e7os, como falta de informa\u00e7\u00e3o, atendimento prec\u00e1rio, centros de atendimento superlotados, \u00e9 uma quest\u00e3o que prejudica a popula\u00e7\u00e3o mundial. A OMS quer trabalhar para reverter essa situa\u00e7\u00e3o junto ao Poder P\u00fablico, principalmente em pa\u00edses em desenvolvimento, pois sa\u00fade de qualidade \u00e9 um direito de todos.<\/p>\n<p>Lembre-se que a preven\u00e7\u00e3o ainda \u00e9 o melhor rem\u00e9dio para a qualidade de vida! Alimente-se bem, fa\u00e7a exerc\u00edcios f\u00edsicos regularmente e realize anualmente um <em>check-up<\/em> geral de sua sa\u00fade!<\/p>\n<p><strong>Fonte:<\/strong> Assessoria <a href=\"https:\/\/www.hsfamericana.com.br\/\">HSF Americana<\/a><\/p>\n","protected":false},"excerpt":{"rendered":"<p>O m\u00eas de abril marca uma data importante para a \u00e1rea da sa\u00fade. No dia 7 \u00e9 comemorado o Dia Mundial da Sa\u00fade, institu\u00eddo pela Organiza\u00e7\u00e3o Mundial da Sa\u00fade (OMS) ao longo dos seus 70 anos de exist\u00eancia que aborda temas a serem debatidos ao longo do ano, atrav\u00e9s de atividades e palestras instrutivas e [&hellip;]<\/p>\n","protected":false},"author":2,"featured_media":0,"comment_status":"open","ping_status":"open","sticky":false,"template":"","format":"standard","meta":{"_acf_changed":false,"footnotes":""},"categories":[4],"tags":[70,69,23,28,27,71],"class_list":["post-2304","post","type-post","status-publish","format-standard","hentry","category-noticias","tag-check-up","tag-dia-mundial-da-saude","tag-hsf-americana","tag-prevencao","tag-saude","tag-saude-mundial"],"acf":[],"yoast_head":"<!-- This site is optimized with the Yoast SEO plugin v25.2 - https:\/\/yoast.com\/wordpress\/plugins\/seo\/ -->\n<title>Dia Mundial da Sa\u00fade &#8226; Hospital S\u00e3o Francisco de Americana<\/title>\n<meta name=\"robots\" content=\"index, follow, max-snippet:-1, max-image-preview:large, max-video-preview:-1\" \/>\n<link rel=\"canonical\" href=\"https:\/\/hsfamericana.com.br\/index.php\/dia-mundial-da-saude\/\" \/>\n<meta property=\"og:locale\" content=\"pt_BR\" \/>\n<meta property=\"og:type\" content=\"article\" \/>\n<meta property=\"og:title\" content=\"Dia Mundial da Sa\u00fade &#8226; Hospital S\u00e3o Francisco de Americana\" \/>\n<meta property=\"og:description\" content=\"O m\u00eas de abril marca uma data importante para a \u00e1rea da sa\u00fade. No dia 7 \u00e9 comemorado o Dia Mundial da Sa\u00fade, institu\u00eddo pela Organiza\u00e7\u00e3o Mundial da Sa\u00fade (OMS) ao longo dos seus 70 anos de exist\u00eancia que aborda temas a serem debatidos ao longo do ano, atrav\u00e9s de atividades e palestras instrutivas e [&hellip;]\" \/>\n<meta property=\"og:url\" content=\"https:\/\/hsfamericana.com.br\/index.php\/dia-mundial-da-saude\/\" \/>\n<meta property=\"og:site_name\" content=\"Hospital S\u00e3o Francisco de Americana\" \/>\n<meta property=\"article:published_time\" content=\"2018-04-05T20:15:50+00:00\" \/>\n<meta property=\"article:modified_time\" content=\"2024-10-09T15:38:45+00:00\" \/>\n<meta name=\"author\" content=\"HSF Americana\" \/>\n<meta name=\"twitter:label1\" content=\"Escrito por\" \/>\n\t<meta name=\"twitter:data1\" content=\"HSF Americana\" \/>\n\t<meta name=\"twitter:label2\" content=\"Est. tempo de leitura\" \/>\n\t<meta name=\"twitter:data2\" content=\"2 minutos\" \/>\n<script type=\"application\/ld+json\" class=\"yoast-schema-graph\">{\"@context\":\"https:\/\/schema.org\",\"@graph\":[{\"@type\":\"WebPage\",\"@id\":\"https:\/\/hsfamericana.com.br\/index.php\/dia-mundial-da-saude\/\",\"url\":\"https:\/\/hsfamericana.com.br\/index.php\/dia-mundial-da-saude\/\",\"name\":\"Dia Mundial da Sa\u00fade &#8226; Hospital S\u00e3o Francisco de Americana\",\"isPartOf\":{\"@id\":\"https:\/\/hsfamericana.com.br\/#website\"},\"datePublished\":\"2018-04-05T20:15:50+00:00\",\"dateModified\":\"2024-10-09T15:38:45+00:00\",\"author\":{\"@id\":\"https:\/\/hsfamericana.com.br\/#\/schema\/person\/3b12fcdd81c4d645a927c9ba010d1551\"},\"breadcrumb\":{\"@id\":\"https:\/\/hsfamericana.com.br\/index.php\/dia-mundial-da-saude\/#breadcrumb\"},\"inLanguage\":\"pt-BR\",\"potentialAction\":[{\"@type\":\"ReadAction\",\"target\":[\"https:\/\/hsfamericana.com.br\/index.php\/dia-mundial-da-saude\/\"]}]},{\"@type\":\"BreadcrumbList\",\"@id\":\"https:\/\/hsfamericana.com.br\/index.php\/dia-mundial-da-saude\/#breadcrumb\",\"itemListElement\":[{\"@type\":\"ListItem\",\"position\":1,\"name\":\"In\u00edcio\",\"item\":\"https:\/\/hsfamericana.com.br\/\"},{\"@type\":\"ListItem\",\"position\":2,\"name\":\"Dia Mundial da Sa\u00fade\"}]},{\"@type\":\"WebSite\",\"@id\":\"https:\/\/hsfamericana.com.br\/#website\",\"url\":\"https:\/\/hsfamericana.com.br\/\",\"name\":\"Hospital S\u00e3o Francisco de Americana\",\"description\":\"O mais completo da regi\u00e3o de Campinas\",\"potentialAction\":[{\"@type\":\"SearchAction\",\"target\":{\"@type\":\"EntryPoint\",\"urlTemplate\":\"https:\/\/hsfamericana.com.br\/?s={search_term_string}\"},\"query-input\":{\"@type\":\"PropertyValueSpecification\",\"valueRequired\":true,\"valueName\":\"search_term_string\"}}],\"inLanguage\":\"pt-BR\"},{\"@type\":\"Person\",\"@id\":\"https:\/\/hsfamericana.com.br\/#\/schema\/person\/3b12fcdd81c4d645a927c9ba010d1551\",\"name\":\"HSF Americana\",\"image\":{\"@type\":\"ImageObject\",\"inLanguage\":\"pt-BR\",\"@id\":\"https:\/\/hsfamericana.com.br\/#\/schema\/person\/image\/\",\"url\":\"https:\/\/secure.gravatar.com\/avatar\/5166f96d8390f878591229db68525bd3f5c9f157e02efd0ba33755d400e0b4f1?s=96&d=mm&r=g\",\"contentUrl\":\"https:\/\/secure.gravatar.com\/avatar\/5166f96d8390f878591229db68525bd3f5c9f157e02efd0ba33755d400e0b4f1?s=96&d=mm&r=g\",\"caption\":\"HSF Americana\"},\"sameAs\":[\"https:\/\/www.hsfamericana.com.br\"],\"url\":\"https:\/\/hsfamericana.com.br\/index.php\/author\/nogueira\/\"}]}<\/script>\n<!-- \/ Yoast SEO plugin. -->","yoast_head_json":{"title":"Dia Mundial da Sa\u00fade &#8226; Hospital S\u00e3o Francisco de Americana","robots":{"index":"index","follow":"follow","max-snippet":"max-snippet:-1","max-image-preview":"max-image-preview:large","max-video-preview":"max-video-preview:-1"},"canonical":"https:\/\/hsfamericana.com.br\/index.php\/dia-mundial-da-saude\/","og_locale":"pt_BR","og_type":"article","og_title":"Dia Mundial da Sa\u00fade &#8226; Hospital S\u00e3o Francisco de Americana","og_description":"O m\u00eas de abril marca uma data importante para a \u00e1rea da sa\u00fade. No dia 7 \u00e9 comemorado o Dia Mundial da Sa\u00fade, institu\u00eddo pela Organiza\u00e7\u00e3o Mundial da Sa\u00fade (OMS) ao longo dos seus 70 anos de exist\u00eancia que aborda temas a serem debatidos ao longo do ano, atrav\u00e9s de atividades e palestras instrutivas e [&hellip;]","og_url":"https:\/\/hsfamericana.com.br\/index.php\/dia-mundial-da-saude\/","og_site_name":"Hospital S\u00e3o Francisco de Americana","article_published_time":"2018-04-05T20:15:50+00:00","article_modified_time":"2024-10-09T15:38:45+00:00","author":"HSF Americana","twitter_misc":{"Escrito por":"HSF Americana","Est. tempo de leitura":"2 minutos"},"schema":{"@context":"https:\/\/schema.org","@graph":[{"@type":"WebPage","@id":"https:\/\/hsfamericana.com.br\/index.php\/dia-mundial-da-saude\/","url":"https:\/\/hsfamericana.com.br\/index.php\/dia-mundial-da-saude\/","name":"Dia Mundial da Sa\u00fade &#8226; Hospital S\u00e3o Francisco de Americana","isPartOf":{"@id":"https:\/\/hsfamericana.com.br\/#website"},"datePublished":"2018-04-05T20:15:50+00:00","dateModified":"2024-10-09T15:38:45+00:00","author":{"@id":"https:\/\/hsfamericana.com.br\/#\/schema\/person\/3b12fcdd81c4d645a927c9ba010d1551"},"breadcrumb":{"@id":"https:\/\/hsfamericana.com.br\/index.php\/dia-mundial-da-saude\/#breadcrumb"},"inLanguage":"pt-BR","potentialAction":[{"@type":"ReadAction","target":["https:\/\/hsfamericana.com.br\/index.php\/dia-mundial-da-saude\/"]}]},{"@type":"BreadcrumbList","@id":"https:\/\/hsfamericana.com.br\/index.php\/dia-mundial-da-saude\/#breadcrumb","itemListElement":[{"@type":"ListItem","position":1,"name":"In\u00edcio","item":"https:\/\/hsfamericana.com.br\/"},{"@type":"ListItem","position":2,"name":"Dia Mundial da Sa\u00fade"}]},{"@type":"WebSite","@id":"https:\/\/hsfamericana.com.br\/#website","url":"https:\/\/hsfamericana.com.br\/","name":"Hospital S\u00e3o Francisco de Americana","description":"O mais completo da regi\u00e3o de Campinas","potentialAction":[{"@type":"SearchAction","target":{"@type":"EntryPoint","urlTemplate":"https:\/\/hsfamericana.com.br\/?s={search_term_string}"},"query-input":{"@type":"PropertyValueSpecification","valueRequired":true,"valueName":"search_term_string"}}],"inLanguage":"pt-BR"},{"@type":"Person","@id":"https:\/\/hsfamericana.com.br\/#\/schema\/person\/3b12fcdd81c4d645a927c9ba010d1551","name":"HSF Americana","image":{"@type":"ImageObject","inLanguage":"pt-BR","@id":"https:\/\/hsfamericana.com.br\/#\/schema\/person\/image\/","url":"https:\/\/secure.gravatar.com\/avatar\/5166f96d8390f878591229db68525bd3f5c9f157e02efd0ba33755d400e0b4f1?s=96&d=mm&r=g","contentUrl":"https:\/\/secure.gravatar.com\/avatar\/5166f96d8390f878591229db68525bd3f5c9f157e02efd0ba33755d400e0b4f1?s=96&d=mm&r=g","caption":"HSF Americana"},"sameAs":["https:\/\/www.hsfamericana.com.br"],"url":"https:\/\/hsfamericana.com.br\/index.php\/author\/nogueira\/"}]}},"_links":{"self":[{"href":"https:\/\/hsfamericana.com.br\/index.php\/wp-json\/wp\/v2\/posts\/2304","targetHints":{"allow":["GET"]}}],"collection":[{"href":"https:\/\/hsfamericana.com.br\/index.php\/wp-json\/wp\/v2\/posts"}],"about":[{"href":"https:\/\/hsfamericana.com.br\/index.php\/wp-json\/wp\/v2\/types\/post"}],"author":[{"embeddable":true,"href":"https:\/\/hsfamericana.com.br\/index.php\/wp-json\/wp\/v2\/users\/2"}],"replies":[{"embeddable":true,"href":"https:\/\/hsfamericana.com.br\/index.php\/wp-json\/wp\/v2\/comments?post=2304"}],"version-history":[{"count":5,"href":"https:\/\/hsfamericana.com.br\/index.php\/wp-json\/wp\/v2\/posts\/2304\/revisions"}],"predecessor-version":[{"id":5493,"href":"https:\/\/hsfamericana.com.br\/index.php\/wp-json\/wp\/v2\/posts\/2304\/revisions\/5493"}],"wp:attachment":[{"href":"https:\/\/hsfamericana.com.br\/index.php\/wp-json\/wp\/v2\/media?parent=2304"}],"wp:term":[{"taxonomy":"category","embeddable":true,"href":"https:\/\/hsfamericana.com.br\/index.php\/wp-json\/wp\/v2\/categories?post=2304"},{"taxonomy":"post_tag","embeddable":true,"href":"https:\/\/hsfamericana.com.br\/index.php\/wp-json\/wp\/v2\/tags?post=2304"}],"curies":[{"name":"wp","href":"https:\/\/api.w.org\/{rel}","templated":true}]}}