{"id":2482,"date":"2018-07-24T12:59:15","date_gmt":"2018-07-24T12:59:15","guid":{"rendered":"http:\/\/www.hsfamericana.com.br\/?p=2482"},"modified":"2024-10-09T15:39:02","modified_gmt":"2024-10-09T15:39:02","slug":"queimadas-em-americana","status":"publish","type":"post","link":"https:\/\/hsfamericana.com.br\/index.php\/queimadas-em-americana\/","title":{"rendered":"Queimadas em Americana"},"content":{"rendered":"<p>O \u00edndice de inc\u00eandios criminosos em Americana aumenta a cada dia que passa e os causadores disso s\u00e3o os pr\u00f3prios moradores que n\u00e3o levam em considera\u00e7\u00e3o os perigos e danos causados pelo fogo.<\/p>\n<p>Como forma de dar fim ao mato, entulho, lixos e objetos n\u00e3o desejados, os moradores ateiam fogo, o qual se alastra facilmente devido a estarmos na \u00e9poca do ano que possui uma umidade do ar um pouco mais baixa.<\/p>\n<p>As queimadas trazem in\u00fameros malef\u00edcios para a sa\u00fade, como: doen\u00e7as card\u00edacas, doen\u00e7as respirat\u00f3rias, bronquite, irrita\u00e7\u00e3o das mucosas e garganta e acidentes vasculares cerebrais.<\/p>\n<p>Al\u00e9m disso, ainda interfere no ecossistema e clima, podendo agravar o aparecimento de animais pe\u00e7onhentos e aumento de doen\u00e7as.<\/p>\n<p>Caso queira se desfazer de algum entulho ou lixo, utilize os locais indicados abaixo para isso:<\/p>\n<p>&#8211; Jardim dos L\u00edrios \u2013 Rua Siriemas, 500 (pr\u00f3ximo a Garagem Municipal);<\/p>\n<p>&#8211; Jardim Bertoni \u2013 Avenida Roma, 4483 (esquina com a Rua Madri);<\/p>\n<p>&#8211; Jardim da Paz \u2013 Rua Estev\u00e3o Carlos Vicentini, 175 (no Residencial Dona Rosa);<\/p>\n<p>&#8211; Ant\u00f4nio Zanaga \u2013 Avenida do Rayon Viscose, 209.<\/p>\n<p>Os quatro locais ficam abertos de segunda a sexta das 07h \u00e0s 18h e aos s\u00e1bados das 08h \u00e0s 17h, sendo que cada habitante pode se desfazer de at\u00e9 1m\u00b3 de entulho por dia.<\/p>\n<p>S\u00e3o aplicadas multas por queimadas e descartes irregulares, se conscientize e denuncie!<\/p>\n<p>&nbsp;<\/p>\n<p><strong>Para den\u00fancias ligue:<\/strong><\/p>\n<p>&#8211; SAC (Servi\u00e7o de Atendimento ao Cidad\u00e3o): 19 3475.9024;<\/p>\n<p>&#8211; Unidade de Limpeza P\u00fablica: 19 3405.9444;<\/p>\n<p>&#8211; Secretaria do Meio Ambiente: 19 3471.7770;<\/p>\n<p>&#8211; Grupo de Prote\u00e7\u00e3o Ambiental (GPA): 153 ou 19 3407.0513.<\/p>\n<p>&nbsp;<\/p>\n<p>&nbsp;<\/p>\n<p><strong>Fonte:<\/strong> Assessoria <a href=\"https:\/\/www.hsfamericana.com.br\/\" target=\"_blank\" rel=\"noopener noreferrer\">HSF Americana<\/a><\/p>\n","protected":false},"excerpt":{"rendered":"<p>O \u00edndice de inc\u00eandios criminosos em Americana aumenta a cada dia que passa e os causadores disso s\u00e3o os pr\u00f3prios moradores que n\u00e3o levam em considera\u00e7\u00e3o os perigos e danos causados pelo fogo. Como forma de dar fim ao mato, entulho, lixos e objetos n\u00e3o desejados, os moradores ateiam fogo, o qual se alastra facilmente [&hellip;]<\/p>\n","protected":false},"author":2,"featured_media":0,"comment_status":"open","ping_status":"open","sticky":false,"template":"","format":"standard","meta":{"_acf_changed":false,"footnotes":""},"categories":[4],"tags":[51,23,80,79],"class_list":["post-2482","post","type-post","status-publish","format-standard","hentry","category-noticias","tag-doencas","tag-hsf-americana","tag-incendios-criminosos","tag-queimadas"],"acf":[],"yoast_head":"<!-- This site is optimized with the Yoast SEO plugin v25.2 - https:\/\/yoast.com\/wordpress\/plugins\/seo\/ -->\n<title>Queimadas em Americana &#8226; Hospital S\u00e3o Francisco de Americana<\/title>\n<meta name=\"robots\" content=\"index, follow, max-snippet:-1, max-image-preview:large, max-video-preview:-1\" \/>\n<link rel=\"canonical\" href=\"https:\/\/hsfamericana.com.br\/index.php\/queimadas-em-americana\/\" \/>\n<meta property=\"og:locale\" content=\"pt_BR\" \/>\n<meta property=\"og:type\" content=\"article\" \/>\n<meta property=\"og:title\" content=\"Queimadas em Americana &#8226; Hospital S\u00e3o Francisco de Americana\" \/>\n<meta property=\"og:description\" content=\"O \u00edndice de inc\u00eandios criminosos em Americana aumenta a cada dia que passa e os causadores disso s\u00e3o os pr\u00f3prios moradores que n\u00e3o levam em considera\u00e7\u00e3o os perigos e danos causados pelo fogo. Como forma de dar fim ao mato, entulho, lixos e objetos n\u00e3o desejados, os moradores ateiam fogo, o qual se alastra facilmente [&hellip;]\" \/>\n<meta property=\"og:url\" content=\"https:\/\/hsfamericana.com.br\/index.php\/queimadas-em-americana\/\" \/>\n<meta property=\"og:site_name\" content=\"Hospital S\u00e3o Francisco de Americana\" \/>\n<meta property=\"article:published_time\" content=\"2018-07-24T12:59:15+00:00\" \/>\n<meta property=\"article:modified_time\" content=\"2024-10-09T15:39:02+00:00\" \/>\n<meta name=\"author\" content=\"HSF Americana\" \/>\n<meta name=\"twitter:label1\" content=\"Escrito por\" \/>\n\t<meta name=\"twitter:data1\" content=\"HSF Americana\" \/>\n\t<meta name=\"twitter:label2\" content=\"Est. tempo de leitura\" \/>\n\t<meta name=\"twitter:data2\" content=\"1 minuto\" \/>\n<script type=\"application\/ld+json\" class=\"yoast-schema-graph\">{\"@context\":\"https:\/\/schema.org\",\"@graph\":[{\"@type\":\"WebPage\",\"@id\":\"https:\/\/hsfamericana.com.br\/index.php\/queimadas-em-americana\/\",\"url\":\"https:\/\/hsfamericana.com.br\/index.php\/queimadas-em-americana\/\",\"name\":\"Queimadas em Americana &#8226; Hospital S\u00e3o Francisco de Americana\",\"isPartOf\":{\"@id\":\"https:\/\/hsfamericana.com.br\/#website\"},\"datePublished\":\"2018-07-24T12:59:15+00:00\",\"dateModified\":\"2024-10-09T15:39:02+00:00\",\"author\":{\"@id\":\"https:\/\/hsfamericana.com.br\/#\/schema\/person\/3b12fcdd81c4d645a927c9ba010d1551\"},\"breadcrumb\":{\"@id\":\"https:\/\/hsfamericana.com.br\/index.php\/queimadas-em-americana\/#breadcrumb\"},\"inLanguage\":\"pt-BR\",\"potentialAction\":[{\"@type\":\"ReadAction\",\"target\":[\"https:\/\/hsfamericana.com.br\/index.php\/queimadas-em-americana\/\"]}]},{\"@type\":\"BreadcrumbList\",\"@id\":\"https:\/\/hsfamericana.com.br\/index.php\/queimadas-em-americana\/#breadcrumb\",\"itemListElement\":[{\"@type\":\"ListItem\",\"position\":1,\"name\":\"In\u00edcio\",\"item\":\"https:\/\/hsfamericana.com.br\/\"},{\"@type\":\"ListItem\",\"position\":2,\"name\":\"Queimadas em Americana\"}]},{\"@type\":\"WebSite\",\"@id\":\"https:\/\/hsfamericana.com.br\/#website\",\"url\":\"https:\/\/hsfamericana.com.br\/\",\"name\":\"Hospital S\u00e3o Francisco de Americana\",\"description\":\"O mais completo da regi\u00e3o de Campinas\",\"potentialAction\":[{\"@type\":\"SearchAction\",\"target\":{\"@type\":\"EntryPoint\",\"urlTemplate\":\"https:\/\/hsfamericana.com.br\/?s={search_term_string}\"},\"query-input\":{\"@type\":\"PropertyValueSpecification\",\"valueRequired\":true,\"valueName\":\"search_term_string\"}}],\"inLanguage\":\"pt-BR\"},{\"@type\":\"Person\",\"@id\":\"https:\/\/hsfamericana.com.br\/#\/schema\/person\/3b12fcdd81c4d645a927c9ba010d1551\",\"name\":\"HSF Americana\",\"image\":{\"@type\":\"ImageObject\",\"inLanguage\":\"pt-BR\",\"@id\":\"https:\/\/hsfamericana.com.br\/#\/schema\/person\/image\/\",\"url\":\"https:\/\/secure.gravatar.com\/avatar\/5166f96d8390f878591229db68525bd3f5c9f157e02efd0ba33755d400e0b4f1?s=96&d=mm&r=g\",\"contentUrl\":\"https:\/\/secure.gravatar.com\/avatar\/5166f96d8390f878591229db68525bd3f5c9f157e02efd0ba33755d400e0b4f1?s=96&d=mm&r=g\",\"caption\":\"HSF Americana\"},\"sameAs\":[\"https:\/\/www.hsfamericana.com.br\"],\"url\":\"https:\/\/hsfamericana.com.br\/index.php\/author\/nogueira\/\"}]}<\/script>\n<!-- \/ Yoast SEO plugin. -->","yoast_head_json":{"title":"Queimadas em Americana &#8226; Hospital S\u00e3o Francisco de Americana","robots":{"index":"index","follow":"follow","max-snippet":"max-snippet:-1","max-image-preview":"max-image-preview:large","max-video-preview":"max-video-preview:-1"},"canonical":"https:\/\/hsfamericana.com.br\/index.php\/queimadas-em-americana\/","og_locale":"pt_BR","og_type":"article","og_title":"Queimadas em Americana &#8226; Hospital S\u00e3o Francisco de Americana","og_description":"O \u00edndice de inc\u00eandios criminosos em Americana aumenta a cada dia que passa e os causadores disso s\u00e3o os pr\u00f3prios moradores que n\u00e3o levam em considera\u00e7\u00e3o os perigos e danos causados pelo fogo. Como forma de dar fim ao mato, entulho, lixos e objetos n\u00e3o desejados, os moradores ateiam fogo, o qual se alastra facilmente [&hellip;]","og_url":"https:\/\/hsfamericana.com.br\/index.php\/queimadas-em-americana\/","og_site_name":"Hospital S\u00e3o Francisco de Americana","article_published_time":"2018-07-24T12:59:15+00:00","article_modified_time":"2024-10-09T15:39:02+00:00","author":"HSF Americana","twitter_misc":{"Escrito por":"HSF Americana","Est. tempo de leitura":"1 minuto"},"schema":{"@context":"https:\/\/schema.org","@graph":[{"@type":"WebPage","@id":"https:\/\/hsfamericana.com.br\/index.php\/queimadas-em-americana\/","url":"https:\/\/hsfamericana.com.br\/index.php\/queimadas-em-americana\/","name":"Queimadas em Americana &#8226; Hospital S\u00e3o Francisco de Americana","isPartOf":{"@id":"https:\/\/hsfamericana.com.br\/#website"},"datePublished":"2018-07-24T12:59:15+00:00","dateModified":"2024-10-09T15:39:02+00:00","author":{"@id":"https:\/\/hsfamericana.com.br\/#\/schema\/person\/3b12fcdd81c4d645a927c9ba010d1551"},"breadcrumb":{"@id":"https:\/\/hsfamericana.com.br\/index.php\/queimadas-em-americana\/#breadcrumb"},"inLanguage":"pt-BR","potentialAction":[{"@type":"ReadAction","target":["https:\/\/hsfamericana.com.br\/index.php\/queimadas-em-americana\/"]}]},{"@type":"BreadcrumbList","@id":"https:\/\/hsfamericana.com.br\/index.php\/queimadas-em-americana\/#breadcrumb","itemListElement":[{"@type":"ListItem","position":1,"name":"In\u00edcio","item":"https:\/\/hsfamericana.com.br\/"},{"@type":"ListItem","position":2,"name":"Queimadas em Americana"}]},{"@type":"WebSite","@id":"https:\/\/hsfamericana.com.br\/#website","url":"https:\/\/hsfamericana.com.br\/","name":"Hospital S\u00e3o Francisco de Americana","description":"O mais completo da regi\u00e3o de Campinas","potentialAction":[{"@type":"SearchAction","target":{"@type":"EntryPoint","urlTemplate":"https:\/\/hsfamericana.com.br\/?s={search_term_string}"},"query-input":{"@type":"PropertyValueSpecification","valueRequired":true,"valueName":"search_term_string"}}],"inLanguage":"pt-BR"},{"@type":"Person","@id":"https:\/\/hsfamericana.com.br\/#\/schema\/person\/3b12fcdd81c4d645a927c9ba010d1551","name":"HSF Americana","image":{"@type":"ImageObject","inLanguage":"pt-BR","@id":"https:\/\/hsfamericana.com.br\/#\/schema\/person\/image\/","url":"https:\/\/secure.gravatar.com\/avatar\/5166f96d8390f878591229db68525bd3f5c9f157e02efd0ba33755d400e0b4f1?s=96&d=mm&r=g","contentUrl":"https:\/\/secure.gravatar.com\/avatar\/5166f96d8390f878591229db68525bd3f5c9f157e02efd0ba33755d400e0b4f1?s=96&d=mm&r=g","caption":"HSF Americana"},"sameAs":["https:\/\/www.hsfamericana.com.br"],"url":"https:\/\/hsfamericana.com.br\/index.php\/author\/nogueira\/"}]}},"_links":{"self":[{"href":"https:\/\/hsfamericana.com.br\/index.php\/wp-json\/wp\/v2\/posts\/2482","targetHints":{"allow":["GET"]}}],"collection":[{"href":"https:\/\/hsfamericana.com.br\/index.php\/wp-json\/wp\/v2\/posts"}],"about":[{"href":"https:\/\/hsfamericana.com.br\/index.php\/wp-json\/wp\/v2\/types\/post"}],"author":[{"embeddable":true,"href":"https:\/\/hsfamericana.com.br\/index.php\/wp-json\/wp\/v2\/users\/2"}],"replies":[{"embeddable":true,"href":"https:\/\/hsfamericana.com.br\/index.php\/wp-json\/wp\/v2\/comments?post=2482"}],"version-history":[{"count":1,"href":"https:\/\/hsfamericana.com.br\/index.php\/wp-json\/wp\/v2\/posts\/2482\/revisions"}],"predecessor-version":[{"id":5494,"href":"https:\/\/hsfamericana.com.br\/index.php\/wp-json\/wp\/v2\/posts\/2482\/revisions\/5494"}],"wp:attachment":[{"href":"https:\/\/hsfamericana.com.br\/index.php\/wp-json\/wp\/v2\/media?parent=2482"}],"wp:term":[{"taxonomy":"category","embeddable":true,"href":"https:\/\/hsfamericana.com.br\/index.php\/wp-json\/wp\/v2\/categories?post=2482"},{"taxonomy":"post_tag","embeddable":true,"href":"https:\/\/hsfamericana.com.br\/index.php\/wp-json\/wp\/v2\/tags?post=2482"}],"curies":[{"name":"wp","href":"https:\/\/api.w.org\/{rel}","templated":true}]}}