{"id":2516,"date":"2018-10-17T18:08:09","date_gmt":"2018-10-17T18:08:09","guid":{"rendered":"http:\/\/www.hsfamericana.com.br\/?p=2516"},"modified":"2018-10-17T18:08:09","modified_gmt":"2018-10-17T18:08:09","slug":"hsf-na-luta-contra-o-cancer-de-mama-no-outubro-rosa","status":"publish","type":"post","link":"https:\/\/hsfamericana.com.br\/index.php\/hsf-na-luta-contra-o-cancer-de-mama-no-outubro-rosa\/","title":{"rendered":"HSF na luta contra o c\u00e2ncer de mama no Outubro Rosa"},"content":{"rendered":"<a href=\"http:\/\/www.hsfamericana.com.br\/wp-content\/uploads\/2018\/10\/Imagem-HSF.jpg\"><img loading=\"lazy\" decoding=\"async\" class=\"aligncenter size-full wp-image-2517\" src=\"http:\/\/www.hsfamericana.com.br\/wp-content\/uploads\/2018\/10\/Imagem-HSF.jpg\" alt=\"\" width=\"800\" height=\"374\" srcset=\"https:\/\/hsfamericana.com.br\/wp-content\/uploads\/2018\/10\/Imagem-HSF.jpg 800w, https:\/\/hsfamericana.com.br\/wp-content\/uploads\/2018\/10\/Imagem-HSF-768x359.jpg 768w\" sizes=\"auto, (max-width: 800px) 100vw, 800px\" \/><\/a>\n<p>Em 1990 surgiu o movimento <strong>OUTUBRO ROSA<\/strong> para incentivar a popula\u00e7\u00e3o a lutar em conjunto no controle do c\u00e2ncer de mama. Mesmo sendo combatido e difundido todos os dias em consult\u00f3rios e no hospital, o m\u00eas de outubro foi escolhido para promover alta conscientiza\u00e7\u00e3o.<\/p>\n<p>O c\u00e2ncer de mama pode ser diagnosticado precocemente com o autoexame da mulher na mama. Dessa forma, ela \u00e9 diagnosticada e tratada antes de uma complica\u00e7\u00e3o maior, diminuindo drasticamente a mortalidade.<\/p>\n<p>Segundo Douglas Guzzo, diretor do <a href=\"http:\/\/www.hsfamericana.com.br\/\" target=\"_blank\">Hospital S\u00e3o Francisco<\/a>, ano a ano o movimento ganha mais for\u00e7a e mais mulheres s\u00e3o impactadas. &#8220;Antigamente muitas mulheres n\u00e3o falavam sobre suas doen\u00e7as. Se fechavam para ajuda e tinham vergonha de assumir que tinham c\u00e2ncer. Hoje, incentivamos sempre a conversa, o autoexame e a import\u00e2ncia do diagn\u00f3stico precoce. E j\u00e1 podemos dizer que houve queda na mortalidade&#8221;.<\/p>\n<p>A campanha de 2018 do Instituto Nacional de C\u00e2ncer Jos\u00e9 de Alencar Gomes da Silva (INCA) do Minist\u00e9rio da Sa\u00fade, intitulada de &#8220;C\u00e2ncer de Mama: vamos falar sobre isso?&#8221;, tem o objetivo de fortalecer as recomenda\u00e7\u00f5es do Governo para o rastreamento e o diagn\u00f3stico precoce, desmistificando conceitos em rela\u00e7\u00e3o \u00e0 doen\u00e7a.<\/p>\n<p>&#8220;\u00c9 muito importante o autoexame, pois s\u00f3 assim as mulheres conseguem sentir suas mamas e notar pequenas altera\u00e7\u00f5es como caro\u00e7os, pele avermelhada, altera\u00e7\u00f5es no bico, pequenos n\u00f3dulos embaixo dos bra\u00e7os e sa\u00eddas espont\u00e2neas de l\u00edquido dos mamilos. Qualquer altera\u00e7\u00e3o, procure seu m\u00e9dico rapidamente&#8221;, finalizou Guzzo.<\/p>\n<p>Preven\u00e7\u00e3o:<br \/>\nPara prevenir a doen\u00e7a, segue algumas dicas do <a href=\"http:\/\/www.hsfamericana.com.br\/\" target=\"_blank\">HSF<\/a>:<br \/>\n&#8211; Pratique atividades f\u00edsicas regularmente;<br \/>\n&#8211; Alimente-se de forma saud\u00e1vel;<br \/>\n&#8211; Mantenha um peso adequado para seu corpo;<br \/>\n&#8211; Evite o consumo de bebidas alco\u00f3licas;<br \/>\n&#8211; Amamente quando lactante.<\/p>\n<p>O C\u00e2ncer:<br \/>\nO c\u00e2ncer de mama \u00e9 causado pela multiplica\u00e7\u00e3o de c\u00e9lulas anormais da mama, formando um tumor. No Brasil, estima-se 59.700 casos novos para cada ano do bi\u00eanio 2018-2019.<\/p>\n<p>&nbsp;<\/p>\n<p><strong>Fonte:<\/strong> Assessoria <a href=\"http:\/\/www.hsfamericana.com.br\/\" target=\"_blank\">HSF<\/a><br \/>\n<strong>Foto:<\/strong> Freepik<\/p>\n","protected":false},"excerpt":{"rendered":"<p>Em 1990 surgiu o movimento OUTUBRO ROSA para incentivar a popula\u00e7\u00e3o a lutar em conjunto no controle do c\u00e2ncer de mama. Mesmo sendo combatido e difundido todos os dias em consult\u00f3rios e no hospital, o m\u00eas de outubro foi escolhido para promover alta conscientiza\u00e7\u00e3o. O c\u00e2ncer de mama pode ser diagnosticado precocemente com o autoexame [&hellip;]<\/p>\n","protected":false},"author":2,"featured_media":0,"comment_status":"open","ping_status":"open","sticky":false,"template":"","format":"standard","meta":{"_acf_changed":false,"footnotes":""},"categories":[4],"tags":[34,91,89,33,28,27,90,66],"class_list":["post-2516","post","type-post","status-publish","format-standard","hentry","category-noticias","tag-cancer-de-mama","tag-diagnostico","tag-mulher","tag-outubro-rosa","tag-prevencao","tag-saude","tag-saude-da-mulher","tag-sintomas"],"acf":[],"yoast_head":"<!-- This site is optimized with the Yoast SEO plugin v25.2 - https:\/\/yoast.com\/wordpress\/plugins\/seo\/ -->\n<title>HSF na luta contra o c\u00e2ncer de mama no Outubro Rosa &#8226; Hospital S\u00e3o Francisco de Americana<\/title>\n<meta name=\"robots\" content=\"index, follow, max-snippet:-1, max-image-preview:large, max-video-preview:-1\" \/>\n<link rel=\"canonical\" href=\"https:\/\/hsfamericana.com.br\/index.php\/hsf-na-luta-contra-o-cancer-de-mama-no-outubro-rosa\/\" \/>\n<meta property=\"og:locale\" content=\"pt_BR\" \/>\n<meta property=\"og:type\" content=\"article\" \/>\n<meta property=\"og:title\" content=\"HSF na luta contra o c\u00e2ncer de mama no Outubro Rosa &#8226; Hospital S\u00e3o Francisco de Americana\" \/>\n<meta property=\"og:description\" content=\"Em 1990 surgiu o movimento OUTUBRO ROSA para incentivar a popula\u00e7\u00e3o a lutar em conjunto no controle do c\u00e2ncer de mama. Mesmo sendo combatido e difundido todos os dias em consult\u00f3rios e no hospital, o m\u00eas de outubro foi escolhido para promover alta conscientiza\u00e7\u00e3o. O c\u00e2ncer de mama pode ser diagnosticado precocemente com o autoexame [&hellip;]\" \/>\n<meta property=\"og:url\" content=\"https:\/\/hsfamericana.com.br\/index.php\/hsf-na-luta-contra-o-cancer-de-mama-no-outubro-rosa\/\" \/>\n<meta property=\"og:site_name\" content=\"Hospital S\u00e3o Francisco de Americana\" \/>\n<meta property=\"article:published_time\" content=\"2018-10-17T18:08:09+00:00\" \/>\n<meta property=\"og:image\" content=\"http:\/\/www.hsfamericana.com.br\/wp-content\/uploads\/2018\/10\/Imagem-HSF.jpg\" \/>\n<meta name=\"author\" content=\"HSF Americana\" \/>\n<meta name=\"twitter:label1\" content=\"Escrito por\" \/>\n\t<meta name=\"twitter:data1\" content=\"HSF Americana\" \/>\n\t<meta name=\"twitter:label2\" content=\"Est. tempo de leitura\" \/>\n\t<meta name=\"twitter:data2\" content=\"2 minutos\" \/>\n<script type=\"application\/ld+json\" class=\"yoast-schema-graph\">{\"@context\":\"https:\/\/schema.org\",\"@graph\":[{\"@type\":\"WebPage\",\"@id\":\"https:\/\/hsfamericana.com.br\/index.php\/hsf-na-luta-contra-o-cancer-de-mama-no-outubro-rosa\/\",\"url\":\"https:\/\/hsfamericana.com.br\/index.php\/hsf-na-luta-contra-o-cancer-de-mama-no-outubro-rosa\/\",\"name\":\"HSF na luta contra o c\u00e2ncer de mama no Outubro Rosa &#8226; Hospital S\u00e3o Francisco de Americana\",\"isPartOf\":{\"@id\":\"https:\/\/hsfamericana.com.br\/#website\"},\"primaryImageOfPage\":{\"@id\":\"https:\/\/hsfamericana.com.br\/index.php\/hsf-na-luta-contra-o-cancer-de-mama-no-outubro-rosa\/#primaryimage\"},\"image\":{\"@id\":\"https:\/\/hsfamericana.com.br\/index.php\/hsf-na-luta-contra-o-cancer-de-mama-no-outubro-rosa\/#primaryimage\"},\"thumbnailUrl\":\"http:\/\/www.hsfamericana.com.br\/wp-content\/uploads\/2018\/10\/Imagem-HSF.jpg\",\"datePublished\":\"2018-10-17T18:08:09+00:00\",\"author\":{\"@id\":\"https:\/\/hsfamericana.com.br\/#\/schema\/person\/3b12fcdd81c4d645a927c9ba010d1551\"},\"breadcrumb\":{\"@id\":\"https:\/\/hsfamericana.com.br\/index.php\/hsf-na-luta-contra-o-cancer-de-mama-no-outubro-rosa\/#breadcrumb\"},\"inLanguage\":\"pt-BR\",\"potentialAction\":[{\"@type\":\"ReadAction\",\"target\":[\"https:\/\/hsfamericana.com.br\/index.php\/hsf-na-luta-contra-o-cancer-de-mama-no-outubro-rosa\/\"]}]},{\"@type\":\"ImageObject\",\"inLanguage\":\"pt-BR\",\"@id\":\"https:\/\/hsfamericana.com.br\/index.php\/hsf-na-luta-contra-o-cancer-de-mama-no-outubro-rosa\/#primaryimage\",\"url\":\"http:\/\/www.hsfamericana.com.br\/wp-content\/uploads\/2018\/10\/Imagem-HSF.jpg\",\"contentUrl\":\"http:\/\/www.hsfamericana.com.br\/wp-content\/uploads\/2018\/10\/Imagem-HSF.jpg\"},{\"@type\":\"BreadcrumbList\",\"@id\":\"https:\/\/hsfamericana.com.br\/index.php\/hsf-na-luta-contra-o-cancer-de-mama-no-outubro-rosa\/#breadcrumb\",\"itemListElement\":[{\"@type\":\"ListItem\",\"position\":1,\"name\":\"In\u00edcio\",\"item\":\"https:\/\/hsfamericana.com.br\/\"},{\"@type\":\"ListItem\",\"position\":2,\"name\":\"HSF na luta contra o c\u00e2ncer de mama no Outubro Rosa\"}]},{\"@type\":\"WebSite\",\"@id\":\"https:\/\/hsfamericana.com.br\/#website\",\"url\":\"https:\/\/hsfamericana.com.br\/\",\"name\":\"Hospital S\u00e3o Francisco de Americana\",\"description\":\"O mais completo da regi\u00e3o de Campinas\",\"potentialAction\":[{\"@type\":\"SearchAction\",\"target\":{\"@type\":\"EntryPoint\",\"urlTemplate\":\"https:\/\/hsfamericana.com.br\/?s={search_term_string}\"},\"query-input\":{\"@type\":\"PropertyValueSpecification\",\"valueRequired\":true,\"valueName\":\"search_term_string\"}}],\"inLanguage\":\"pt-BR\"},{\"@type\":\"Person\",\"@id\":\"https:\/\/hsfamericana.com.br\/#\/schema\/person\/3b12fcdd81c4d645a927c9ba010d1551\",\"name\":\"HSF Americana\",\"image\":{\"@type\":\"ImageObject\",\"inLanguage\":\"pt-BR\",\"@id\":\"https:\/\/hsfamericana.com.br\/#\/schema\/person\/image\/\",\"url\":\"https:\/\/secure.gravatar.com\/avatar\/5166f96d8390f878591229db68525bd3f5c9f157e02efd0ba33755d400e0b4f1?s=96&d=mm&r=g\",\"contentUrl\":\"https:\/\/secure.gravatar.com\/avatar\/5166f96d8390f878591229db68525bd3f5c9f157e02efd0ba33755d400e0b4f1?s=96&d=mm&r=g\",\"caption\":\"HSF Americana\"},\"sameAs\":[\"https:\/\/www.hsfamericana.com.br\"],\"url\":\"https:\/\/hsfamericana.com.br\/index.php\/author\/nogueira\/\"}]}<\/script>\n<!-- \/ Yoast SEO plugin. -->","yoast_head_json":{"title":"HSF na luta contra o c\u00e2ncer de mama no Outubro Rosa &#8226; Hospital S\u00e3o Francisco de Americana","robots":{"index":"index","follow":"follow","max-snippet":"max-snippet:-1","max-image-preview":"max-image-preview:large","max-video-preview":"max-video-preview:-1"},"canonical":"https:\/\/hsfamericana.com.br\/index.php\/hsf-na-luta-contra-o-cancer-de-mama-no-outubro-rosa\/","og_locale":"pt_BR","og_type":"article","og_title":"HSF na luta contra o c\u00e2ncer de mama no Outubro Rosa &#8226; Hospital S\u00e3o Francisco de Americana","og_description":"Em 1990 surgiu o movimento OUTUBRO ROSA para incentivar a popula\u00e7\u00e3o a lutar em conjunto no controle do c\u00e2ncer de mama. Mesmo sendo combatido e difundido todos os dias em consult\u00f3rios e no hospital, o m\u00eas de outubro foi escolhido para promover alta conscientiza\u00e7\u00e3o. O c\u00e2ncer de mama pode ser diagnosticado precocemente com o autoexame [&hellip;]","og_url":"https:\/\/hsfamericana.com.br\/index.php\/hsf-na-luta-contra-o-cancer-de-mama-no-outubro-rosa\/","og_site_name":"Hospital S\u00e3o Francisco de Americana","article_published_time":"2018-10-17T18:08:09+00:00","og_image":[{"url":"http:\/\/www.hsfamericana.com.br\/wp-content\/uploads\/2018\/10\/Imagem-HSF.jpg","type":"","width":"","height":""}],"author":"HSF Americana","twitter_misc":{"Escrito por":"HSF Americana","Est. tempo de leitura":"2 minutos"},"schema":{"@context":"https:\/\/schema.org","@graph":[{"@type":"WebPage","@id":"https:\/\/hsfamericana.com.br\/index.php\/hsf-na-luta-contra-o-cancer-de-mama-no-outubro-rosa\/","url":"https:\/\/hsfamericana.com.br\/index.php\/hsf-na-luta-contra-o-cancer-de-mama-no-outubro-rosa\/","name":"HSF na luta contra o c\u00e2ncer de mama no Outubro Rosa &#8226; Hospital S\u00e3o Francisco de Americana","isPartOf":{"@id":"https:\/\/hsfamericana.com.br\/#website"},"primaryImageOfPage":{"@id":"https:\/\/hsfamericana.com.br\/index.php\/hsf-na-luta-contra-o-cancer-de-mama-no-outubro-rosa\/#primaryimage"},"image":{"@id":"https:\/\/hsfamericana.com.br\/index.php\/hsf-na-luta-contra-o-cancer-de-mama-no-outubro-rosa\/#primaryimage"},"thumbnailUrl":"http:\/\/www.hsfamericana.com.br\/wp-content\/uploads\/2018\/10\/Imagem-HSF.jpg","datePublished":"2018-10-17T18:08:09+00:00","author":{"@id":"https:\/\/hsfamericana.com.br\/#\/schema\/person\/3b12fcdd81c4d645a927c9ba010d1551"},"breadcrumb":{"@id":"https:\/\/hsfamericana.com.br\/index.php\/hsf-na-luta-contra-o-cancer-de-mama-no-outubro-rosa\/#breadcrumb"},"inLanguage":"pt-BR","potentialAction":[{"@type":"ReadAction","target":["https:\/\/hsfamericana.com.br\/index.php\/hsf-na-luta-contra-o-cancer-de-mama-no-outubro-rosa\/"]}]},{"@type":"ImageObject","inLanguage":"pt-BR","@id":"https:\/\/hsfamericana.com.br\/index.php\/hsf-na-luta-contra-o-cancer-de-mama-no-outubro-rosa\/#primaryimage","url":"http:\/\/www.hsfamericana.com.br\/wp-content\/uploads\/2018\/10\/Imagem-HSF.jpg","contentUrl":"http:\/\/www.hsfamericana.com.br\/wp-content\/uploads\/2018\/10\/Imagem-HSF.jpg"},{"@type":"BreadcrumbList","@id":"https:\/\/hsfamericana.com.br\/index.php\/hsf-na-luta-contra-o-cancer-de-mama-no-outubro-rosa\/#breadcrumb","itemListElement":[{"@type":"ListItem","position":1,"name":"In\u00edcio","item":"https:\/\/hsfamericana.com.br\/"},{"@type":"ListItem","position":2,"name":"HSF na luta contra o c\u00e2ncer de mama no Outubro Rosa"}]},{"@type":"WebSite","@id":"https:\/\/hsfamericana.com.br\/#website","url":"https:\/\/hsfamericana.com.br\/","name":"Hospital S\u00e3o Francisco de Americana","description":"O mais completo da regi\u00e3o de Campinas","potentialAction":[{"@type":"SearchAction","target":{"@type":"EntryPoint","urlTemplate":"https:\/\/hsfamericana.com.br\/?s={search_term_string}"},"query-input":{"@type":"PropertyValueSpecification","valueRequired":true,"valueName":"search_term_string"}}],"inLanguage":"pt-BR"},{"@type":"Person","@id":"https:\/\/hsfamericana.com.br\/#\/schema\/person\/3b12fcdd81c4d645a927c9ba010d1551","name":"HSF Americana","image":{"@type":"ImageObject","inLanguage":"pt-BR","@id":"https:\/\/hsfamericana.com.br\/#\/schema\/person\/image\/","url":"https:\/\/secure.gravatar.com\/avatar\/5166f96d8390f878591229db68525bd3f5c9f157e02efd0ba33755d400e0b4f1?s=96&d=mm&r=g","contentUrl":"https:\/\/secure.gravatar.com\/avatar\/5166f96d8390f878591229db68525bd3f5c9f157e02efd0ba33755d400e0b4f1?s=96&d=mm&r=g","caption":"HSF Americana"},"sameAs":["https:\/\/www.hsfamericana.com.br"],"url":"https:\/\/hsfamericana.com.br\/index.php\/author\/nogueira\/"}]}},"_links":{"self":[{"href":"https:\/\/hsfamericana.com.br\/index.php\/wp-json\/wp\/v2\/posts\/2516","targetHints":{"allow":["GET"]}}],"collection":[{"href":"https:\/\/hsfamericana.com.br\/index.php\/wp-json\/wp\/v2\/posts"}],"about":[{"href":"https:\/\/hsfamericana.com.br\/index.php\/wp-json\/wp\/v2\/types\/post"}],"author":[{"embeddable":true,"href":"https:\/\/hsfamericana.com.br\/index.php\/wp-json\/wp\/v2\/users\/2"}],"replies":[{"embeddable":true,"href":"https:\/\/hsfamericana.com.br\/index.php\/wp-json\/wp\/v2\/comments?post=2516"}],"version-history":[{"count":0,"href":"https:\/\/hsfamericana.com.br\/index.php\/wp-json\/wp\/v2\/posts\/2516\/revisions"}],"wp:attachment":[{"href":"https:\/\/hsfamericana.com.br\/index.php\/wp-json\/wp\/v2\/media?parent=2516"}],"wp:term":[{"taxonomy":"category","embeddable":true,"href":"https:\/\/hsfamericana.com.br\/index.php\/wp-json\/wp\/v2\/categories?post=2516"},{"taxonomy":"post_tag","embeddable":true,"href":"https:\/\/hsfamericana.com.br\/index.php\/wp-json\/wp\/v2\/tags?post=2516"}],"curies":[{"name":"wp","href":"https:\/\/api.w.org\/{rel}","templated":true}]}}