{"id":2534,"date":"2019-01-10T11:45:55","date_gmt":"2019-01-10T11:45:55","guid":{"rendered":"http:\/\/www.hsfamericana.com.br\/?p=2534"},"modified":"2019-01-10T11:45:55","modified_gmt":"2019-01-10T11:45:55","slug":"janeiro-branco-incentiva-saude-mental-da-humanidade","status":"publish","type":"post","link":"https:\/\/hsfamericana.com.br\/index.php\/janeiro-branco-incentiva-saude-mental-da-humanidade\/","title":{"rendered":"Janeiro Branco incentiva sa\u00fade mental da humanidade"},"content":{"rendered":"<img loading=\"lazy\" decoding=\"async\" class=\"aligncenter size-full wp-image-2535\" src=\"http:\/\/www.hsfamericana.com.br\/wp-content\/uploads\/2019\/01\/Janeiro-Branco.jpg\" alt=\"Janeiro Branco\" width=\"800\" height=\"374\" srcset=\"https:\/\/hsfamericana.com.br\/wp-content\/uploads\/2019\/01\/Janeiro-Branco.jpg 800w, https:\/\/hsfamericana.com.br\/wp-content\/uploads\/2019\/01\/Janeiro-Branco-768x359.jpg 768w\" sizes=\"auto, (max-width: 800px) 100vw, 800px\" \/>\n<p>A campanha Janeiro Branco foi criada por psic\u00f3logos do Brasil e \u00e9 dedicada a colocar os temas da sa\u00fade mental em m\u00e1xima evid\u00eancia no mundo em nome da preven\u00e7\u00e3o ao adoecimento emocional da humanidade. S\u00e3o conversas mostrando alternativas para vidas saud\u00e1veis, relacionamentos com mais sentido e exist\u00eancias com mais prop\u00f3sitos.<\/p>\n<p>Segundo o diretor do <a href=\"http:\/\/www.hsfamericana.com.br\/\" target=\"_blank\">Hospital S\u00e3o Francisco<\/a>, Douglas Guzzo, todo tempo \u00e9 tempo de cuidar da sa\u00fade mental, mas janeiro \u00e9 uma janela aberta para essa causa. &#8220;O m\u00eas de janeiro \u00e9 tempo de novos ciclos, novos tempos, reflex\u00f5es, novas perspectivas e a simbologia do ano novo permite novas avalia\u00e7\u00f5es, pensamentos, introspec\u00e7\u00f5es, renova\u00e7\u00f5es e a subjetividades&#8221;.<\/p>\n<p>O <a href=\"http:\/\/www.hsfamericana.com.br\/\" target=\"_blank\">Hospital S\u00e3o Francisco<\/a> apoia essa causa e incentiva o cuidado com a vida. &#8220;Estamos sempre orientando as pessoas a pensarem em suas vidas, a reescreverem as suas hist\u00f3rias caso necess\u00e1rio, a cuidarem das suas emo\u00e7\u00f5es, investirem em autoconhecimento, avaliarem as suas rela\u00e7\u00f5es, buscarem prop\u00f3sitos para as suas exist\u00eancias e a protegerem as suas sa\u00fades mentais&#8221;, acrescentou o diretor.<\/p>\n<p>Janeiro Branco \u00e9 demonstra\u00e7\u00e3o de amor \u00e0 humanidade, responsabilidade social, buscando evitar sofrimentos, dores, viol\u00eancias. Converse com um profissional, seja psic\u00f3logo, psiquiatras e assistentes sociais. Todos est\u00e3o trabalhando em prol do bem-estar da popula\u00e7\u00e3o.<\/p>\n<p>&nbsp;<\/p>\n<p>&nbsp;<\/p>\n<p><strong>Fonte:<\/strong> Assessoria <a href=\"http:\/\/www.hsfamericana.com.br\/\" target=\"_blank\">HSF<\/a><br \/>\n<strong>Foto\/Cr\u00e9dito:<\/strong> Istock<\/p>\n","protected":false},"excerpt":{"rendered":"<p>A campanha Janeiro Branco foi criada por psic\u00f3logos do Brasil e \u00e9 dedicada a colocar os temas da sa\u00fade mental em m\u00e1xima evid\u00eancia no mundo em nome da preven\u00e7\u00e3o ao adoecimento emocional da humanidade. S\u00e3o conversas mostrando alternativas para vidas saud\u00e1veis, relacionamentos com mais sentido e exist\u00eancias com mais prop\u00f3sitos. Segundo o diretor do Hospital [&hellip;]<\/p>\n","protected":false},"author":2,"featured_media":0,"comment_status":"open","ping_status":"open","sticky":false,"template":"","format":"standard","meta":{"_acf_changed":false,"footnotes":""},"categories":[4],"tags":[82,100,101,28,102],"class_list":["post-2534","post","type-post","status-publish","format-standard","hentry","category-noticias","tag-doenca","tag-janeiro","tag-janeiro-branco","tag-prevencao","tag-saude-mental"],"acf":[],"yoast_head":"<!-- This site is optimized with the Yoast SEO plugin v25.2 - https:\/\/yoast.com\/wordpress\/plugins\/seo\/ -->\n<title>Janeiro Branco incentiva sa\u00fade mental da humanidade &#8226; Hospital S\u00e3o Francisco de Americana<\/title>\n<meta name=\"robots\" content=\"index, follow, max-snippet:-1, max-image-preview:large, max-video-preview:-1\" \/>\n<link rel=\"canonical\" href=\"https:\/\/hsfamericana.com.br\/index.php\/janeiro-branco-incentiva-saude-mental-da-humanidade\/\" \/>\n<meta property=\"og:locale\" content=\"pt_BR\" \/>\n<meta property=\"og:type\" content=\"article\" \/>\n<meta property=\"og:title\" content=\"Janeiro Branco incentiva sa\u00fade mental da humanidade &#8226; Hospital S\u00e3o Francisco de Americana\" \/>\n<meta property=\"og:description\" content=\"A campanha Janeiro Branco foi criada por psic\u00f3logos do Brasil e \u00e9 dedicada a colocar os temas da sa\u00fade mental em m\u00e1xima evid\u00eancia no mundo em nome da preven\u00e7\u00e3o ao adoecimento emocional da humanidade. S\u00e3o conversas mostrando alternativas para vidas saud\u00e1veis, relacionamentos com mais sentido e exist\u00eancias com mais prop\u00f3sitos. Segundo o diretor do Hospital [&hellip;]\" \/>\n<meta property=\"og:url\" content=\"https:\/\/hsfamericana.com.br\/index.php\/janeiro-branco-incentiva-saude-mental-da-humanidade\/\" \/>\n<meta property=\"og:site_name\" content=\"Hospital S\u00e3o Francisco de Americana\" \/>\n<meta property=\"article:published_time\" content=\"2019-01-10T11:45:55+00:00\" \/>\n<meta property=\"og:image\" content=\"http:\/\/www.hsfamericana.com.br\/wp-content\/uploads\/2019\/01\/Janeiro-Branco.jpg\" \/>\n<meta name=\"author\" content=\"HSF Americana\" \/>\n<meta name=\"twitter:label1\" content=\"Escrito por\" \/>\n\t<meta name=\"twitter:data1\" content=\"HSF Americana\" \/>\n\t<meta name=\"twitter:label2\" content=\"Est. tempo de leitura\" \/>\n\t<meta name=\"twitter:data2\" content=\"1 minuto\" \/>\n<script type=\"application\/ld+json\" class=\"yoast-schema-graph\">{\"@context\":\"https:\/\/schema.org\",\"@graph\":[{\"@type\":\"WebPage\",\"@id\":\"https:\/\/hsfamericana.com.br\/index.php\/janeiro-branco-incentiva-saude-mental-da-humanidade\/\",\"url\":\"https:\/\/hsfamericana.com.br\/index.php\/janeiro-branco-incentiva-saude-mental-da-humanidade\/\",\"name\":\"Janeiro Branco incentiva sa\u00fade mental da humanidade &#8226; Hospital S\u00e3o Francisco de Americana\",\"isPartOf\":{\"@id\":\"https:\/\/hsfamericana.com.br\/#website\"},\"primaryImageOfPage\":{\"@id\":\"https:\/\/hsfamericana.com.br\/index.php\/janeiro-branco-incentiva-saude-mental-da-humanidade\/#primaryimage\"},\"image\":{\"@id\":\"https:\/\/hsfamericana.com.br\/index.php\/janeiro-branco-incentiva-saude-mental-da-humanidade\/#primaryimage\"},\"thumbnailUrl\":\"http:\/\/www.hsfamericana.com.br\/wp-content\/uploads\/2019\/01\/Janeiro-Branco.jpg\",\"datePublished\":\"2019-01-10T11:45:55+00:00\",\"author\":{\"@id\":\"https:\/\/hsfamericana.com.br\/#\/schema\/person\/3b12fcdd81c4d645a927c9ba010d1551\"},\"breadcrumb\":{\"@id\":\"https:\/\/hsfamericana.com.br\/index.php\/janeiro-branco-incentiva-saude-mental-da-humanidade\/#breadcrumb\"},\"inLanguage\":\"pt-BR\",\"potentialAction\":[{\"@type\":\"ReadAction\",\"target\":[\"https:\/\/hsfamericana.com.br\/index.php\/janeiro-branco-incentiva-saude-mental-da-humanidade\/\"]}]},{\"@type\":\"ImageObject\",\"inLanguage\":\"pt-BR\",\"@id\":\"https:\/\/hsfamericana.com.br\/index.php\/janeiro-branco-incentiva-saude-mental-da-humanidade\/#primaryimage\",\"url\":\"http:\/\/www.hsfamericana.com.br\/wp-content\/uploads\/2019\/01\/Janeiro-Branco.jpg\",\"contentUrl\":\"http:\/\/www.hsfamericana.com.br\/wp-content\/uploads\/2019\/01\/Janeiro-Branco.jpg\"},{\"@type\":\"BreadcrumbList\",\"@id\":\"https:\/\/hsfamericana.com.br\/index.php\/janeiro-branco-incentiva-saude-mental-da-humanidade\/#breadcrumb\",\"itemListElement\":[{\"@type\":\"ListItem\",\"position\":1,\"name\":\"In\u00edcio\",\"item\":\"https:\/\/hsfamericana.com.br\/\"},{\"@type\":\"ListItem\",\"position\":2,\"name\":\"Janeiro Branco incentiva sa\u00fade mental da humanidade\"}]},{\"@type\":\"WebSite\",\"@id\":\"https:\/\/hsfamericana.com.br\/#website\",\"url\":\"https:\/\/hsfamericana.com.br\/\",\"name\":\"Hospital S\u00e3o Francisco de Americana\",\"description\":\"O mais completo da regi\u00e3o de Campinas\",\"potentialAction\":[{\"@type\":\"SearchAction\",\"target\":{\"@type\":\"EntryPoint\",\"urlTemplate\":\"https:\/\/hsfamericana.com.br\/?s={search_term_string}\"},\"query-input\":{\"@type\":\"PropertyValueSpecification\",\"valueRequired\":true,\"valueName\":\"search_term_string\"}}],\"inLanguage\":\"pt-BR\"},{\"@type\":\"Person\",\"@id\":\"https:\/\/hsfamericana.com.br\/#\/schema\/person\/3b12fcdd81c4d645a927c9ba010d1551\",\"name\":\"HSF Americana\",\"image\":{\"@type\":\"ImageObject\",\"inLanguage\":\"pt-BR\",\"@id\":\"https:\/\/hsfamericana.com.br\/#\/schema\/person\/image\/\",\"url\":\"https:\/\/secure.gravatar.com\/avatar\/5166f96d8390f878591229db68525bd3f5c9f157e02efd0ba33755d400e0b4f1?s=96&d=mm&r=g\",\"contentUrl\":\"https:\/\/secure.gravatar.com\/avatar\/5166f96d8390f878591229db68525bd3f5c9f157e02efd0ba33755d400e0b4f1?s=96&d=mm&r=g\",\"caption\":\"HSF Americana\"},\"sameAs\":[\"https:\/\/www.hsfamericana.com.br\"],\"url\":\"https:\/\/hsfamericana.com.br\/index.php\/author\/nogueira\/\"}]}<\/script>\n<!-- \/ Yoast SEO plugin. -->","yoast_head_json":{"title":"Janeiro Branco incentiva sa\u00fade mental da humanidade &#8226; Hospital S\u00e3o Francisco de Americana","robots":{"index":"index","follow":"follow","max-snippet":"max-snippet:-1","max-image-preview":"max-image-preview:large","max-video-preview":"max-video-preview:-1"},"canonical":"https:\/\/hsfamericana.com.br\/index.php\/janeiro-branco-incentiva-saude-mental-da-humanidade\/","og_locale":"pt_BR","og_type":"article","og_title":"Janeiro Branco incentiva sa\u00fade mental da humanidade &#8226; Hospital S\u00e3o Francisco de Americana","og_description":"A campanha Janeiro Branco foi criada por psic\u00f3logos do Brasil e \u00e9 dedicada a colocar os temas da sa\u00fade mental em m\u00e1xima evid\u00eancia no mundo em nome da preven\u00e7\u00e3o ao adoecimento emocional da humanidade. S\u00e3o conversas mostrando alternativas para vidas saud\u00e1veis, relacionamentos com mais sentido e exist\u00eancias com mais prop\u00f3sitos. Segundo o diretor do Hospital [&hellip;]","og_url":"https:\/\/hsfamericana.com.br\/index.php\/janeiro-branco-incentiva-saude-mental-da-humanidade\/","og_site_name":"Hospital S\u00e3o Francisco de Americana","article_published_time":"2019-01-10T11:45:55+00:00","og_image":[{"url":"http:\/\/www.hsfamericana.com.br\/wp-content\/uploads\/2019\/01\/Janeiro-Branco.jpg","type":"","width":"","height":""}],"author":"HSF Americana","twitter_misc":{"Escrito por":"HSF Americana","Est. tempo de leitura":"1 minuto"},"schema":{"@context":"https:\/\/schema.org","@graph":[{"@type":"WebPage","@id":"https:\/\/hsfamericana.com.br\/index.php\/janeiro-branco-incentiva-saude-mental-da-humanidade\/","url":"https:\/\/hsfamericana.com.br\/index.php\/janeiro-branco-incentiva-saude-mental-da-humanidade\/","name":"Janeiro Branco incentiva sa\u00fade mental da humanidade &#8226; Hospital S\u00e3o Francisco de Americana","isPartOf":{"@id":"https:\/\/hsfamericana.com.br\/#website"},"primaryImageOfPage":{"@id":"https:\/\/hsfamericana.com.br\/index.php\/janeiro-branco-incentiva-saude-mental-da-humanidade\/#primaryimage"},"image":{"@id":"https:\/\/hsfamericana.com.br\/index.php\/janeiro-branco-incentiva-saude-mental-da-humanidade\/#primaryimage"},"thumbnailUrl":"http:\/\/www.hsfamericana.com.br\/wp-content\/uploads\/2019\/01\/Janeiro-Branco.jpg","datePublished":"2019-01-10T11:45:55+00:00","author":{"@id":"https:\/\/hsfamericana.com.br\/#\/schema\/person\/3b12fcdd81c4d645a927c9ba010d1551"},"breadcrumb":{"@id":"https:\/\/hsfamericana.com.br\/index.php\/janeiro-branco-incentiva-saude-mental-da-humanidade\/#breadcrumb"},"inLanguage":"pt-BR","potentialAction":[{"@type":"ReadAction","target":["https:\/\/hsfamericana.com.br\/index.php\/janeiro-branco-incentiva-saude-mental-da-humanidade\/"]}]},{"@type":"ImageObject","inLanguage":"pt-BR","@id":"https:\/\/hsfamericana.com.br\/index.php\/janeiro-branco-incentiva-saude-mental-da-humanidade\/#primaryimage","url":"http:\/\/www.hsfamericana.com.br\/wp-content\/uploads\/2019\/01\/Janeiro-Branco.jpg","contentUrl":"http:\/\/www.hsfamericana.com.br\/wp-content\/uploads\/2019\/01\/Janeiro-Branco.jpg"},{"@type":"BreadcrumbList","@id":"https:\/\/hsfamericana.com.br\/index.php\/janeiro-branco-incentiva-saude-mental-da-humanidade\/#breadcrumb","itemListElement":[{"@type":"ListItem","position":1,"name":"In\u00edcio","item":"https:\/\/hsfamericana.com.br\/"},{"@type":"ListItem","position":2,"name":"Janeiro Branco incentiva sa\u00fade mental da humanidade"}]},{"@type":"WebSite","@id":"https:\/\/hsfamericana.com.br\/#website","url":"https:\/\/hsfamericana.com.br\/","name":"Hospital S\u00e3o Francisco de Americana","description":"O mais completo da regi\u00e3o de Campinas","potentialAction":[{"@type":"SearchAction","target":{"@type":"EntryPoint","urlTemplate":"https:\/\/hsfamericana.com.br\/?s={search_term_string}"},"query-input":{"@type":"PropertyValueSpecification","valueRequired":true,"valueName":"search_term_string"}}],"inLanguage":"pt-BR"},{"@type":"Person","@id":"https:\/\/hsfamericana.com.br\/#\/schema\/person\/3b12fcdd81c4d645a927c9ba010d1551","name":"HSF Americana","image":{"@type":"ImageObject","inLanguage":"pt-BR","@id":"https:\/\/hsfamericana.com.br\/#\/schema\/person\/image\/","url":"https:\/\/secure.gravatar.com\/avatar\/5166f96d8390f878591229db68525bd3f5c9f157e02efd0ba33755d400e0b4f1?s=96&d=mm&r=g","contentUrl":"https:\/\/secure.gravatar.com\/avatar\/5166f96d8390f878591229db68525bd3f5c9f157e02efd0ba33755d400e0b4f1?s=96&d=mm&r=g","caption":"HSF Americana"},"sameAs":["https:\/\/www.hsfamericana.com.br"],"url":"https:\/\/hsfamericana.com.br\/index.php\/author\/nogueira\/"}]}},"_links":{"self":[{"href":"https:\/\/hsfamericana.com.br\/index.php\/wp-json\/wp\/v2\/posts\/2534","targetHints":{"allow":["GET"]}}],"collection":[{"href":"https:\/\/hsfamericana.com.br\/index.php\/wp-json\/wp\/v2\/posts"}],"about":[{"href":"https:\/\/hsfamericana.com.br\/index.php\/wp-json\/wp\/v2\/types\/post"}],"author":[{"embeddable":true,"href":"https:\/\/hsfamericana.com.br\/index.php\/wp-json\/wp\/v2\/users\/2"}],"replies":[{"embeddable":true,"href":"https:\/\/hsfamericana.com.br\/index.php\/wp-json\/wp\/v2\/comments?post=2534"}],"version-history":[{"count":0,"href":"https:\/\/hsfamericana.com.br\/index.php\/wp-json\/wp\/v2\/posts\/2534\/revisions"}],"wp:attachment":[{"href":"https:\/\/hsfamericana.com.br\/index.php\/wp-json\/wp\/v2\/media?parent=2534"}],"wp:term":[{"taxonomy":"category","embeddable":true,"href":"https:\/\/hsfamericana.com.br\/index.php\/wp-json\/wp\/v2\/categories?post=2534"},{"taxonomy":"post_tag","embeddable":true,"href":"https:\/\/hsfamericana.com.br\/index.php\/wp-json\/wp\/v2\/tags?post=2534"}],"curies":[{"name":"wp","href":"https:\/\/api.w.org\/{rel}","templated":true}]}}