{"id":2564,"date":"2019-03-23T12:24:28","date_gmt":"2019-03-23T12:24:28","guid":{"rendered":"http:\/\/www.hsfamericana.com.br\/?p=2564"},"modified":"2019-03-23T12:25:09","modified_gmt":"2019-03-23T12:25:09","slug":"benemeritos-emocao-gratidao-dia-de-homenagens","status":"publish","type":"post","link":"https:\/\/hsfamericana.com.br\/index.php\/benemeritos-emocao-gratidao-dia-de-homenagens\/","title":{"rendered":"Benem\u00e9ritos: emo\u00e7\u00e3o e gratid\u00e3o marcam o dia de homenagens"},"content":{"rendered":"<p>Reconhecimento, palavra e a\u00e7\u00e3o que faz parte do Hospital S\u00e3o Francisco. Exemplo dessa postura foram as homenagens e entregas dos Certificados de Benem\u00e9ritos, aos 05 colaboradores por ordem e tempo, realizadas em fevereiro, aos colaboradores que fizeram parte, por longos per\u00edodos, da hist\u00f3ria do Hospital.<\/p>\n<p><strong>\u201cNossa diretoria n\u00e3o mediu esfor\u00e7os para fazer essa linda homenagem, pois acredita que valorizar o passado \u00e9 garantir o exemplo, levando boas refer\u00eancias para o futuro\u201d<\/strong>, comemora o senhor Douglas Apparecido Guzzo, Presidente do Hospital S\u00e3o Francisco.<\/p>\n<p>Os homenageados, dignos de aplausos durante a solenidade foram:<\/p>\n<p>&#8211; Theodolindo Pedro Mastrodi \u2013 valorosa participa\u00e7\u00e3o desde 25\/03\/1984.<\/p>\n<p>&#8211; Oswaldo Paciulli \u2013 valorosa participa\u00e7\u00e3o desde 05\/01\/1969.<\/p>\n<p>&#8211; H\u00e9lio de Souza Brochi \u2013 valorosa participa\u00e7\u00e3o desde 05\/03\/1972.<\/p>\n<p>&#8211; Fernando Jos\u00e9 Goffi de Macedo \u2013 valorosa participa\u00e7\u00e3o desde 05\/03\/1972.<\/p>\n<p>&#8211; Celio Benedicto Rodrigues \u2013 valorosa participa\u00e7\u00e3o desde 05\/03\/1972.<\/p>\n\n\t\t<style type=\"text\/css\">\n\t\t\t#gallery-1 {\n\t\t\t\tmargin: auto;\n\t\t\t}\n\t\t\t#gallery-1 .gallery-item {\n\t\t\t\tfloat: left;\n\t\t\t\tmargin-top: 10px;\n\t\t\t\ttext-align: center;\n\t\t\t\twidth: 33%;\n\t\t\t}\n\t\t\t#gallery-1 img {\n\t\t\t\tborder: 2px solid #cfcfcf;\n\t\t\t}\n\t\t\t#gallery-1 .gallery-caption {\n\t\t\t\tmargin-left: 0;\n\t\t\t}\n\t\t\t\/* see gallery_shortcode() in wp-includes\/media.php *\/\n\t\t<\/style>\n\t\t<div id='gallery-1' class='gallery galleryid-2564 gallery-columns-3 gallery-size-medium'><dl class='gallery-item'>\n\t\t\t<dt class='gallery-icon landscape'>\n\t\t\t\t<a href='https:\/\/hsfamericana.com.br\/wp-content\/uploads\/2019\/03\/benemerito1.jpg'><img loading=\"lazy\" decoding=\"async\" width=\"300\" height=\"300\" src=\"https:\/\/hsfamericana.com.br\/wp-content\/uploads\/2019\/03\/benemerito1-300x300.jpg\" class=\"attachment-medium size-medium\" alt=\"\" srcset=\"https:\/\/hsfamericana.com.br\/wp-content\/uploads\/2019\/03\/benemerito1-300x300.jpg 300w, https:\/\/hsfamericana.com.br\/wp-content\/uploads\/2019\/03\/benemerito1-150x150.jpg 150w, https:\/\/hsfamericana.com.br\/wp-content\/uploads\/2019\/03\/benemerito1-1024x1024.jpg 1024w\" sizes=\"auto, (max-width: 300px) 100vw, 300px\" \/><\/a>\n\t\t\t<\/dt><\/dl><dl class='gallery-item'>\n\t\t\t<dt class='gallery-icon landscape'>\n\t\t\t\t<a href='https:\/\/hsfamericana.com.br\/wp-content\/uploads\/2019\/03\/benemerito2.jpg'><img loading=\"lazy\" decoding=\"async\" width=\"300\" height=\"300\" src=\"https:\/\/hsfamericana.com.br\/wp-content\/uploads\/2019\/03\/benemerito2-300x300.jpg\" class=\"attachment-medium size-medium\" alt=\"\" srcset=\"https:\/\/hsfamericana.com.br\/wp-content\/uploads\/2019\/03\/benemerito2-300x300.jpg 300w, https:\/\/hsfamericana.com.br\/wp-content\/uploads\/2019\/03\/benemerito2-150x150.jpg 150w, https:\/\/hsfamericana.com.br\/wp-content\/uploads\/2019\/03\/benemerito2-1024x1024.jpg 1024w\" sizes=\"auto, (max-width: 300px) 100vw, 300px\" \/><\/a>\n\t\t\t<\/dt><\/dl><dl class='gallery-item'>\n\t\t\t<dt class='gallery-icon landscape'>\n\t\t\t\t<a href='https:\/\/hsfamericana.com.br\/wp-content\/uploads\/2019\/03\/benemerito3.jpg'><img loading=\"lazy\" decoding=\"async\" width=\"300\" height=\"300\" src=\"https:\/\/hsfamericana.com.br\/wp-content\/uploads\/2019\/03\/benemerito3-300x300.jpg\" class=\"attachment-medium size-medium\" alt=\"\" srcset=\"https:\/\/hsfamericana.com.br\/wp-content\/uploads\/2019\/03\/benemerito3-300x300.jpg 300w, https:\/\/hsfamericana.com.br\/wp-content\/uploads\/2019\/03\/benemerito3-150x150.jpg 150w, https:\/\/hsfamericana.com.br\/wp-content\/uploads\/2019\/03\/benemerito3-1024x1024.jpg 1024w\" sizes=\"auto, (max-width: 300px) 100vw, 300px\" \/><\/a>\n\t\t\t<\/dt><\/dl><br style=\"clear: both\" \/><dl class='gallery-item'>\n\t\t\t<dt class='gallery-icon landscape'>\n\t\t\t\t<a href='https:\/\/hsfamericana.com.br\/wp-content\/uploads\/2019\/03\/benemerito4.jpg'><img loading=\"lazy\" decoding=\"async\" width=\"300\" height=\"300\" src=\"https:\/\/hsfamericana.com.br\/wp-content\/uploads\/2019\/03\/benemerito4-300x300.jpg\" class=\"attachment-medium size-medium\" alt=\"\" srcset=\"https:\/\/hsfamericana.com.br\/wp-content\/uploads\/2019\/03\/benemerito4-300x300.jpg 300w, https:\/\/hsfamericana.com.br\/wp-content\/uploads\/2019\/03\/benemerito4-150x150.jpg 150w, https:\/\/hsfamericana.com.br\/wp-content\/uploads\/2019\/03\/benemerito4-1024x1024.jpg 1024w\" sizes=\"auto, (max-width: 300px) 100vw, 300px\" \/><\/a>\n\t\t\t<\/dt><\/dl><dl class='gallery-item'>\n\t\t\t<dt class='gallery-icon landscape'>\n\t\t\t\t<a href='https:\/\/hsfamericana.com.br\/wp-content\/uploads\/2019\/03\/benemerito5.jpg'><img loading=\"lazy\" decoding=\"async\" width=\"300\" height=\"300\" src=\"https:\/\/hsfamericana.com.br\/wp-content\/uploads\/2019\/03\/benemerito5-300x300.jpg\" class=\"attachment-medium size-medium\" alt=\"\" srcset=\"https:\/\/hsfamericana.com.br\/wp-content\/uploads\/2019\/03\/benemerito5-300x300.jpg 300w, https:\/\/hsfamericana.com.br\/wp-content\/uploads\/2019\/03\/benemerito5-150x150.jpg 150w, https:\/\/hsfamericana.com.br\/wp-content\/uploads\/2019\/03\/benemerito5-1024x1024.jpg 1024w\" sizes=\"auto, (max-width: 300px) 100vw, 300px\" \/><\/a>\n\t\t\t<\/dt><\/dl>\n\t\t\t<br style='clear: both' \/>\n\t\t<\/div>\n\n<p>Lamentavelmente, ap\u00f3s 38 dias desta homenagem, no dia 06 de fevereiro, registramos o falecimento do colaborador Celio Benedicto Rodrigues (15.03.2019).<\/p>\n<p><strong>Fonte:<\/strong> Assessoria HSF Americana<\/p>\n","protected":false},"excerpt":{"rendered":"<p>Reconhecimento, palavra e a\u00e7\u00e3o que faz parte do Hospital S\u00e3o Francisco. Exemplo dessa postura foram as homenagens e entregas dos Certificados de Benem\u00e9ritos, aos 05 colaboradores por ordem e tempo, realizadas em fevereiro, aos colaboradores que fizeram parte, por longos per\u00edodos, da hist\u00f3ria do Hospital. \u201cNossa diretoria n\u00e3o mediu esfor\u00e7os para fazer essa linda homenagem, [&hellip;]<\/p>\n","protected":false},"author":2,"featured_media":0,"comment_status":"open","ping_status":"open","sticky":false,"template":"","format":"standard","meta":{"_acf_changed":false,"footnotes":""},"categories":[4],"tags":[106,107,50],"class_list":["post-2564","post","type-post","status-publish","format-standard","hentry","category-noticias","tag-benemeritos","tag-homenagem","tag-hospital"],"acf":[],"yoast_head":"<!-- This site is optimized with the Yoast SEO plugin v25.2 - https:\/\/yoast.com\/wordpress\/plugins\/seo\/ -->\n<title>Benem\u00e9ritos: emo\u00e7\u00e3o e gratid\u00e3o marcam o dia de homenagens &#8226; Hospital S\u00e3o Francisco de Americana<\/title>\n<meta name=\"robots\" content=\"index, follow, max-snippet:-1, max-image-preview:large, max-video-preview:-1\" \/>\n<link rel=\"canonical\" href=\"https:\/\/hsfamericana.com.br\/index.php\/benemeritos-emocao-gratidao-dia-de-homenagens\/\" \/>\n<meta property=\"og:locale\" content=\"pt_BR\" \/>\n<meta property=\"og:type\" content=\"article\" \/>\n<meta property=\"og:title\" content=\"Benem\u00e9ritos: emo\u00e7\u00e3o e gratid\u00e3o marcam o dia de homenagens &#8226; Hospital S\u00e3o Francisco de Americana\" \/>\n<meta property=\"og:description\" content=\"Reconhecimento, palavra e a\u00e7\u00e3o que faz parte do Hospital S\u00e3o Francisco. Exemplo dessa postura foram as homenagens e entregas dos Certificados de Benem\u00e9ritos, aos 05 colaboradores por ordem e tempo, realizadas em fevereiro, aos colaboradores que fizeram parte, por longos per\u00edodos, da hist\u00f3ria do Hospital. \u201cNossa diretoria n\u00e3o mediu esfor\u00e7os para fazer essa linda homenagem, [&hellip;]\" \/>\n<meta property=\"og:url\" content=\"https:\/\/hsfamericana.com.br\/index.php\/benemeritos-emocao-gratidao-dia-de-homenagens\/\" \/>\n<meta property=\"og:site_name\" content=\"Hospital S\u00e3o Francisco de Americana\" \/>\n<meta property=\"article:published_time\" content=\"2019-03-23T12:24:28+00:00\" \/>\n<meta property=\"article:modified_time\" content=\"2019-03-23T12:25:09+00:00\" \/>\n<meta property=\"og:image\" content=\"https:\/\/hsfamericana.com.br\/wp-content\/uploads\/2019\/03\/benemerito1-300x300.jpg\" \/>\n<meta name=\"author\" content=\"HSF Americana\" \/>\n<meta name=\"twitter:label1\" content=\"Escrito por\" \/>\n\t<meta name=\"twitter:data1\" content=\"HSF Americana\" \/>\n\t<meta name=\"twitter:label2\" content=\"Est. tempo de leitura\" \/>\n\t<meta name=\"twitter:data2\" content=\"1 minuto\" \/>\n<script type=\"application\/ld+json\" class=\"yoast-schema-graph\">{\"@context\":\"https:\/\/schema.org\",\"@graph\":[{\"@type\":\"WebPage\",\"@id\":\"https:\/\/hsfamericana.com.br\/index.php\/benemeritos-emocao-gratidao-dia-de-homenagens\/\",\"url\":\"https:\/\/hsfamericana.com.br\/index.php\/benemeritos-emocao-gratidao-dia-de-homenagens\/\",\"name\":\"Benem\u00e9ritos: emo\u00e7\u00e3o e gratid\u00e3o marcam o dia de homenagens &#8226; Hospital S\u00e3o Francisco de Americana\",\"isPartOf\":{\"@id\":\"https:\/\/hsfamericana.com.br\/#website\"},\"datePublished\":\"2019-03-23T12:24:28+00:00\",\"dateModified\":\"2019-03-23T12:25:09+00:00\",\"author\":{\"@id\":\"https:\/\/hsfamericana.com.br\/#\/schema\/person\/3b12fcdd81c4d645a927c9ba010d1551\"},\"breadcrumb\":{\"@id\":\"https:\/\/hsfamericana.com.br\/index.php\/benemeritos-emocao-gratidao-dia-de-homenagens\/#breadcrumb\"},\"inLanguage\":\"pt-BR\",\"potentialAction\":[{\"@type\":\"ReadAction\",\"target\":[\"https:\/\/hsfamericana.com.br\/index.php\/benemeritos-emocao-gratidao-dia-de-homenagens\/\"]}]},{\"@type\":\"BreadcrumbList\",\"@id\":\"https:\/\/hsfamericana.com.br\/index.php\/benemeritos-emocao-gratidao-dia-de-homenagens\/#breadcrumb\",\"itemListElement\":[{\"@type\":\"ListItem\",\"position\":1,\"name\":\"In\u00edcio\",\"item\":\"https:\/\/hsfamericana.com.br\/\"},{\"@type\":\"ListItem\",\"position\":2,\"name\":\"Benem\u00e9ritos: emo\u00e7\u00e3o e gratid\u00e3o marcam o dia de homenagens\"}]},{\"@type\":\"WebSite\",\"@id\":\"https:\/\/hsfamericana.com.br\/#website\",\"url\":\"https:\/\/hsfamericana.com.br\/\",\"name\":\"Hospital S\u00e3o Francisco de Americana\",\"description\":\"O mais completo da regi\u00e3o de Campinas\",\"potentialAction\":[{\"@type\":\"SearchAction\",\"target\":{\"@type\":\"EntryPoint\",\"urlTemplate\":\"https:\/\/hsfamericana.com.br\/?s={search_term_string}\"},\"query-input\":{\"@type\":\"PropertyValueSpecification\",\"valueRequired\":true,\"valueName\":\"search_term_string\"}}],\"inLanguage\":\"pt-BR\"},{\"@type\":\"Person\",\"@id\":\"https:\/\/hsfamericana.com.br\/#\/schema\/person\/3b12fcdd81c4d645a927c9ba010d1551\",\"name\":\"HSF Americana\",\"image\":{\"@type\":\"ImageObject\",\"inLanguage\":\"pt-BR\",\"@id\":\"https:\/\/hsfamericana.com.br\/#\/schema\/person\/image\/\",\"url\":\"https:\/\/secure.gravatar.com\/avatar\/5166f96d8390f878591229db68525bd3f5c9f157e02efd0ba33755d400e0b4f1?s=96&d=mm&r=g\",\"contentUrl\":\"https:\/\/secure.gravatar.com\/avatar\/5166f96d8390f878591229db68525bd3f5c9f157e02efd0ba33755d400e0b4f1?s=96&d=mm&r=g\",\"caption\":\"HSF Americana\"},\"sameAs\":[\"https:\/\/www.hsfamericana.com.br\"],\"url\":\"https:\/\/hsfamericana.com.br\/index.php\/author\/nogueira\/\"}]}<\/script>\n<!-- \/ Yoast SEO plugin. -->","yoast_head_json":{"title":"Benem\u00e9ritos: emo\u00e7\u00e3o e gratid\u00e3o marcam o dia de homenagens &#8226; Hospital S\u00e3o Francisco de Americana","robots":{"index":"index","follow":"follow","max-snippet":"max-snippet:-1","max-image-preview":"max-image-preview:large","max-video-preview":"max-video-preview:-1"},"canonical":"https:\/\/hsfamericana.com.br\/index.php\/benemeritos-emocao-gratidao-dia-de-homenagens\/","og_locale":"pt_BR","og_type":"article","og_title":"Benem\u00e9ritos: emo\u00e7\u00e3o e gratid\u00e3o marcam o dia de homenagens &#8226; Hospital S\u00e3o Francisco de Americana","og_description":"Reconhecimento, palavra e a\u00e7\u00e3o que faz parte do Hospital S\u00e3o Francisco. Exemplo dessa postura foram as homenagens e entregas dos Certificados de Benem\u00e9ritos, aos 05 colaboradores por ordem e tempo, realizadas em fevereiro, aos colaboradores que fizeram parte, por longos per\u00edodos, da hist\u00f3ria do Hospital. \u201cNossa diretoria n\u00e3o mediu esfor\u00e7os para fazer essa linda homenagem, [&hellip;]","og_url":"https:\/\/hsfamericana.com.br\/index.php\/benemeritos-emocao-gratidao-dia-de-homenagens\/","og_site_name":"Hospital S\u00e3o Francisco de Americana","article_published_time":"2019-03-23T12:24:28+00:00","article_modified_time":"2019-03-23T12:25:09+00:00","og_image":[{"url":"https:\/\/hsfamericana.com.br\/wp-content\/uploads\/2019\/03\/benemerito1-300x300.jpg","type":"","width":"","height":""}],"author":"HSF Americana","twitter_misc":{"Escrito por":"HSF Americana","Est. tempo de leitura":"1 minuto"},"schema":{"@context":"https:\/\/schema.org","@graph":[{"@type":"WebPage","@id":"https:\/\/hsfamericana.com.br\/index.php\/benemeritos-emocao-gratidao-dia-de-homenagens\/","url":"https:\/\/hsfamericana.com.br\/index.php\/benemeritos-emocao-gratidao-dia-de-homenagens\/","name":"Benem\u00e9ritos: emo\u00e7\u00e3o e gratid\u00e3o marcam o dia de homenagens &#8226; Hospital S\u00e3o Francisco de Americana","isPartOf":{"@id":"https:\/\/hsfamericana.com.br\/#website"},"datePublished":"2019-03-23T12:24:28+00:00","dateModified":"2019-03-23T12:25:09+00:00","author":{"@id":"https:\/\/hsfamericana.com.br\/#\/schema\/person\/3b12fcdd81c4d645a927c9ba010d1551"},"breadcrumb":{"@id":"https:\/\/hsfamericana.com.br\/index.php\/benemeritos-emocao-gratidao-dia-de-homenagens\/#breadcrumb"},"inLanguage":"pt-BR","potentialAction":[{"@type":"ReadAction","target":["https:\/\/hsfamericana.com.br\/index.php\/benemeritos-emocao-gratidao-dia-de-homenagens\/"]}]},{"@type":"BreadcrumbList","@id":"https:\/\/hsfamericana.com.br\/index.php\/benemeritos-emocao-gratidao-dia-de-homenagens\/#breadcrumb","itemListElement":[{"@type":"ListItem","position":1,"name":"In\u00edcio","item":"https:\/\/hsfamericana.com.br\/"},{"@type":"ListItem","position":2,"name":"Benem\u00e9ritos: emo\u00e7\u00e3o e gratid\u00e3o marcam o dia de homenagens"}]},{"@type":"WebSite","@id":"https:\/\/hsfamericana.com.br\/#website","url":"https:\/\/hsfamericana.com.br\/","name":"Hospital S\u00e3o Francisco de Americana","description":"O mais completo da regi\u00e3o de Campinas","potentialAction":[{"@type":"SearchAction","target":{"@type":"EntryPoint","urlTemplate":"https:\/\/hsfamericana.com.br\/?s={search_term_string}"},"query-input":{"@type":"PropertyValueSpecification","valueRequired":true,"valueName":"search_term_string"}}],"inLanguage":"pt-BR"},{"@type":"Person","@id":"https:\/\/hsfamericana.com.br\/#\/schema\/person\/3b12fcdd81c4d645a927c9ba010d1551","name":"HSF Americana","image":{"@type":"ImageObject","inLanguage":"pt-BR","@id":"https:\/\/hsfamericana.com.br\/#\/schema\/person\/image\/","url":"https:\/\/secure.gravatar.com\/avatar\/5166f96d8390f878591229db68525bd3f5c9f157e02efd0ba33755d400e0b4f1?s=96&d=mm&r=g","contentUrl":"https:\/\/secure.gravatar.com\/avatar\/5166f96d8390f878591229db68525bd3f5c9f157e02efd0ba33755d400e0b4f1?s=96&d=mm&r=g","caption":"HSF Americana"},"sameAs":["https:\/\/www.hsfamericana.com.br"],"url":"https:\/\/hsfamericana.com.br\/index.php\/author\/nogueira\/"}]}},"_links":{"self":[{"href":"https:\/\/hsfamericana.com.br\/index.php\/wp-json\/wp\/v2\/posts\/2564","targetHints":{"allow":["GET"]}}],"collection":[{"href":"https:\/\/hsfamericana.com.br\/index.php\/wp-json\/wp\/v2\/posts"}],"about":[{"href":"https:\/\/hsfamericana.com.br\/index.php\/wp-json\/wp\/v2\/types\/post"}],"author":[{"embeddable":true,"href":"https:\/\/hsfamericana.com.br\/index.php\/wp-json\/wp\/v2\/users\/2"}],"replies":[{"embeddable":true,"href":"https:\/\/hsfamericana.com.br\/index.php\/wp-json\/wp\/v2\/comments?post=2564"}],"version-history":[{"count":4,"href":"https:\/\/hsfamericana.com.br\/index.php\/wp-json\/wp\/v2\/posts\/2564\/revisions"}],"predecessor-version":[{"id":2573,"href":"https:\/\/hsfamericana.com.br\/index.php\/wp-json\/wp\/v2\/posts\/2564\/revisions\/2573"}],"wp:attachment":[{"href":"https:\/\/hsfamericana.com.br\/index.php\/wp-json\/wp\/v2\/media?parent=2564"}],"wp:term":[{"taxonomy":"category","embeddable":true,"href":"https:\/\/hsfamericana.com.br\/index.php\/wp-json\/wp\/v2\/categories?post=2564"},{"taxonomy":"post_tag","embeddable":true,"href":"https:\/\/hsfamericana.com.br\/index.php\/wp-json\/wp\/v2\/tags?post=2564"}],"curies":[{"name":"wp","href":"https:\/\/api.w.org\/{rel}","templated":true}]}}