{"id":2785,"date":"2019-09-16T13:25:48","date_gmt":"2019-09-16T13:25:48","guid":{"rendered":"http:\/\/www.hsfamericana.com.br\/?p=2785"},"modified":"2019-09-16T13:55:17","modified_gmt":"2019-09-16T13:55:17","slug":"setembro-amarelo","status":"publish","type":"post","link":"https:\/\/hsfamericana.com.br\/index.php\/setembro-amarelo\/","title":{"rendered":"HSF alerta sobre a Preven\u00e7\u00e3o ao Suic\u00eddio no Setembro Amarelo"},"content":{"rendered":"<img loading=\"lazy\" decoding=\"async\" class=\"alignleft wp-image-2802 size-full\" src=\"http:\/\/www.hsfamericana.com.br\/wp-content\/uploads\/2019\/09\/6609-noticia-setembro-amarelo.png\" alt=\"\" width=\"1024\" height=\"475\" srcset=\"https:\/\/hsfamericana.com.br\/wp-content\/uploads\/2019\/09\/6609-noticia-setembro-amarelo.png 1024w, https:\/\/hsfamericana.com.br\/wp-content\/uploads\/2019\/09\/6609-noticia-setembro-amarelo-768x356.png 768w\" sizes=\"auto, (max-width: 1024px) 100vw, 1024px\" \/>\n<img loading=\"lazy\" decoding=\"async\" class=\"alignleft size-full wp-image-2786\" src=\"https:\/\/www.hsfamericana.com.br\/wp-content\/uploads\/2019\/09\/6609-noticia-Atualiza\u00e7\u00e3o-Site-Agosto_Setembro-Amarelo-Copia.png\" alt=\"\" width=\"1024\" height=\"475\" \/>\n<p>De acordo com a OMS (Organiza\u00e7\u00e3o Mundial da Sa\u00fade), atualmente 32 brasileiros se suicidam diariamente e no mundo uma morte ocorre a cada 40 segundos, dados estes muitos preocupantes, que devem ser lembrados n\u00e3o somente em Setembro, mas todos os dias.<\/p>\n<p>Em virtude desta <a href=\"https:\/\/www.setembroamarelo.org.br\/prevencao\" target=\"_blank\">campanha mundial em Preven\u00e7\u00e3o ao Suic\u00eddio<\/a>, o HSF tamb\u00e9m faz seu alerta sobre a import\u00e2ncia de debater este tema, conscientizar a popula\u00e7\u00e3o e incentivar a todos a buscar ajuda.<\/p>\n<p><strong>Reconhe\u00e7a Sinais:<\/strong><\/p>\n<ul>\n<li>&#8211; Isolamento<\/li>\n<li>&#8211; Mudan\u00e7as Repentinas de H\u00e1bitos e Humor<\/li>\n<li>&#8211; Perda de Interesse por atividades que faziam parte de sua rotina<\/li>\n<li>&#8211; Descuido na Apar\u00eancia<\/li>\n<li>&#8211; Desempenho Ruim do Trabalho\/Escola<\/li>\n<li>&#8211; Altera\u00e7\u00f5es no Sono e Apetite<\/li>\n<li>&#8211; Frases com sua pr\u00f3pria morte ou falta de esperan\u00e7a<\/li>\n<\/ul>\n<p><strong>Esteja atento a outros fatores agravantes:<\/strong><\/p>\n<ul>\n<li>&#8211; Perda de emprego<\/li>\n<li>&#8211; Dificuldades financeiras<\/li>\n<li>&#8211; Discrimina\u00e7\u00e3o por orienta\u00e7\u00e3o sexual e identidade de g\u00eanero<\/li>\n<li>&#8211; Sofrimento no trabalho<\/li>\n<li>&#8211; Relacionamentos abusivos<\/li>\n<li>&#8211; Conflitos familiares<\/li>\n<li>&#8211; Perda de entes queridos<\/li>\n<li>&#8211; Doen\u00e7as<\/li>\n<\/ul>\n<p><strong>O que fazer diante de uma pessoa sob risco de suic\u00eddio? <\/strong><\/p>\n<ul>\n<li>&#8211; Escolha um local calmo e fale sobre o assunto, deixe a pessoa saber que voc\u00ea est\u00e1 ao lado dela. Seja paciente e fa\u00e7a contato visual, foque sua aten\u00e7\u00e3o totalmente em ouvir e dar apoio;<\/li>\n<li>&#8211; Incentive a procurar por ajuda profissional e se ofere\u00e7a para acompanh\u00e1-la;<\/li>\n<li>&#8211; N\u00e3o a deixe sozinha, contate algum familiar, amigo ou servi\u00e7o de sa\u00fade para ajud\u00e1-la;<\/li>\n<li>&#8211; Fique sempre em contato com a pessoa para saber como ela est\u00e1 e o que est\u00e1 fazendo;<\/li>\n<\/ul>\n<p><strong>O MAIS IMPORTANTE: BUSQUE AJUDA SEMPRE!<\/strong><\/p>\n<p>Quando sentir ou notar alguns dos comportamentos listados, procure ajuda profissional, existem pessoas especializadas e prontas para atender, n\u00e3o tenha receio de falar sobre o assunto, todos estamos sujeitos a passar por isso.<\/p>\n<p>Quer conversar agora? Existem canais de atendimento que podem ajudar. <a href=\"https:\/\/www.cvv.org.br\/quero-conversar\/\" target=\"_blank\">Entre em contato<\/a>.<\/p>\n<p><strong>A campanha<\/strong><\/p>\n<p>O Setembro Amarelo pode salvar vidas e o <a href=\"https:\/\/www.hsfamericana.com.br\/\" target=\"_blank\">HSF<\/a> tamb\u00e9m faz parte desta causa, neste m\u00eas incentivamos a todos a participarem e divulgarem esta campanha.<\/p>\n<p>Fa\u00e7a parte tamb\u00e9m desta causa!<\/p>\n<p><strong>Fonte:<\/strong> Assessoria HSF<\/p>\n","protected":false},"excerpt":{"rendered":"<p>De acordo com a OMS (Organiza\u00e7\u00e3o Mundial da Sa\u00fade), atualmente 32 brasileiros se suicidam diariamente e no mundo uma morte ocorre a cada 40 segundos, dados estes muitos preocupantes, que devem ser lembrados n\u00e3o somente em Setembro, mas todos os dias. Em virtude desta campanha mundial em Preven\u00e7\u00e3o ao Suic\u00eddio, o HSF tamb\u00e9m faz seu [&hellip;]<\/p>\n","protected":false},"author":2,"featured_media":2790,"comment_status":"open","ping_status":"open","sticky":false,"template":"","format":"standard","meta":{"_acf_changed":false,"footnotes":""},"categories":[4],"tags":[82,28,27,119,120],"class_list":["post-2785","post","type-post","status-publish","format-standard","has-post-thumbnail","hentry","category-noticias","tag-doenca","tag-prevencao","tag-saude","tag-setembro-amarelo","tag-suicidio"],"acf":[],"yoast_head":"<!-- This site is optimized with the Yoast SEO plugin v25.2 - https:\/\/yoast.com\/wordpress\/plugins\/seo\/ -->\n<title>HSF alerta sobre a Preven\u00e7\u00e3o ao Suic\u00eddio no Setembro Amarelo &#8226; Hospital S\u00e3o Francisco de Americana<\/title>\n<meta name=\"robots\" content=\"index, follow, max-snippet:-1, max-image-preview:large, max-video-preview:-1\" \/>\n<link rel=\"canonical\" href=\"https:\/\/hsfamericana.com.br\/index.php\/setembro-amarelo\/\" \/>\n<meta property=\"og:locale\" content=\"pt_BR\" \/>\n<meta property=\"og:type\" content=\"article\" \/>\n<meta property=\"og:title\" content=\"HSF alerta sobre a Preven\u00e7\u00e3o ao Suic\u00eddio no Setembro Amarelo &#8226; Hospital S\u00e3o Francisco de Americana\" \/>\n<meta property=\"og:description\" content=\"De acordo com a OMS (Organiza\u00e7\u00e3o Mundial da Sa\u00fade), atualmente 32 brasileiros se suicidam diariamente e no mundo uma morte ocorre a cada 40 segundos, dados estes muitos preocupantes, que devem ser lembrados n\u00e3o somente em Setembro, mas todos os dias. Em virtude desta campanha mundial em Preven\u00e7\u00e3o ao Suic\u00eddio, o HSF tamb\u00e9m faz seu [&hellip;]\" \/>\n<meta property=\"og:url\" content=\"https:\/\/hsfamericana.com.br\/index.php\/setembro-amarelo\/\" \/>\n<meta property=\"og:site_name\" content=\"Hospital S\u00e3o Francisco de Americana\" \/>\n<meta property=\"article:published_time\" content=\"2019-09-16T13:25:48+00:00\" \/>\n<meta property=\"article:modified_time\" content=\"2019-09-16T13:55:17+00:00\" \/>\n<meta property=\"og:image\" content=\"https:\/\/hsfamericana.com.br\/wp-content\/uploads\/2019\/09\/ok-1.jpg\" \/>\n\t<meta property=\"og:image:width\" content=\"900\" \/>\n\t<meta property=\"og:image:height\" content=\"599\" \/>\n\t<meta property=\"og:image:type\" content=\"image\/jpeg\" \/>\n<meta name=\"author\" content=\"HSF Americana\" \/>\n<meta name=\"twitter:label1\" content=\"Escrito por\" \/>\n\t<meta name=\"twitter:data1\" content=\"HSF Americana\" \/>\n\t<meta name=\"twitter:label2\" content=\"Est. tempo de leitura\" \/>\n\t<meta name=\"twitter:data2\" content=\"2 minutos\" \/>\n<script type=\"application\/ld+json\" class=\"yoast-schema-graph\">{\"@context\":\"https:\/\/schema.org\",\"@graph\":[{\"@type\":\"WebPage\",\"@id\":\"https:\/\/hsfamericana.com.br\/index.php\/setembro-amarelo\/\",\"url\":\"https:\/\/hsfamericana.com.br\/index.php\/setembro-amarelo\/\",\"name\":\"HSF alerta sobre a Preven\u00e7\u00e3o ao Suic\u00eddio no Setembro Amarelo &#8226; Hospital S\u00e3o Francisco de Americana\",\"isPartOf\":{\"@id\":\"https:\/\/hsfamericana.com.br\/#website\"},\"primaryImageOfPage\":{\"@id\":\"https:\/\/hsfamericana.com.br\/index.php\/setembro-amarelo\/#primaryimage\"},\"image\":{\"@id\":\"https:\/\/hsfamericana.com.br\/index.php\/setembro-amarelo\/#primaryimage\"},\"thumbnailUrl\":\"https:\/\/hsfamericana.com.br\/wp-content\/uploads\/2019\/09\/ok-1.jpg\",\"datePublished\":\"2019-09-16T13:25:48+00:00\",\"dateModified\":\"2019-09-16T13:55:17+00:00\",\"author\":{\"@id\":\"https:\/\/hsfamericana.com.br\/#\/schema\/person\/3b12fcdd81c4d645a927c9ba010d1551\"},\"breadcrumb\":{\"@id\":\"https:\/\/hsfamericana.com.br\/index.php\/setembro-amarelo\/#breadcrumb\"},\"inLanguage\":\"pt-BR\",\"potentialAction\":[{\"@type\":\"ReadAction\",\"target\":[\"https:\/\/hsfamericana.com.br\/index.php\/setembro-amarelo\/\"]}]},{\"@type\":\"ImageObject\",\"inLanguage\":\"pt-BR\",\"@id\":\"https:\/\/hsfamericana.com.br\/index.php\/setembro-amarelo\/#primaryimage\",\"url\":\"https:\/\/hsfamericana.com.br\/wp-content\/uploads\/2019\/09\/ok-1.jpg\",\"contentUrl\":\"https:\/\/hsfamericana.com.br\/wp-content\/uploads\/2019\/09\/ok-1.jpg\",\"width\":900,\"height\":599},{\"@type\":\"BreadcrumbList\",\"@id\":\"https:\/\/hsfamericana.com.br\/index.php\/setembro-amarelo\/#breadcrumb\",\"itemListElement\":[{\"@type\":\"ListItem\",\"position\":1,\"name\":\"In\u00edcio\",\"item\":\"https:\/\/hsfamericana.com.br\/\"},{\"@type\":\"ListItem\",\"position\":2,\"name\":\"HSF alerta sobre a Preven\u00e7\u00e3o ao Suic\u00eddio no Setembro Amarelo\"}]},{\"@type\":\"WebSite\",\"@id\":\"https:\/\/hsfamericana.com.br\/#website\",\"url\":\"https:\/\/hsfamericana.com.br\/\",\"name\":\"Hospital S\u00e3o Francisco de Americana\",\"description\":\"O mais completo da regi\u00e3o de Campinas\",\"potentialAction\":[{\"@type\":\"SearchAction\",\"target\":{\"@type\":\"EntryPoint\",\"urlTemplate\":\"https:\/\/hsfamericana.com.br\/?s={search_term_string}\"},\"query-input\":{\"@type\":\"PropertyValueSpecification\",\"valueRequired\":true,\"valueName\":\"search_term_string\"}}],\"inLanguage\":\"pt-BR\"},{\"@type\":\"Person\",\"@id\":\"https:\/\/hsfamericana.com.br\/#\/schema\/person\/3b12fcdd81c4d645a927c9ba010d1551\",\"name\":\"HSF Americana\",\"image\":{\"@type\":\"ImageObject\",\"inLanguage\":\"pt-BR\",\"@id\":\"https:\/\/hsfamericana.com.br\/#\/schema\/person\/image\/\",\"url\":\"https:\/\/secure.gravatar.com\/avatar\/5166f96d8390f878591229db68525bd3f5c9f157e02efd0ba33755d400e0b4f1?s=96&d=mm&r=g\",\"contentUrl\":\"https:\/\/secure.gravatar.com\/avatar\/5166f96d8390f878591229db68525bd3f5c9f157e02efd0ba33755d400e0b4f1?s=96&d=mm&r=g\",\"caption\":\"HSF Americana\"},\"sameAs\":[\"https:\/\/www.hsfamericana.com.br\"],\"url\":\"https:\/\/hsfamericana.com.br\/index.php\/author\/nogueira\/\"}]}<\/script>\n<!-- \/ Yoast SEO plugin. -->","yoast_head_json":{"title":"HSF alerta sobre a Preven\u00e7\u00e3o ao Suic\u00eddio no Setembro Amarelo &#8226; Hospital S\u00e3o Francisco de Americana","robots":{"index":"index","follow":"follow","max-snippet":"max-snippet:-1","max-image-preview":"max-image-preview:large","max-video-preview":"max-video-preview:-1"},"canonical":"https:\/\/hsfamericana.com.br\/index.php\/setembro-amarelo\/","og_locale":"pt_BR","og_type":"article","og_title":"HSF alerta sobre a Preven\u00e7\u00e3o ao Suic\u00eddio no Setembro Amarelo &#8226; Hospital S\u00e3o Francisco de Americana","og_description":"De acordo com a OMS (Organiza\u00e7\u00e3o Mundial da Sa\u00fade), atualmente 32 brasileiros se suicidam diariamente e no mundo uma morte ocorre a cada 40 segundos, dados estes muitos preocupantes, que devem ser lembrados n\u00e3o somente em Setembro, mas todos os dias. Em virtude desta campanha mundial em Preven\u00e7\u00e3o ao Suic\u00eddio, o HSF tamb\u00e9m faz seu [&hellip;]","og_url":"https:\/\/hsfamericana.com.br\/index.php\/setembro-amarelo\/","og_site_name":"Hospital S\u00e3o Francisco de Americana","article_published_time":"2019-09-16T13:25:48+00:00","article_modified_time":"2019-09-16T13:55:17+00:00","og_image":[{"width":900,"height":599,"url":"https:\/\/hsfamericana.com.br\/wp-content\/uploads\/2019\/09\/ok-1.jpg","type":"image\/jpeg"}],"author":"HSF Americana","twitter_misc":{"Escrito por":"HSF Americana","Est. tempo de leitura":"2 minutos"},"schema":{"@context":"https:\/\/schema.org","@graph":[{"@type":"WebPage","@id":"https:\/\/hsfamericana.com.br\/index.php\/setembro-amarelo\/","url":"https:\/\/hsfamericana.com.br\/index.php\/setembro-amarelo\/","name":"HSF alerta sobre a Preven\u00e7\u00e3o ao Suic\u00eddio no Setembro Amarelo &#8226; Hospital S\u00e3o Francisco de Americana","isPartOf":{"@id":"https:\/\/hsfamericana.com.br\/#website"},"primaryImageOfPage":{"@id":"https:\/\/hsfamericana.com.br\/index.php\/setembro-amarelo\/#primaryimage"},"image":{"@id":"https:\/\/hsfamericana.com.br\/index.php\/setembro-amarelo\/#primaryimage"},"thumbnailUrl":"https:\/\/hsfamericana.com.br\/wp-content\/uploads\/2019\/09\/ok-1.jpg","datePublished":"2019-09-16T13:25:48+00:00","dateModified":"2019-09-16T13:55:17+00:00","author":{"@id":"https:\/\/hsfamericana.com.br\/#\/schema\/person\/3b12fcdd81c4d645a927c9ba010d1551"},"breadcrumb":{"@id":"https:\/\/hsfamericana.com.br\/index.php\/setembro-amarelo\/#breadcrumb"},"inLanguage":"pt-BR","potentialAction":[{"@type":"ReadAction","target":["https:\/\/hsfamericana.com.br\/index.php\/setembro-amarelo\/"]}]},{"@type":"ImageObject","inLanguage":"pt-BR","@id":"https:\/\/hsfamericana.com.br\/index.php\/setembro-amarelo\/#primaryimage","url":"https:\/\/hsfamericana.com.br\/wp-content\/uploads\/2019\/09\/ok-1.jpg","contentUrl":"https:\/\/hsfamericana.com.br\/wp-content\/uploads\/2019\/09\/ok-1.jpg","width":900,"height":599},{"@type":"BreadcrumbList","@id":"https:\/\/hsfamericana.com.br\/index.php\/setembro-amarelo\/#breadcrumb","itemListElement":[{"@type":"ListItem","position":1,"name":"In\u00edcio","item":"https:\/\/hsfamericana.com.br\/"},{"@type":"ListItem","position":2,"name":"HSF alerta sobre a Preven\u00e7\u00e3o ao Suic\u00eddio no Setembro Amarelo"}]},{"@type":"WebSite","@id":"https:\/\/hsfamericana.com.br\/#website","url":"https:\/\/hsfamericana.com.br\/","name":"Hospital S\u00e3o Francisco de Americana","description":"O mais completo da regi\u00e3o de Campinas","potentialAction":[{"@type":"SearchAction","target":{"@type":"EntryPoint","urlTemplate":"https:\/\/hsfamericana.com.br\/?s={search_term_string}"},"query-input":{"@type":"PropertyValueSpecification","valueRequired":true,"valueName":"search_term_string"}}],"inLanguage":"pt-BR"},{"@type":"Person","@id":"https:\/\/hsfamericana.com.br\/#\/schema\/person\/3b12fcdd81c4d645a927c9ba010d1551","name":"HSF Americana","image":{"@type":"ImageObject","inLanguage":"pt-BR","@id":"https:\/\/hsfamericana.com.br\/#\/schema\/person\/image\/","url":"https:\/\/secure.gravatar.com\/avatar\/5166f96d8390f878591229db68525bd3f5c9f157e02efd0ba33755d400e0b4f1?s=96&d=mm&r=g","contentUrl":"https:\/\/secure.gravatar.com\/avatar\/5166f96d8390f878591229db68525bd3f5c9f157e02efd0ba33755d400e0b4f1?s=96&d=mm&r=g","caption":"HSF Americana"},"sameAs":["https:\/\/www.hsfamericana.com.br"],"url":"https:\/\/hsfamericana.com.br\/index.php\/author\/nogueira\/"}]}},"_links":{"self":[{"href":"https:\/\/hsfamericana.com.br\/index.php\/wp-json\/wp\/v2\/posts\/2785","targetHints":{"allow":["GET"]}}],"collection":[{"href":"https:\/\/hsfamericana.com.br\/index.php\/wp-json\/wp\/v2\/posts"}],"about":[{"href":"https:\/\/hsfamericana.com.br\/index.php\/wp-json\/wp\/v2\/types\/post"}],"author":[{"embeddable":true,"href":"https:\/\/hsfamericana.com.br\/index.php\/wp-json\/wp\/v2\/users\/2"}],"replies":[{"embeddable":true,"href":"https:\/\/hsfamericana.com.br\/index.php\/wp-json\/wp\/v2\/comments?post=2785"}],"version-history":[{"count":7,"href":"https:\/\/hsfamericana.com.br\/index.php\/wp-json\/wp\/v2\/posts\/2785\/revisions"}],"predecessor-version":[{"id":2804,"href":"https:\/\/hsfamericana.com.br\/index.php\/wp-json\/wp\/v2\/posts\/2785\/revisions\/2804"}],"wp:featuredmedia":[{"embeddable":true,"href":"https:\/\/hsfamericana.com.br\/index.php\/wp-json\/wp\/v2\/media\/2790"}],"wp:attachment":[{"href":"https:\/\/hsfamericana.com.br\/index.php\/wp-json\/wp\/v2\/media?parent=2785"}],"wp:term":[{"taxonomy":"category","embeddable":true,"href":"https:\/\/hsfamericana.com.br\/index.php\/wp-json\/wp\/v2\/categories?post=2785"},{"taxonomy":"post_tag","embeddable":true,"href":"https:\/\/hsfamericana.com.br\/index.php\/wp-json\/wp\/v2\/tags?post=2785"}],"curies":[{"name":"wp","href":"https:\/\/api.w.org\/{rel}","templated":true}]}}