{"id":2903,"date":"2019-10-31T16:49:25","date_gmt":"2019-10-31T16:49:25","guid":{"rendered":"http:\/\/www.hsfamericana.com.br\/?p=2903"},"modified":"2019-10-31T16:50:29","modified_gmt":"2019-10-31T16:50:29","slug":"novembro-azul-quebre-preconceitos-lute-pela-vida","status":"publish","type":"post","link":"https:\/\/hsfamericana.com.br\/index.php\/novembro-azul-quebre-preconceitos-lute-pela-vida\/","title":{"rendered":"Novembro Azul: Quebre preconceitos, lute pela vida!"},"content":{"rendered":"<p><img loading=\"lazy\" decoding=\"async\" class=\"alignleft size-full wp-image-2906\" src=\"https:\/\/www.hsfamericana.com.br\/wp-content\/uploads\/2019\/10\/Banners-Novembro-1.png\" alt=\"\" width=\"1000\" height=\"464\" srcset=\"https:\/\/hsfamericana.com.br\/wp-content\/uploads\/2019\/10\/Banners-Novembro-1.png 1000w, https:\/\/hsfamericana.com.br\/wp-content\/uploads\/2019\/10\/Banners-Novembro-1-768x356.png 768w\" sizes=\"auto, (max-width: 1000px) 100vw, 1000px\" \/>O Novembro Azul \u00e9 um movimento mundial para refor\u00e7ar e incentivar a import\u00e2ncia da preven\u00e7\u00e3o contra o c\u00e2ncer de pr\u00f3stata. Este c\u00e2ncer, de acordo com o <a href=\"https:\/\/www.inca.gov.br\/\" target=\"_blank\">INCA &#8211; Instituto Nacional de C\u00e2ncer<\/a>, \u00e9 o segundo tipo mais comum entre os homens brasileiros, ficando apenas atr\u00e1s do c\u00e2ncer de pele. Anualmente, o pa\u00eds registra cerca de 68 mil novos casos por ano e 13 mil mortes causadas pelo tumor.<\/p>\n<p><strong>Falta de informa\u00e7\u00e3o e preconceito<\/strong><\/p>\n<p>O c\u00e2ncer de pr\u00f3stata \u00e9 uma doen\u00e7a silenciosa, em sua fase inicial pode n\u00e3o apresentar sinais, seus sintomas s\u00e3o manifestados somente quando o tumor j\u00e1 est\u00e1 em uma fase avan\u00e7ada diminuindo as chances de cura.<\/p>\n<p>O \u00edndice de cura para quem identifica o c\u00e2ncer precocemente chega a 90% com o tratamento. No entanto, muitos homens por vergonha, falta de informa\u00e7\u00e3o ou preconceito deixam de lado este assunto e n\u00e3o realizam procedimentos simples e r\u00e1pidos para detectar a doen\u00e7a.<\/p>\n<p><strong>Detec\u00e7\u00e3o do c\u00e2ncer de pr\u00f3stata<\/strong><\/p>\n<p>Para descobrir se a doen\u00e7a est\u00e1 presente ou n\u00e3o, s\u00e3o feitos dois exames iniciais:<\/p>\n<ul>\n<li><strong>&#8211; Exame de toque retal:<\/strong>onde o\u00a0m\u00e9dico avalia tamanho, forma e textura da\u00a0pr\u00f3stata, introduzindo o dedo protegido por\u00a0uma luva lubrificada no reto.<\/li>\n<li><strong>&#8211; Exame de PSA:<\/strong>\u00e9\u00a0um exame de sangue que mede a quantidade de\u00a0uma prote\u00edna produzida pela pr\u00f3stata &#8211; Ant\u00edgeno\u00a0Prost\u00e1tico Espec\u00edfico (PSA). N\u00edveis altos dessa\u00a0prote\u00edna podem significar c\u00e2ncer, mas tamb\u00e9m\u00a0doen\u00e7as benignas da pr\u00f3stata.<\/li>\n<\/ul>\n<p>Ap\u00f3s estes exames, para confirmar o diagn\u00f3stico de c\u00e2ncer de pr\u00f3stata \u00e9 necess\u00e1rio fazer uma bi\u00f3psia. Nesse\u00a0exame s\u00e3o retirados peda\u00e7os muito pequenos da pr\u00f3stata para\u00a0serem analisados no laborat\u00f3rio.\u00a0A bi\u00f3psia \u00e9 indicada caso seja encontrada alguma altera\u00e7\u00e3o no\u00a0exame de PSA ou no toque retal.\u00a0<\/p>\n<p><strong>Fatores de risco<\/strong><\/p>\n<p>Existem alguns fatores que podem aumentar as chances do desenvolvimento da doen\u00e7a, como:<\/p>\n<ul>\n<li>&#8211; Idade (o risco aumenta com o avan\u00e7ar da idade).<\/li>\n<li>&#8211; Hist\u00f3rico familiar.<\/li>\n<li>&#8211; Sobrepeso e obesidade.<\/li>\n<li>&#8211; H\u00e1bitos Alimentares inadequados.<\/li>\n<\/ul>\n<p><strong>Sinais e Sintomas<\/strong><\/p>\n<p>Conforme j\u00e1 mencionado, na fase inicial o c\u00e2ncer pode n\u00e3o manifestar sintomas*, quando apresenta, os mais comuns s\u00e3o:<\/p>\n<ul>\n<li>&#8211; Dificuldade de urinar.<\/li>\n<li>&#8211; Demora em come\u00e7ar e terminar de urinar.<\/li>\n<li>&#8211; Diminui\u00e7\u00e3o do jato de urina.<\/li>\n<li>&#8211; Sangue na urina.<\/li>\n<li>&#8211; Necessidade de urinar mais vezes durante o dia ou a noite.<\/li>\n<\/ul>\n<p><em>*Esses sinais e sintomas tamb\u00e9m ocorrem devido a doen\u00e7as\u00a0benignas da pr\u00f3stata.<\/em><\/p>\n<p><strong>Preven\u00e7\u00e3o<\/strong><\/p>\n<p>Manter uma rotina de h\u00e1bitos saud\u00e1veis, como uma boa alimenta\u00e7\u00e3o com menos gordura (principalmente a de origem animal), ajuda a diminuir o risco de c\u00e2ncer, como tamb\u00e9m de outras doen\u00e7as. Confira o que pode ser feito:<\/p>\n<ul>\n<li>&#8211; Tenha uma alimenta\u00e7\u00e3o saud\u00e1vel.<\/li>\n<li>&#8211; Mantenha o peso corporal adequado.<\/li>\n<li>&#8211; Pratique atividades f\u00edsicas.<\/li>\n<li>&#8211; N\u00e3o fume.<\/li>\n<li>&#8211; Evite o consumo de bebidas alco\u00f3licas.<\/li>\n<li>&#8211; E realize o exame preventivo periodicamente.<\/li>\n<\/ul>\n<p><strong>Fa\u00e7a o exame<\/strong><\/p>\n<p>A realiza\u00e7\u00e3o do exame pode ajudar a identificar o c\u00e2ncer de pr\u00f3stata no per\u00edodo inicial da doen\u00e7a, aumentando as chances de sucesso no tratamento. Desta forma, realize o exame preventivo, evite que a doen\u00e7a se desenvolva.<\/p>\n<p>A melhor forma de combater o c\u00e2ncer \u00e9 a preven\u00e7\u00e3o!<\/p>\n<p>Quebre preconceitos, lute pela vida!<\/p>\n<p>O HSF tamb\u00e9m apoia essa causa!<\/p>\n<p>Agende uma consulta hoje mesmo! <a href=\"https:\/\/www.hsfamericana.com.br\/index.php\/guia-medico\/\" target=\"_blank\">Entre em contato<\/a> com a nossa equipe.<\/p>\n<p><strong>Fonte:<\/strong> Assessoria HSF<\/p>\n","protected":false},"excerpt":{"rendered":"<p>O Novembro Azul \u00e9 um movimento mundial para refor\u00e7ar e incentivar a import\u00e2ncia da preven\u00e7\u00e3o contra o c\u00e2ncer de pr\u00f3stata. Este c\u00e2ncer, de acordo com o INCA &#8211; Instituto Nacional de C\u00e2ncer, \u00e9 o segundo tipo mais comum entre os homens brasileiros, ficando apenas atr\u00e1s do c\u00e2ncer de pele. Anualmente, o pa\u00eds registra cerca de [&hellip;]<\/p>\n","protected":false},"author":2,"featured_media":2906,"comment_status":"open","ping_status":"open","sticky":false,"template":"","format":"standard","meta":{"_acf_changed":false,"footnotes":""},"categories":[4],"tags":[24,23,38,28],"class_list":["post-2903","post","type-post","status-publish","format-standard","has-post-thumbnail","hentry","category-noticias","tag-hospital-sao-francisco","tag-hsf-americana","tag-novembro-azul","tag-prevencao"],"acf":[],"yoast_head":"<!-- This site is optimized with the Yoast SEO plugin v25.2 - https:\/\/yoast.com\/wordpress\/plugins\/seo\/ -->\n<title>Novembro Azul: Quebre preconceitos, lute pela vida! &#8226; Hospital S\u00e3o Francisco de Americana<\/title>\n<meta name=\"robots\" content=\"index, follow, max-snippet:-1, max-image-preview:large, max-video-preview:-1\" \/>\n<link rel=\"canonical\" href=\"https:\/\/hsfamericana.com.br\/index.php\/novembro-azul-quebre-preconceitos-lute-pela-vida\/\" \/>\n<meta property=\"og:locale\" content=\"pt_BR\" \/>\n<meta property=\"og:type\" content=\"article\" \/>\n<meta property=\"og:title\" content=\"Novembro Azul: Quebre preconceitos, lute pela vida! &#8226; Hospital S\u00e3o Francisco de Americana\" \/>\n<meta property=\"og:description\" content=\"O Novembro Azul \u00e9 um movimento mundial para refor\u00e7ar e incentivar a import\u00e2ncia da preven\u00e7\u00e3o contra o c\u00e2ncer de pr\u00f3stata. Este c\u00e2ncer, de acordo com o INCA &#8211; Instituto Nacional de C\u00e2ncer, \u00e9 o segundo tipo mais comum entre os homens brasileiros, ficando apenas atr\u00e1s do c\u00e2ncer de pele. Anualmente, o pa\u00eds registra cerca de [&hellip;]\" \/>\n<meta property=\"og:url\" content=\"https:\/\/hsfamericana.com.br\/index.php\/novembro-azul-quebre-preconceitos-lute-pela-vida\/\" \/>\n<meta property=\"og:site_name\" content=\"Hospital S\u00e3o Francisco de Americana\" \/>\n<meta property=\"article:published_time\" content=\"2019-10-31T16:49:25+00:00\" \/>\n<meta property=\"article:modified_time\" content=\"2019-10-31T16:50:29+00:00\" \/>\n<meta property=\"og:image\" content=\"https:\/\/hsfamericana.com.br\/wp-content\/uploads\/2019\/10\/Banners-Novembro-1.png\" \/>\n\t<meta property=\"og:image:width\" content=\"1000\" \/>\n\t<meta property=\"og:image:height\" content=\"464\" \/>\n\t<meta property=\"og:image:type\" content=\"image\/png\" \/>\n<meta name=\"author\" content=\"HSF Americana\" \/>\n<meta name=\"twitter:label1\" content=\"Escrito por\" \/>\n\t<meta name=\"twitter:data1\" content=\"HSF Americana\" \/>\n\t<meta name=\"twitter:label2\" content=\"Est. tempo de leitura\" \/>\n\t<meta name=\"twitter:data2\" content=\"3 minutos\" \/>\n<script type=\"application\/ld+json\" class=\"yoast-schema-graph\">{\"@context\":\"https:\/\/schema.org\",\"@graph\":[{\"@type\":\"WebPage\",\"@id\":\"https:\/\/hsfamericana.com.br\/index.php\/novembro-azul-quebre-preconceitos-lute-pela-vida\/\",\"url\":\"https:\/\/hsfamericana.com.br\/index.php\/novembro-azul-quebre-preconceitos-lute-pela-vida\/\",\"name\":\"Novembro Azul: Quebre preconceitos, lute pela vida! &#8226; Hospital S\u00e3o Francisco de Americana\",\"isPartOf\":{\"@id\":\"https:\/\/hsfamericana.com.br\/#website\"},\"primaryImageOfPage\":{\"@id\":\"https:\/\/hsfamericana.com.br\/index.php\/novembro-azul-quebre-preconceitos-lute-pela-vida\/#primaryimage\"},\"image\":{\"@id\":\"https:\/\/hsfamericana.com.br\/index.php\/novembro-azul-quebre-preconceitos-lute-pela-vida\/#primaryimage\"},\"thumbnailUrl\":\"https:\/\/hsfamericana.com.br\/wp-content\/uploads\/2019\/10\/Banners-Novembro-1.png\",\"datePublished\":\"2019-10-31T16:49:25+00:00\",\"dateModified\":\"2019-10-31T16:50:29+00:00\",\"author\":{\"@id\":\"https:\/\/hsfamericana.com.br\/#\/schema\/person\/3b12fcdd81c4d645a927c9ba010d1551\"},\"breadcrumb\":{\"@id\":\"https:\/\/hsfamericana.com.br\/index.php\/novembro-azul-quebre-preconceitos-lute-pela-vida\/#breadcrumb\"},\"inLanguage\":\"pt-BR\",\"potentialAction\":[{\"@type\":\"ReadAction\",\"target\":[\"https:\/\/hsfamericana.com.br\/index.php\/novembro-azul-quebre-preconceitos-lute-pela-vida\/\"]}]},{\"@type\":\"ImageObject\",\"inLanguage\":\"pt-BR\",\"@id\":\"https:\/\/hsfamericana.com.br\/index.php\/novembro-azul-quebre-preconceitos-lute-pela-vida\/#primaryimage\",\"url\":\"https:\/\/hsfamericana.com.br\/wp-content\/uploads\/2019\/10\/Banners-Novembro-1.png\",\"contentUrl\":\"https:\/\/hsfamericana.com.br\/wp-content\/uploads\/2019\/10\/Banners-Novembro-1.png\",\"width\":1000,\"height\":464},{\"@type\":\"BreadcrumbList\",\"@id\":\"https:\/\/hsfamericana.com.br\/index.php\/novembro-azul-quebre-preconceitos-lute-pela-vida\/#breadcrumb\",\"itemListElement\":[{\"@type\":\"ListItem\",\"position\":1,\"name\":\"In\u00edcio\",\"item\":\"https:\/\/hsfamericana.com.br\/\"},{\"@type\":\"ListItem\",\"position\":2,\"name\":\"Novembro Azul: Quebre preconceitos, lute pela vida!\"}]},{\"@type\":\"WebSite\",\"@id\":\"https:\/\/hsfamericana.com.br\/#website\",\"url\":\"https:\/\/hsfamericana.com.br\/\",\"name\":\"Hospital S\u00e3o Francisco de Americana\",\"description\":\"O mais completo da regi\u00e3o de Campinas\",\"potentialAction\":[{\"@type\":\"SearchAction\",\"target\":{\"@type\":\"EntryPoint\",\"urlTemplate\":\"https:\/\/hsfamericana.com.br\/?s={search_term_string}\"},\"query-input\":{\"@type\":\"PropertyValueSpecification\",\"valueRequired\":true,\"valueName\":\"search_term_string\"}}],\"inLanguage\":\"pt-BR\"},{\"@type\":\"Person\",\"@id\":\"https:\/\/hsfamericana.com.br\/#\/schema\/person\/3b12fcdd81c4d645a927c9ba010d1551\",\"name\":\"HSF Americana\",\"image\":{\"@type\":\"ImageObject\",\"inLanguage\":\"pt-BR\",\"@id\":\"https:\/\/hsfamericana.com.br\/#\/schema\/person\/image\/\",\"url\":\"https:\/\/secure.gravatar.com\/avatar\/5166f96d8390f878591229db68525bd3f5c9f157e02efd0ba33755d400e0b4f1?s=96&d=mm&r=g\",\"contentUrl\":\"https:\/\/secure.gravatar.com\/avatar\/5166f96d8390f878591229db68525bd3f5c9f157e02efd0ba33755d400e0b4f1?s=96&d=mm&r=g\",\"caption\":\"HSF Americana\"},\"sameAs\":[\"https:\/\/www.hsfamericana.com.br\"],\"url\":\"https:\/\/hsfamericana.com.br\/index.php\/author\/nogueira\/\"}]}<\/script>\n<!-- \/ Yoast SEO plugin. -->","yoast_head_json":{"title":"Novembro Azul: Quebre preconceitos, lute pela vida! &#8226; Hospital S\u00e3o Francisco de Americana","robots":{"index":"index","follow":"follow","max-snippet":"max-snippet:-1","max-image-preview":"max-image-preview:large","max-video-preview":"max-video-preview:-1"},"canonical":"https:\/\/hsfamericana.com.br\/index.php\/novembro-azul-quebre-preconceitos-lute-pela-vida\/","og_locale":"pt_BR","og_type":"article","og_title":"Novembro Azul: Quebre preconceitos, lute pela vida! &#8226; Hospital S\u00e3o Francisco de Americana","og_description":"O Novembro Azul \u00e9 um movimento mundial para refor\u00e7ar e incentivar a import\u00e2ncia da preven\u00e7\u00e3o contra o c\u00e2ncer de pr\u00f3stata. Este c\u00e2ncer, de acordo com o INCA &#8211; Instituto Nacional de C\u00e2ncer, \u00e9 o segundo tipo mais comum entre os homens brasileiros, ficando apenas atr\u00e1s do c\u00e2ncer de pele. Anualmente, o pa\u00eds registra cerca de [&hellip;]","og_url":"https:\/\/hsfamericana.com.br\/index.php\/novembro-azul-quebre-preconceitos-lute-pela-vida\/","og_site_name":"Hospital S\u00e3o Francisco de Americana","article_published_time":"2019-10-31T16:49:25+00:00","article_modified_time":"2019-10-31T16:50:29+00:00","og_image":[{"width":1000,"height":464,"url":"https:\/\/hsfamericana.com.br\/wp-content\/uploads\/2019\/10\/Banners-Novembro-1.png","type":"image\/png"}],"author":"HSF Americana","twitter_misc":{"Escrito por":"HSF Americana","Est. tempo de leitura":"3 minutos"},"schema":{"@context":"https:\/\/schema.org","@graph":[{"@type":"WebPage","@id":"https:\/\/hsfamericana.com.br\/index.php\/novembro-azul-quebre-preconceitos-lute-pela-vida\/","url":"https:\/\/hsfamericana.com.br\/index.php\/novembro-azul-quebre-preconceitos-lute-pela-vida\/","name":"Novembro Azul: Quebre preconceitos, lute pela vida! &#8226; Hospital S\u00e3o Francisco de Americana","isPartOf":{"@id":"https:\/\/hsfamericana.com.br\/#website"},"primaryImageOfPage":{"@id":"https:\/\/hsfamericana.com.br\/index.php\/novembro-azul-quebre-preconceitos-lute-pela-vida\/#primaryimage"},"image":{"@id":"https:\/\/hsfamericana.com.br\/index.php\/novembro-azul-quebre-preconceitos-lute-pela-vida\/#primaryimage"},"thumbnailUrl":"https:\/\/hsfamericana.com.br\/wp-content\/uploads\/2019\/10\/Banners-Novembro-1.png","datePublished":"2019-10-31T16:49:25+00:00","dateModified":"2019-10-31T16:50:29+00:00","author":{"@id":"https:\/\/hsfamericana.com.br\/#\/schema\/person\/3b12fcdd81c4d645a927c9ba010d1551"},"breadcrumb":{"@id":"https:\/\/hsfamericana.com.br\/index.php\/novembro-azul-quebre-preconceitos-lute-pela-vida\/#breadcrumb"},"inLanguage":"pt-BR","potentialAction":[{"@type":"ReadAction","target":["https:\/\/hsfamericana.com.br\/index.php\/novembro-azul-quebre-preconceitos-lute-pela-vida\/"]}]},{"@type":"ImageObject","inLanguage":"pt-BR","@id":"https:\/\/hsfamericana.com.br\/index.php\/novembro-azul-quebre-preconceitos-lute-pela-vida\/#primaryimage","url":"https:\/\/hsfamericana.com.br\/wp-content\/uploads\/2019\/10\/Banners-Novembro-1.png","contentUrl":"https:\/\/hsfamericana.com.br\/wp-content\/uploads\/2019\/10\/Banners-Novembro-1.png","width":1000,"height":464},{"@type":"BreadcrumbList","@id":"https:\/\/hsfamericana.com.br\/index.php\/novembro-azul-quebre-preconceitos-lute-pela-vida\/#breadcrumb","itemListElement":[{"@type":"ListItem","position":1,"name":"In\u00edcio","item":"https:\/\/hsfamericana.com.br\/"},{"@type":"ListItem","position":2,"name":"Novembro Azul: Quebre preconceitos, lute pela vida!"}]},{"@type":"WebSite","@id":"https:\/\/hsfamericana.com.br\/#website","url":"https:\/\/hsfamericana.com.br\/","name":"Hospital S\u00e3o Francisco de Americana","description":"O mais completo da regi\u00e3o de Campinas","potentialAction":[{"@type":"SearchAction","target":{"@type":"EntryPoint","urlTemplate":"https:\/\/hsfamericana.com.br\/?s={search_term_string}"},"query-input":{"@type":"PropertyValueSpecification","valueRequired":true,"valueName":"search_term_string"}}],"inLanguage":"pt-BR"},{"@type":"Person","@id":"https:\/\/hsfamericana.com.br\/#\/schema\/person\/3b12fcdd81c4d645a927c9ba010d1551","name":"HSF Americana","image":{"@type":"ImageObject","inLanguage":"pt-BR","@id":"https:\/\/hsfamericana.com.br\/#\/schema\/person\/image\/","url":"https:\/\/secure.gravatar.com\/avatar\/5166f96d8390f878591229db68525bd3f5c9f157e02efd0ba33755d400e0b4f1?s=96&d=mm&r=g","contentUrl":"https:\/\/secure.gravatar.com\/avatar\/5166f96d8390f878591229db68525bd3f5c9f157e02efd0ba33755d400e0b4f1?s=96&d=mm&r=g","caption":"HSF Americana"},"sameAs":["https:\/\/www.hsfamericana.com.br"],"url":"https:\/\/hsfamericana.com.br\/index.php\/author\/nogueira\/"}]}},"_links":{"self":[{"href":"https:\/\/hsfamericana.com.br\/index.php\/wp-json\/wp\/v2\/posts\/2903","targetHints":{"allow":["GET"]}}],"collection":[{"href":"https:\/\/hsfamericana.com.br\/index.php\/wp-json\/wp\/v2\/posts"}],"about":[{"href":"https:\/\/hsfamericana.com.br\/index.php\/wp-json\/wp\/v2\/types\/post"}],"author":[{"embeddable":true,"href":"https:\/\/hsfamericana.com.br\/index.php\/wp-json\/wp\/v2\/users\/2"}],"replies":[{"embeddable":true,"href":"https:\/\/hsfamericana.com.br\/index.php\/wp-json\/wp\/v2\/comments?post=2903"}],"version-history":[{"count":5,"href":"https:\/\/hsfamericana.com.br\/index.php\/wp-json\/wp\/v2\/posts\/2903\/revisions"}],"predecessor-version":[{"id":2909,"href":"https:\/\/hsfamericana.com.br\/index.php\/wp-json\/wp\/v2\/posts\/2903\/revisions\/2909"}],"wp:featuredmedia":[{"embeddable":true,"href":"https:\/\/hsfamericana.com.br\/index.php\/wp-json\/wp\/v2\/media\/2906"}],"wp:attachment":[{"href":"https:\/\/hsfamericana.com.br\/index.php\/wp-json\/wp\/v2\/media?parent=2903"}],"wp:term":[{"taxonomy":"category","embeddable":true,"href":"https:\/\/hsfamericana.com.br\/index.php\/wp-json\/wp\/v2\/categories?post=2903"},{"taxonomy":"post_tag","embeddable":true,"href":"https:\/\/hsfamericana.com.br\/index.php\/wp-json\/wp\/v2\/tags?post=2903"}],"curies":[{"name":"wp","href":"https:\/\/api.w.org\/{rel}","templated":true}]}}