{"id":2932,"date":"2019-11-14T08:22:56","date_gmt":"2019-11-14T08:22:56","guid":{"rendered":"http:\/\/www.hsfamericana.com.br\/?p=2932"},"modified":"2019-11-14T15:59:48","modified_gmt":"2019-11-14T15:59:48","slug":"dia-mundial-da-prematuridade","status":"publish","type":"post","link":"https:\/\/hsfamericana.com.br\/index.php\/dia-mundial-da-prematuridade\/","title":{"rendered":"Dia Mundial da Prematuridade"},"content":{"rendered":"<img loading=\"lazy\" decoding=\"async\" class=\"alignleft size-full wp-image-2934\" src=\"http:\/\/www.hsfamericana.com.br\/wp-content\/uploads\/2019\/11\/prematuridade.jpg\" alt=\"\" width=\"992\" height=\"558\" srcset=\"https:\/\/hsfamericana.com.br\/wp-content\/uploads\/2019\/11\/prematuridade.jpg 992w, https:\/\/hsfamericana.com.br\/wp-content\/uploads\/2019\/11\/prematuridade-768x432.jpg 768w\" sizes=\"auto, (max-width: 992px) 100vw, 992px\" \/>\n<p>A prematuridade \u00e9 um problema que afeta mais de 15 milh\u00f5es de beb\u00eas todos os anos ao redor do mundo. Cerca de 340 mil s\u00e3o casos registrados no Brasil, segundo a <a href=\"https:\/\/www.prematuridade.com\/index.php\/home\" target=\"_blank\">Associa\u00e7\u00e3o Brasileira de Pais, Familiares, Amigos e Cuidadores de Beb\u00eas Prematuro<\/a>, representando 12% dos nascimentos do pa\u00eds.<\/p>\n<p>Por isto, no Dia Mundial da Prematuridade (17\/11), n\u00f3s do HSF, fazemos o alerta sobre a import\u00e2ncia de se falar sobre o tema e seus aspectos preventivos.<\/p>\n<p><strong>A prematuridade<\/strong><\/p>\n<p>Os beb\u00eas considerados prematuros nascem com menos de 37 semanas de gesta\u00e7\u00e3o (36 semanas e 6 dias) e podem ser classificados, conforme sua idade gestacional ao nascer e peso (que variam entre 1kg a 2kg):<\/p>\n<ul>\n<li><strong>&#8211; Lim\u00edtrofe:<\/strong> nascido entre 37 e 38 semanas<\/li>\n<li><strong>&#8211; Moderado:<\/strong> nascido entre 31 e 36 semanas<\/li>\n<li><strong>&#8211; Prematuro Extremo:<\/strong> nascido entre 24 e 30 semanas de idade gestacional<\/li>\n<\/ul>\n<p>O parto prematuro, pode ser prevenido com o correto acompanhamento pr\u00e9-natal, al\u00e9m da detec\u00e7\u00e3o de problemas maternos e exames cl\u00ednico-laboratoriais, no entanto nem sempre \u00e9 poss\u00edvel identificar esse problema.<\/p>\n<p>O beb\u00ea prematuro necessita de muitos cuidados especiais na UTI, o que aumenta em 3x o risco de morte e sequelas para sua vida adulta. Contudo, como o avan\u00e7o da tecnologia de rec\u00e9m-nascidos prematuros tem aumentado, com possibilidade de sobrevida a partir de 25 semanas, dependendo do caso.<\/p>\n<p><strong>Principais causas de parto prematuro<\/strong><\/p>\n<ul>\n<li>&#8211; Aus\u00eancia de pr\u00e9-natal<\/li>\n<li>&#8211; Fumo<\/li>\n<li>&#8211; \u00c1lcool<\/li>\n<li>&#8211; Drogas<\/li>\n<li>&#8211; Estresse<\/li>\n<li>&#8211; Infec\u00e7\u00f5es do Trato Urin\u00e1rio<\/li>\n<li>&#8211; Sangramentos Vaginal<\/li>\n<li>&#8211; Diabetes<\/li>\n<li>&#8211; Obesidade<\/li>\n<li>&#8211; Baixo Peso<\/li>\n<li>&#8211; Press\u00e3o Alta ou pr\u00e9-ecl\u00e2mpsia<\/li>\n<li>&#8211; Dist\u00farbios de Coagula\u00e7\u00e3o<\/li>\n<li>&#8211; Anomalias Cong\u00eanitas do Beb\u00ea<\/li>\n<li>&#8211; Gesta\u00e7\u00f5es muito pr\u00f3ximas (menos de 6 a 9 meses entre o nascimento de um beb\u00ea e ficar gr\u00e1vida novamente)<\/li>\n<li>&#8211; Gravidez fruto de fertiliza\u00e7\u00e3o in vitro<\/li>\n<li>&#8211; Idade menor de 17 anos e acima de 35 anos<\/li>\n<li>&#8211; Mulheres gr\u00e1vidas de g\u00eameos ou m\u00faltiplos com hist\u00f3rico de problemas uterinos.<strong>\u00a0<\/strong><\/li>\n<\/ul>\n<p><strong>Preven\u00e7\u00e3o e Tratamento<\/strong><strong>\u00a0<\/strong><\/p>\n<p>Para prevenir, mantenha uma dieta equilibrada, realize frequentemente suas consultas, compartilhe seu hist\u00f3rico de sa\u00fade, tenha cuidado com o seu peso, n\u00e3o se automedique, evite bebidas alco\u00f3licas e n\u00e3o fume em nenhuma hip\u00f3tese.<\/p>\n<p>A prematuridade pode ser evitada em alguns casos ou at\u00e9 mesmo acompanhada para garantir a sa\u00fade da m\u00e3e e do beb\u00ea, para isto, entre em contato com o seu m\u00e9dico e realize o pr\u00e9-natal, juntamente com os exames em nosso hospital.<\/p>\n<p><a href=\"https:\/\/www.hsfamericana.com.br\/index.php\/guia-medico\/\" target=\"_blank\">Marque sua consulta!<\/a><\/p>\n<p>Fonte: Assessoria HSF<\/p>\n","protected":false},"excerpt":{"rendered":"<p>A prematuridade \u00e9 um problema que afeta mais de 15 milh\u00f5es de beb\u00eas todos os anos ao redor do mundo. Cerca de 340 mil s\u00e3o casos registrados no Brasil, segundo a Associa\u00e7\u00e3o Brasileira de Pais, Familiares, Amigos e Cuidadores de Beb\u00eas Prematuro, representando 12% dos nascimentos do pa\u00eds. Por isto, no Dia Mundial da Prematuridade [&hellip;]<\/p>\n","protected":false},"author":2,"featured_media":2934,"comment_status":"open","ping_status":"open","sticky":false,"template":"","format":"standard","meta":{"_acf_changed":false,"footnotes":""},"categories":[4],"tags":[37,23,122,126],"class_list":["post-2932","post","type-post","status-publish","format-standard","has-post-thumbnail","hentry","category-noticias","tag-hsf","tag-hsf-americana","tag-maternidade","tag-prematuridade"],"acf":[],"yoast_head":"<!-- This site is optimized with the Yoast SEO plugin v25.2 - https:\/\/yoast.com\/wordpress\/plugins\/seo\/ -->\n<title>Dia Mundial da Prematuridade &#8226; Hospital S\u00e3o Francisco de Americana<\/title>\n<meta name=\"robots\" content=\"index, follow, max-snippet:-1, max-image-preview:large, max-video-preview:-1\" \/>\n<link rel=\"canonical\" href=\"https:\/\/hsfamericana.com.br\/index.php\/dia-mundial-da-prematuridade\/\" \/>\n<meta property=\"og:locale\" content=\"pt_BR\" \/>\n<meta property=\"og:type\" content=\"article\" \/>\n<meta property=\"og:title\" content=\"Dia Mundial da Prematuridade &#8226; Hospital S\u00e3o Francisco de Americana\" \/>\n<meta property=\"og:description\" content=\"A prematuridade \u00e9 um problema que afeta mais de 15 milh\u00f5es de beb\u00eas todos os anos ao redor do mundo. Cerca de 340 mil s\u00e3o casos registrados no Brasil, segundo a Associa\u00e7\u00e3o Brasileira de Pais, Familiares, Amigos e Cuidadores de Beb\u00eas Prematuro, representando 12% dos nascimentos do pa\u00eds. Por isto, no Dia Mundial da Prematuridade [&hellip;]\" \/>\n<meta property=\"og:url\" content=\"https:\/\/hsfamericana.com.br\/index.php\/dia-mundial-da-prematuridade\/\" \/>\n<meta property=\"og:site_name\" content=\"Hospital S\u00e3o Francisco de Americana\" \/>\n<meta property=\"article:published_time\" content=\"2019-11-14T08:22:56+00:00\" \/>\n<meta property=\"article:modified_time\" content=\"2019-11-14T15:59:48+00:00\" \/>\n<meta property=\"og:image\" content=\"https:\/\/hsfamericana.com.br\/wp-content\/uploads\/2019\/11\/prematuridade.jpg\" \/>\n\t<meta property=\"og:image:width\" content=\"992\" \/>\n\t<meta property=\"og:image:height\" content=\"558\" \/>\n\t<meta property=\"og:image:type\" content=\"image\/jpeg\" \/>\n<meta name=\"author\" content=\"HSF Americana\" \/>\n<meta name=\"twitter:label1\" content=\"Escrito por\" \/>\n\t<meta name=\"twitter:data1\" content=\"HSF Americana\" \/>\n\t<meta name=\"twitter:label2\" content=\"Est. tempo de leitura\" \/>\n\t<meta name=\"twitter:data2\" content=\"2 minutos\" \/>\n<script type=\"application\/ld+json\" class=\"yoast-schema-graph\">{\"@context\":\"https:\/\/schema.org\",\"@graph\":[{\"@type\":\"WebPage\",\"@id\":\"https:\/\/hsfamericana.com.br\/index.php\/dia-mundial-da-prematuridade\/\",\"url\":\"https:\/\/hsfamericana.com.br\/index.php\/dia-mundial-da-prematuridade\/\",\"name\":\"Dia Mundial da Prematuridade &#8226; Hospital S\u00e3o Francisco de Americana\",\"isPartOf\":{\"@id\":\"https:\/\/hsfamericana.com.br\/#website\"},\"primaryImageOfPage\":{\"@id\":\"https:\/\/hsfamericana.com.br\/index.php\/dia-mundial-da-prematuridade\/#primaryimage\"},\"image\":{\"@id\":\"https:\/\/hsfamericana.com.br\/index.php\/dia-mundial-da-prematuridade\/#primaryimage\"},\"thumbnailUrl\":\"https:\/\/hsfamericana.com.br\/wp-content\/uploads\/2019\/11\/prematuridade.jpg\",\"datePublished\":\"2019-11-14T08:22:56+00:00\",\"dateModified\":\"2019-11-14T15:59:48+00:00\",\"author\":{\"@id\":\"https:\/\/hsfamericana.com.br\/#\/schema\/person\/3b12fcdd81c4d645a927c9ba010d1551\"},\"breadcrumb\":{\"@id\":\"https:\/\/hsfamericana.com.br\/index.php\/dia-mundial-da-prematuridade\/#breadcrumb\"},\"inLanguage\":\"pt-BR\",\"potentialAction\":[{\"@type\":\"ReadAction\",\"target\":[\"https:\/\/hsfamericana.com.br\/index.php\/dia-mundial-da-prematuridade\/\"]}]},{\"@type\":\"ImageObject\",\"inLanguage\":\"pt-BR\",\"@id\":\"https:\/\/hsfamericana.com.br\/index.php\/dia-mundial-da-prematuridade\/#primaryimage\",\"url\":\"https:\/\/hsfamericana.com.br\/wp-content\/uploads\/2019\/11\/prematuridade.jpg\",\"contentUrl\":\"https:\/\/hsfamericana.com.br\/wp-content\/uploads\/2019\/11\/prematuridade.jpg\",\"width\":992,\"height\":558},{\"@type\":\"BreadcrumbList\",\"@id\":\"https:\/\/hsfamericana.com.br\/index.php\/dia-mundial-da-prematuridade\/#breadcrumb\",\"itemListElement\":[{\"@type\":\"ListItem\",\"position\":1,\"name\":\"In\u00edcio\",\"item\":\"https:\/\/hsfamericana.com.br\/\"},{\"@type\":\"ListItem\",\"position\":2,\"name\":\"Dia Mundial da Prematuridade\"}]},{\"@type\":\"WebSite\",\"@id\":\"https:\/\/hsfamericana.com.br\/#website\",\"url\":\"https:\/\/hsfamericana.com.br\/\",\"name\":\"Hospital S\u00e3o Francisco de Americana\",\"description\":\"O mais completo da regi\u00e3o de Campinas\",\"potentialAction\":[{\"@type\":\"SearchAction\",\"target\":{\"@type\":\"EntryPoint\",\"urlTemplate\":\"https:\/\/hsfamericana.com.br\/?s={search_term_string}\"},\"query-input\":{\"@type\":\"PropertyValueSpecification\",\"valueRequired\":true,\"valueName\":\"search_term_string\"}}],\"inLanguage\":\"pt-BR\"},{\"@type\":\"Person\",\"@id\":\"https:\/\/hsfamericana.com.br\/#\/schema\/person\/3b12fcdd81c4d645a927c9ba010d1551\",\"name\":\"HSF Americana\",\"image\":{\"@type\":\"ImageObject\",\"inLanguage\":\"pt-BR\",\"@id\":\"https:\/\/hsfamericana.com.br\/#\/schema\/person\/image\/\",\"url\":\"https:\/\/secure.gravatar.com\/avatar\/5166f96d8390f878591229db68525bd3f5c9f157e02efd0ba33755d400e0b4f1?s=96&d=mm&r=g\",\"contentUrl\":\"https:\/\/secure.gravatar.com\/avatar\/5166f96d8390f878591229db68525bd3f5c9f157e02efd0ba33755d400e0b4f1?s=96&d=mm&r=g\",\"caption\":\"HSF Americana\"},\"sameAs\":[\"https:\/\/www.hsfamericana.com.br\"],\"url\":\"https:\/\/hsfamericana.com.br\/index.php\/author\/nogueira\/\"}]}<\/script>\n<!-- \/ Yoast SEO plugin. -->","yoast_head_json":{"title":"Dia Mundial da Prematuridade &#8226; Hospital S\u00e3o Francisco de Americana","robots":{"index":"index","follow":"follow","max-snippet":"max-snippet:-1","max-image-preview":"max-image-preview:large","max-video-preview":"max-video-preview:-1"},"canonical":"https:\/\/hsfamericana.com.br\/index.php\/dia-mundial-da-prematuridade\/","og_locale":"pt_BR","og_type":"article","og_title":"Dia Mundial da Prematuridade &#8226; Hospital S\u00e3o Francisco de Americana","og_description":"A prematuridade \u00e9 um problema que afeta mais de 15 milh\u00f5es de beb\u00eas todos os anos ao redor do mundo. Cerca de 340 mil s\u00e3o casos registrados no Brasil, segundo a Associa\u00e7\u00e3o Brasileira de Pais, Familiares, Amigos e Cuidadores de Beb\u00eas Prematuro, representando 12% dos nascimentos do pa\u00eds. Por isto, no Dia Mundial da Prematuridade [&hellip;]","og_url":"https:\/\/hsfamericana.com.br\/index.php\/dia-mundial-da-prematuridade\/","og_site_name":"Hospital S\u00e3o Francisco de Americana","article_published_time":"2019-11-14T08:22:56+00:00","article_modified_time":"2019-11-14T15:59:48+00:00","og_image":[{"width":992,"height":558,"url":"https:\/\/hsfamericana.com.br\/wp-content\/uploads\/2019\/11\/prematuridade.jpg","type":"image\/jpeg"}],"author":"HSF Americana","twitter_misc":{"Escrito por":"HSF Americana","Est. tempo de leitura":"2 minutos"},"schema":{"@context":"https:\/\/schema.org","@graph":[{"@type":"WebPage","@id":"https:\/\/hsfamericana.com.br\/index.php\/dia-mundial-da-prematuridade\/","url":"https:\/\/hsfamericana.com.br\/index.php\/dia-mundial-da-prematuridade\/","name":"Dia Mundial da Prematuridade &#8226; Hospital S\u00e3o Francisco de Americana","isPartOf":{"@id":"https:\/\/hsfamericana.com.br\/#website"},"primaryImageOfPage":{"@id":"https:\/\/hsfamericana.com.br\/index.php\/dia-mundial-da-prematuridade\/#primaryimage"},"image":{"@id":"https:\/\/hsfamericana.com.br\/index.php\/dia-mundial-da-prematuridade\/#primaryimage"},"thumbnailUrl":"https:\/\/hsfamericana.com.br\/wp-content\/uploads\/2019\/11\/prematuridade.jpg","datePublished":"2019-11-14T08:22:56+00:00","dateModified":"2019-11-14T15:59:48+00:00","author":{"@id":"https:\/\/hsfamericana.com.br\/#\/schema\/person\/3b12fcdd81c4d645a927c9ba010d1551"},"breadcrumb":{"@id":"https:\/\/hsfamericana.com.br\/index.php\/dia-mundial-da-prematuridade\/#breadcrumb"},"inLanguage":"pt-BR","potentialAction":[{"@type":"ReadAction","target":["https:\/\/hsfamericana.com.br\/index.php\/dia-mundial-da-prematuridade\/"]}]},{"@type":"ImageObject","inLanguage":"pt-BR","@id":"https:\/\/hsfamericana.com.br\/index.php\/dia-mundial-da-prematuridade\/#primaryimage","url":"https:\/\/hsfamericana.com.br\/wp-content\/uploads\/2019\/11\/prematuridade.jpg","contentUrl":"https:\/\/hsfamericana.com.br\/wp-content\/uploads\/2019\/11\/prematuridade.jpg","width":992,"height":558},{"@type":"BreadcrumbList","@id":"https:\/\/hsfamericana.com.br\/index.php\/dia-mundial-da-prematuridade\/#breadcrumb","itemListElement":[{"@type":"ListItem","position":1,"name":"In\u00edcio","item":"https:\/\/hsfamericana.com.br\/"},{"@type":"ListItem","position":2,"name":"Dia Mundial da Prematuridade"}]},{"@type":"WebSite","@id":"https:\/\/hsfamericana.com.br\/#website","url":"https:\/\/hsfamericana.com.br\/","name":"Hospital S\u00e3o Francisco de Americana","description":"O mais completo da regi\u00e3o de Campinas","potentialAction":[{"@type":"SearchAction","target":{"@type":"EntryPoint","urlTemplate":"https:\/\/hsfamericana.com.br\/?s={search_term_string}"},"query-input":{"@type":"PropertyValueSpecification","valueRequired":true,"valueName":"search_term_string"}}],"inLanguage":"pt-BR"},{"@type":"Person","@id":"https:\/\/hsfamericana.com.br\/#\/schema\/person\/3b12fcdd81c4d645a927c9ba010d1551","name":"HSF Americana","image":{"@type":"ImageObject","inLanguage":"pt-BR","@id":"https:\/\/hsfamericana.com.br\/#\/schema\/person\/image\/","url":"https:\/\/secure.gravatar.com\/avatar\/5166f96d8390f878591229db68525bd3f5c9f157e02efd0ba33755d400e0b4f1?s=96&d=mm&r=g","contentUrl":"https:\/\/secure.gravatar.com\/avatar\/5166f96d8390f878591229db68525bd3f5c9f157e02efd0ba33755d400e0b4f1?s=96&d=mm&r=g","caption":"HSF Americana"},"sameAs":["https:\/\/www.hsfamericana.com.br"],"url":"https:\/\/hsfamericana.com.br\/index.php\/author\/nogueira\/"}]}},"_links":{"self":[{"href":"https:\/\/hsfamericana.com.br\/index.php\/wp-json\/wp\/v2\/posts\/2932","targetHints":{"allow":["GET"]}}],"collection":[{"href":"https:\/\/hsfamericana.com.br\/index.php\/wp-json\/wp\/v2\/posts"}],"about":[{"href":"https:\/\/hsfamericana.com.br\/index.php\/wp-json\/wp\/v2\/types\/post"}],"author":[{"embeddable":true,"href":"https:\/\/hsfamericana.com.br\/index.php\/wp-json\/wp\/v2\/users\/2"}],"replies":[{"embeddable":true,"href":"https:\/\/hsfamericana.com.br\/index.php\/wp-json\/wp\/v2\/comments?post=2932"}],"version-history":[{"count":2,"href":"https:\/\/hsfamericana.com.br\/index.php\/wp-json\/wp\/v2\/posts\/2932\/revisions"}],"predecessor-version":[{"id":2935,"href":"https:\/\/hsfamericana.com.br\/index.php\/wp-json\/wp\/v2\/posts\/2932\/revisions\/2935"}],"wp:featuredmedia":[{"embeddable":true,"href":"https:\/\/hsfamericana.com.br\/index.php\/wp-json\/wp\/v2\/media\/2934"}],"wp:attachment":[{"href":"https:\/\/hsfamericana.com.br\/index.php\/wp-json\/wp\/v2\/media?parent=2932"}],"wp:term":[{"taxonomy":"category","embeddable":true,"href":"https:\/\/hsfamericana.com.br\/index.php\/wp-json\/wp\/v2\/categories?post=2932"},{"taxonomy":"post_tag","embeddable":true,"href":"https:\/\/hsfamericana.com.br\/index.php\/wp-json\/wp\/v2\/tags?post=2932"}],"curies":[{"name":"wp","href":"https:\/\/api.w.org\/{rel}","templated":true}]}}