{"id":3089,"date":"2020-03-16T16:37:32","date_gmt":"2020-03-16T16:37:32","guid":{"rendered":"http:\/\/www.hsfamericana.com.br\/?p=3089"},"modified":"2020-03-16T16:37:32","modified_gmt":"2020-03-16T16:37:32","slug":"coronavirus-o-combate-depende-de-cada-um-de-nos","status":"publish","type":"post","link":"https:\/\/hsfamericana.com.br\/index.php\/coronavirus-o-combate-depende-de-cada-um-de-nos\/","title":{"rendered":"Coronav\u00edrus &#8211; O combate depende de cada um de n\u00f3s"},"content":{"rendered":"<img loading=\"lazy\" decoding=\"async\" class=\"alignleft size-full wp-image-3090\" src=\"http:\/\/www.hsfamericana.com.br\/wp-content\/uploads\/2020\/03\/Banners_Coronavirus.png\" alt=\"\" width=\"900\" height=\"417\" srcset=\"https:\/\/hsfamericana.com.br\/wp-content\/uploads\/2020\/03\/Banners_Coronavirus.png 900w, https:\/\/hsfamericana.com.br\/wp-content\/uploads\/2020\/03\/Banners_Coronavirus-768x355.png 768w\" sizes=\"auto, (max-width: 900px) 100vw, 900px\" \/>\n<p>O <a href=\"https:\/\/saude.gov.br\/\" target=\"_blank\"><strong>Minist\u00e9rio da Sa\u00fade<\/strong><\/a> prev\u00ea que nas pr\u00f3ximas duas semanas haver\u00e1 um grande aumento de casos de infec\u00e7\u00e3o por coronav\u00edrus (COVID-19) no Brasil. N\u00f3s, do HSF, estamos juntos nesta luta!<\/p>\n<p><strong>TRANSMISS\u00c3O E SINTOMAS<\/strong><\/p>\n<p>De acordo com o <a href=\"http:\/\/saopaulo.sp.gov.br\/coronavirus\/\" target=\"_blank\"><strong>Governo do Estado de S\u00e3o Paulo<\/strong><\/a>, investiga\u00e7\u00f5es sobre a transmiss\u00e3o ainda est\u00e3o em andamento. O que sabemos at\u00e9 agora \u00e9 que a contamina\u00e7\u00e3o costuma ocorrer pelo ar, quando uma got\u00edcula de saliva toca a mucosa, o que pode ocorrer por contato pessoal atrav\u00e9s de secre\u00e7\u00f5es como o espirro, tosse, catarro, got\u00edculas de saliva de uma pessoa contaminada para outra, ou pelo contato em superf\u00edcies ou objetos, principalmente os de uso coletivo como corrim\u00e3o, ma\u00e7anetas, dentre outros que foram tocados por uma pessoa contaminada e depois por algu\u00e9m que n\u00e3o tem o v\u00edrus e que toca seu rosto ou mucosa depois desses locais.<\/p>\n<p>Os sinais e sintomas cl\u00ednicos s\u00e3o principalmente respirat\u00f3rios, semelhantes aos de um resfriado comum: febre, tosse e dificuldades para respirar. Para se proteger a principal recomenda\u00e7\u00e3o \u00e9 higienizar as m\u00e3os frequentemente com \u00e1gua e sab\u00e3o. Use tamb\u00e9m antiss\u00e9ptico de m\u00e3os \u00e0 base de \u00e1lcool gel 70%, principalmente: ap\u00f3s tossir ou espirrar, depois de cuidar de pessoas, acessar lugares de grande circula\u00e7\u00e3o de pessoas, ir ao banheiro e antes e depois de comer.<\/p>\n<p><strong>ATEN\u00c7\u00c3O AO COMUNICADO OFICIAL<\/strong><\/p>\n<p><strong>1 \u2013 PRIMEIRAMENTE SEM P\u00c2NICO<\/strong><\/p>\n<p>A pandemia j\u00e1 era iminente, era apenas uma quest\u00e3o de tempo, mas n\u00f3s podemos fazer essa hist\u00f3ria ser diferente no Brasil.<\/p>\n<p><strong>2 \u2013 SEM FAKE NEWS<\/strong><\/p>\n<p>Se quer ser o primeiro a divulgar algo, consulte a fonte. Duvidou? N\u00e3o repasse. O site do Minist\u00e9rio da Sa\u00fade possui informa\u00e7\u00f5es confi\u00e1veis e atualizadas.<\/p>\n<p><strong>3 \u2013 SEM BEIJO, ABRA\u00c7O E APERTO DE M\u00c3O<\/strong><\/p>\n<p>Nosso pa\u00eds \u00e9 caloroso, \u00e9 a nossa caracter\u00edstica reconhecida mundialmente. Mas vamos mudar o h\u00e1bito por um tempo. Todos v\u00e3o entender a necessidade de cumprimentar apenas com um sorriso \u00e0 dist\u00e2ncia.<\/p>\n<p><strong>4 \u2013 VISITA AOS IDOSOS PODEM ESPERAR TAMB\u00c9M<\/strong><\/p>\n<p>Idosos acima de 60 anos s\u00e3o um dos principais grupos de riscos. Podemos evitar levar algo indesejado para eles.<\/p>\n<p><strong>5 \u2013 LAVE SEMPRE AS M\u00c3OS E PROCURE N\u00c3O TOCAR O ROSTO<\/strong><\/p>\n<p>N\u00e3o precisa nem explicar. Lave frequentemente.<\/p>\n<p><strong>6 \u2013 CUBRA O ROSTO QUANDO TOSSIR<\/strong><\/p>\n<p>Se n\u00e3o tiver um len\u00e7o de papel por perto, d\u00ea prefer\u00eancia por usar os ombros ou parte interna dos cotovelos.<\/p>\n<p><strong>7 \u2013 RESPEITE O PR\u00d3XIMO<\/strong><\/p>\n<p>Bom senso nunca \u00e9 demais. Pode ter uma pessoa precisando mais que voc\u00ea. Sem correria, sem empurr\u00e3o, sem brigas. Respeite sempre.<\/p>\n<p><strong>8 \u2013 EVITE AGLOMERA\u00c7\u00d5ES<\/strong><\/p>\n<p>Se puder permanecer em casa, evitar locais fechados, com muitas pessoas, fazer home-office, melhor.<\/p>\n<p><strong>9 \u2013 SEMPRE ALERTA<\/strong><\/p>\n<p>N\u00f3s podemos ser os vigilantes. Se souber de algum caso, REPORTE.<\/p>\n<p>Quem apresentar os sintomas deve procurar qualquer servi\u00e7o de sa\u00fade imediatamente. Qualquer d\u00favida entre em contato.<\/p>\n<p><strong>Fonte: Assessoria HSF<\/strong><\/p>\n","protected":false},"excerpt":{"rendered":"<p>O Minist\u00e9rio da Sa\u00fade prev\u00ea que nas pr\u00f3ximas duas semanas haver\u00e1 um grande aumento de casos de infec\u00e7\u00e3o por coronav\u00edrus (COVID-19) no Brasil. N\u00f3s, do HSF, estamos juntos nesta luta! TRANSMISS\u00c3O E SINTOMAS De acordo com o Governo do Estado de S\u00e3o Paulo, investiga\u00e7\u00f5es sobre a transmiss\u00e3o ainda est\u00e3o em andamento. O que sabemos at\u00e9 [&hellip;]<\/p>\n","protected":false},"author":2,"featured_media":3090,"comment_status":"open","ping_status":"open","sticky":false,"template":"","format":"standard","meta":{"_acf_changed":false,"footnotes":""},"categories":[4],"tags":[138,23,28],"class_list":["post-3089","post","type-post","status-publish","format-standard","has-post-thumbnail","hentry","category-noticias","tag-coronavirus","tag-hsf-americana","tag-prevencao"],"acf":[],"yoast_head":"<!-- This site is optimized with the Yoast SEO plugin v25.2 - https:\/\/yoast.com\/wordpress\/plugins\/seo\/ -->\n<title>Coronav\u00edrus - O combate depende de cada um de n\u00f3s &#8226; Hospital S\u00e3o Francisco de Americana<\/title>\n<meta name=\"robots\" content=\"index, follow, max-snippet:-1, max-image-preview:large, max-video-preview:-1\" \/>\n<link rel=\"canonical\" href=\"https:\/\/hsfamericana.com.br\/index.php\/coronavirus-o-combate-depende-de-cada-um-de-nos\/\" \/>\n<meta property=\"og:locale\" content=\"pt_BR\" \/>\n<meta property=\"og:type\" content=\"article\" \/>\n<meta property=\"og:title\" content=\"Coronav\u00edrus - O combate depende de cada um de n\u00f3s &#8226; Hospital S\u00e3o Francisco de Americana\" \/>\n<meta property=\"og:description\" content=\"O Minist\u00e9rio da Sa\u00fade prev\u00ea que nas pr\u00f3ximas duas semanas haver\u00e1 um grande aumento de casos de infec\u00e7\u00e3o por coronav\u00edrus (COVID-19) no Brasil. N\u00f3s, do HSF, estamos juntos nesta luta! TRANSMISS\u00c3O E SINTOMAS De acordo com o Governo do Estado de S\u00e3o Paulo, investiga\u00e7\u00f5es sobre a transmiss\u00e3o ainda est\u00e3o em andamento. O que sabemos at\u00e9 [&hellip;]\" \/>\n<meta property=\"og:url\" content=\"https:\/\/hsfamericana.com.br\/index.php\/coronavirus-o-combate-depende-de-cada-um-de-nos\/\" \/>\n<meta property=\"og:site_name\" content=\"Hospital S\u00e3o Francisco de Americana\" \/>\n<meta property=\"article:published_time\" content=\"2020-03-16T16:37:32+00:00\" \/>\n<meta property=\"og:image\" content=\"https:\/\/hsfamericana.com.br\/wp-content\/uploads\/2020\/03\/Banners_Coronavirus.png\" \/>\n\t<meta property=\"og:image:width\" content=\"900\" \/>\n\t<meta property=\"og:image:height\" content=\"417\" \/>\n\t<meta property=\"og:image:type\" content=\"image\/png\" \/>\n<meta name=\"author\" content=\"HSF Americana\" \/>\n<meta name=\"twitter:label1\" content=\"Escrito por\" \/>\n\t<meta name=\"twitter:data1\" content=\"HSF Americana\" \/>\n\t<meta name=\"twitter:label2\" content=\"Est. tempo de leitura\" \/>\n\t<meta name=\"twitter:data2\" content=\"2 minutos\" \/>\n<script type=\"application\/ld+json\" class=\"yoast-schema-graph\">{\"@context\":\"https:\/\/schema.org\",\"@graph\":[{\"@type\":\"WebPage\",\"@id\":\"https:\/\/hsfamericana.com.br\/index.php\/coronavirus-o-combate-depende-de-cada-um-de-nos\/\",\"url\":\"https:\/\/hsfamericana.com.br\/index.php\/coronavirus-o-combate-depende-de-cada-um-de-nos\/\",\"name\":\"Coronav\u00edrus - O combate depende de cada um de n\u00f3s &#8226; Hospital S\u00e3o Francisco de Americana\",\"isPartOf\":{\"@id\":\"https:\/\/hsfamericana.com.br\/#website\"},\"primaryImageOfPage\":{\"@id\":\"https:\/\/hsfamericana.com.br\/index.php\/coronavirus-o-combate-depende-de-cada-um-de-nos\/#primaryimage\"},\"image\":{\"@id\":\"https:\/\/hsfamericana.com.br\/index.php\/coronavirus-o-combate-depende-de-cada-um-de-nos\/#primaryimage\"},\"thumbnailUrl\":\"https:\/\/hsfamericana.com.br\/wp-content\/uploads\/2020\/03\/Banners_Coronavirus.png\",\"datePublished\":\"2020-03-16T16:37:32+00:00\",\"author\":{\"@id\":\"https:\/\/hsfamericana.com.br\/#\/schema\/person\/3b12fcdd81c4d645a927c9ba010d1551\"},\"breadcrumb\":{\"@id\":\"https:\/\/hsfamericana.com.br\/index.php\/coronavirus-o-combate-depende-de-cada-um-de-nos\/#breadcrumb\"},\"inLanguage\":\"pt-BR\",\"potentialAction\":[{\"@type\":\"ReadAction\",\"target\":[\"https:\/\/hsfamericana.com.br\/index.php\/coronavirus-o-combate-depende-de-cada-um-de-nos\/\"]}]},{\"@type\":\"ImageObject\",\"inLanguage\":\"pt-BR\",\"@id\":\"https:\/\/hsfamericana.com.br\/index.php\/coronavirus-o-combate-depende-de-cada-um-de-nos\/#primaryimage\",\"url\":\"https:\/\/hsfamericana.com.br\/wp-content\/uploads\/2020\/03\/Banners_Coronavirus.png\",\"contentUrl\":\"https:\/\/hsfamericana.com.br\/wp-content\/uploads\/2020\/03\/Banners_Coronavirus.png\",\"width\":900,\"height\":417},{\"@type\":\"BreadcrumbList\",\"@id\":\"https:\/\/hsfamericana.com.br\/index.php\/coronavirus-o-combate-depende-de-cada-um-de-nos\/#breadcrumb\",\"itemListElement\":[{\"@type\":\"ListItem\",\"position\":1,\"name\":\"In\u00edcio\",\"item\":\"https:\/\/hsfamericana.com.br\/\"},{\"@type\":\"ListItem\",\"position\":2,\"name\":\"Coronav\u00edrus &#8211; O combate depende de cada um de n\u00f3s\"}]},{\"@type\":\"WebSite\",\"@id\":\"https:\/\/hsfamericana.com.br\/#website\",\"url\":\"https:\/\/hsfamericana.com.br\/\",\"name\":\"Hospital S\u00e3o Francisco de Americana\",\"description\":\"O mais completo da regi\u00e3o de Campinas\",\"potentialAction\":[{\"@type\":\"SearchAction\",\"target\":{\"@type\":\"EntryPoint\",\"urlTemplate\":\"https:\/\/hsfamericana.com.br\/?s={search_term_string}\"},\"query-input\":{\"@type\":\"PropertyValueSpecification\",\"valueRequired\":true,\"valueName\":\"search_term_string\"}}],\"inLanguage\":\"pt-BR\"},{\"@type\":\"Person\",\"@id\":\"https:\/\/hsfamericana.com.br\/#\/schema\/person\/3b12fcdd81c4d645a927c9ba010d1551\",\"name\":\"HSF Americana\",\"image\":{\"@type\":\"ImageObject\",\"inLanguage\":\"pt-BR\",\"@id\":\"https:\/\/hsfamericana.com.br\/#\/schema\/person\/image\/\",\"url\":\"https:\/\/secure.gravatar.com\/avatar\/5166f96d8390f878591229db68525bd3f5c9f157e02efd0ba33755d400e0b4f1?s=96&d=mm&r=g\",\"contentUrl\":\"https:\/\/secure.gravatar.com\/avatar\/5166f96d8390f878591229db68525bd3f5c9f157e02efd0ba33755d400e0b4f1?s=96&d=mm&r=g\",\"caption\":\"HSF Americana\"},\"sameAs\":[\"https:\/\/www.hsfamericana.com.br\"],\"url\":\"https:\/\/hsfamericana.com.br\/index.php\/author\/nogueira\/\"}]}<\/script>\n<!-- \/ Yoast SEO plugin. -->","yoast_head_json":{"title":"Coronav\u00edrus - O combate depende de cada um de n\u00f3s &#8226; Hospital S\u00e3o Francisco de Americana","robots":{"index":"index","follow":"follow","max-snippet":"max-snippet:-1","max-image-preview":"max-image-preview:large","max-video-preview":"max-video-preview:-1"},"canonical":"https:\/\/hsfamericana.com.br\/index.php\/coronavirus-o-combate-depende-de-cada-um-de-nos\/","og_locale":"pt_BR","og_type":"article","og_title":"Coronav\u00edrus - O combate depende de cada um de n\u00f3s &#8226; Hospital S\u00e3o Francisco de Americana","og_description":"O Minist\u00e9rio da Sa\u00fade prev\u00ea que nas pr\u00f3ximas duas semanas haver\u00e1 um grande aumento de casos de infec\u00e7\u00e3o por coronav\u00edrus (COVID-19) no Brasil. N\u00f3s, do HSF, estamos juntos nesta luta! TRANSMISS\u00c3O E SINTOMAS De acordo com o Governo do Estado de S\u00e3o Paulo, investiga\u00e7\u00f5es sobre a transmiss\u00e3o ainda est\u00e3o em andamento. O que sabemos at\u00e9 [&hellip;]","og_url":"https:\/\/hsfamericana.com.br\/index.php\/coronavirus-o-combate-depende-de-cada-um-de-nos\/","og_site_name":"Hospital S\u00e3o Francisco de Americana","article_published_time":"2020-03-16T16:37:32+00:00","og_image":[{"width":900,"height":417,"url":"https:\/\/hsfamericana.com.br\/wp-content\/uploads\/2020\/03\/Banners_Coronavirus.png","type":"image\/png"}],"author":"HSF Americana","twitter_misc":{"Escrito por":"HSF Americana","Est. tempo de leitura":"2 minutos"},"schema":{"@context":"https:\/\/schema.org","@graph":[{"@type":"WebPage","@id":"https:\/\/hsfamericana.com.br\/index.php\/coronavirus-o-combate-depende-de-cada-um-de-nos\/","url":"https:\/\/hsfamericana.com.br\/index.php\/coronavirus-o-combate-depende-de-cada-um-de-nos\/","name":"Coronav\u00edrus - O combate depende de cada um de n\u00f3s &#8226; Hospital S\u00e3o Francisco de Americana","isPartOf":{"@id":"https:\/\/hsfamericana.com.br\/#website"},"primaryImageOfPage":{"@id":"https:\/\/hsfamericana.com.br\/index.php\/coronavirus-o-combate-depende-de-cada-um-de-nos\/#primaryimage"},"image":{"@id":"https:\/\/hsfamericana.com.br\/index.php\/coronavirus-o-combate-depende-de-cada-um-de-nos\/#primaryimage"},"thumbnailUrl":"https:\/\/hsfamericana.com.br\/wp-content\/uploads\/2020\/03\/Banners_Coronavirus.png","datePublished":"2020-03-16T16:37:32+00:00","author":{"@id":"https:\/\/hsfamericana.com.br\/#\/schema\/person\/3b12fcdd81c4d645a927c9ba010d1551"},"breadcrumb":{"@id":"https:\/\/hsfamericana.com.br\/index.php\/coronavirus-o-combate-depende-de-cada-um-de-nos\/#breadcrumb"},"inLanguage":"pt-BR","potentialAction":[{"@type":"ReadAction","target":["https:\/\/hsfamericana.com.br\/index.php\/coronavirus-o-combate-depende-de-cada-um-de-nos\/"]}]},{"@type":"ImageObject","inLanguage":"pt-BR","@id":"https:\/\/hsfamericana.com.br\/index.php\/coronavirus-o-combate-depende-de-cada-um-de-nos\/#primaryimage","url":"https:\/\/hsfamericana.com.br\/wp-content\/uploads\/2020\/03\/Banners_Coronavirus.png","contentUrl":"https:\/\/hsfamericana.com.br\/wp-content\/uploads\/2020\/03\/Banners_Coronavirus.png","width":900,"height":417},{"@type":"BreadcrumbList","@id":"https:\/\/hsfamericana.com.br\/index.php\/coronavirus-o-combate-depende-de-cada-um-de-nos\/#breadcrumb","itemListElement":[{"@type":"ListItem","position":1,"name":"In\u00edcio","item":"https:\/\/hsfamericana.com.br\/"},{"@type":"ListItem","position":2,"name":"Coronav\u00edrus &#8211; O combate depende de cada um de n\u00f3s"}]},{"@type":"WebSite","@id":"https:\/\/hsfamericana.com.br\/#website","url":"https:\/\/hsfamericana.com.br\/","name":"Hospital S\u00e3o Francisco de Americana","description":"O mais completo da regi\u00e3o de Campinas","potentialAction":[{"@type":"SearchAction","target":{"@type":"EntryPoint","urlTemplate":"https:\/\/hsfamericana.com.br\/?s={search_term_string}"},"query-input":{"@type":"PropertyValueSpecification","valueRequired":true,"valueName":"search_term_string"}}],"inLanguage":"pt-BR"},{"@type":"Person","@id":"https:\/\/hsfamericana.com.br\/#\/schema\/person\/3b12fcdd81c4d645a927c9ba010d1551","name":"HSF Americana","image":{"@type":"ImageObject","inLanguage":"pt-BR","@id":"https:\/\/hsfamericana.com.br\/#\/schema\/person\/image\/","url":"https:\/\/secure.gravatar.com\/avatar\/5166f96d8390f878591229db68525bd3f5c9f157e02efd0ba33755d400e0b4f1?s=96&d=mm&r=g","contentUrl":"https:\/\/secure.gravatar.com\/avatar\/5166f96d8390f878591229db68525bd3f5c9f157e02efd0ba33755d400e0b4f1?s=96&d=mm&r=g","caption":"HSF Americana"},"sameAs":["https:\/\/www.hsfamericana.com.br"],"url":"https:\/\/hsfamericana.com.br\/index.php\/author\/nogueira\/"}]}},"_links":{"self":[{"href":"https:\/\/hsfamericana.com.br\/index.php\/wp-json\/wp\/v2\/posts\/3089","targetHints":{"allow":["GET"]}}],"collection":[{"href":"https:\/\/hsfamericana.com.br\/index.php\/wp-json\/wp\/v2\/posts"}],"about":[{"href":"https:\/\/hsfamericana.com.br\/index.php\/wp-json\/wp\/v2\/types\/post"}],"author":[{"embeddable":true,"href":"https:\/\/hsfamericana.com.br\/index.php\/wp-json\/wp\/v2\/users\/2"}],"replies":[{"embeddable":true,"href":"https:\/\/hsfamericana.com.br\/index.php\/wp-json\/wp\/v2\/comments?post=3089"}],"version-history":[{"count":2,"href":"https:\/\/hsfamericana.com.br\/index.php\/wp-json\/wp\/v2\/posts\/3089\/revisions"}],"predecessor-version":[{"id":3092,"href":"https:\/\/hsfamericana.com.br\/index.php\/wp-json\/wp\/v2\/posts\/3089\/revisions\/3092"}],"wp:featuredmedia":[{"embeddable":true,"href":"https:\/\/hsfamericana.com.br\/index.php\/wp-json\/wp\/v2\/media\/3090"}],"wp:attachment":[{"href":"https:\/\/hsfamericana.com.br\/index.php\/wp-json\/wp\/v2\/media?parent=3089"}],"wp:term":[{"taxonomy":"category","embeddable":true,"href":"https:\/\/hsfamericana.com.br\/index.php\/wp-json\/wp\/v2\/categories?post=3089"},{"taxonomy":"post_tag","embeddable":true,"href":"https:\/\/hsfamericana.com.br\/index.php\/wp-json\/wp\/v2\/tags?post=3089"}],"curies":[{"name":"wp","href":"https:\/\/api.w.org\/{rel}","templated":true}]}}