{"id":3097,"date":"2020-04-01T20:31:01","date_gmt":"2020-04-01T20:31:01","guid":{"rendered":"http:\/\/www.hsfamericana.com.br\/?p=3097"},"modified":"2020-04-01T20:37:13","modified_gmt":"2020-04-01T20:37:13","slug":"cafe-de-comemoracao-aniversariantes-de-marco","status":"publish","type":"post","link":"https:\/\/hsfamericana.com.br\/index.php\/cafe-de-comemoracao-aniversariantes-de-marco\/","title":{"rendered":"Caf\u00e9 de Comemora\u00e7\u00e3o: Aniversariantes de Mar\u00e7o"},"content":{"rendered":"<p>N\u00f3s, do HSF, parabenizamos todos os aniversariantes deste m\u00eas de Mar\u00e7o. \u00c9 um imenso privil\u00e9gio ter ao nosso lado uma equipe t\u00e3o qualificada e competente. Que nunca falte sa\u00fade e felicidade em suas vidas.<\/p>\n<p>Gostar\u00edamos de deixar um obrigado especial neste m\u00eas a todos os profissionais da \u00e1rea da sa\u00fade que trabalham incansavelmente pelo bem-estar da popula\u00e7\u00e3o. Sabemos que mesmo em tempos dif\u00edceis, podemos contar com voc\u00eas. Obrigado pelo trabalho e dedica\u00e7\u00e3o de todos os dias.<\/p>\n<p>Confira a foto dos aniversariantes do m\u00eas:<\/p>\n<img loading=\"lazy\" decoding=\"async\" class=\"alignleft size-full wp-image-3104\" src=\"https:\/\/www.hsfamericana.com.br\/wp-content\/uploads\/2020\/04\/Cafe-Marco-hsf.jpg\" alt=\"\" width=\"900\" height=\"417\" srcset=\"https:\/\/hsfamericana.com.br\/wp-content\/uploads\/2020\/04\/Cafe-Marco-hsf.jpg 900w, https:\/\/hsfamericana.com.br\/wp-content\/uploads\/2020\/04\/Cafe-Marco-hsf-768x355.jpg 768w\" sizes=\"auto, (max-width: 900px) 100vw, 900px\" \/>\n<p><strong>Fonte:<\/strong>\u00a0Assessoria HSF Americana<\/p>\n<p><strong>Foto\/ Cr\u00e9dito:<\/strong>\u00a0Divulga\u00e7\u00e3o<\/p>\n","protected":false},"excerpt":{"rendered":"<p>N\u00f3s, do HSF, parabenizamos todos os aniversariantes deste m\u00eas de Mar\u00e7o. \u00c9 um imenso privil\u00e9gio ter ao nosso lado uma equipe t\u00e3o qualificada e competente. Que nunca falte sa\u00fade e felicidade em suas vidas. Gostar\u00edamos de deixar um obrigado especial neste m\u00eas a todos os profissionais da \u00e1rea da sa\u00fade que trabalham incansavelmente pelo bem-estar [&hellip;]<\/p>\n","protected":false},"author":2,"featured_media":3104,"comment_status":"open","ping_status":"open","sticky":false,"template":"","format":"standard","meta":{"_acf_changed":false,"footnotes":""},"categories":[110,4],"tags":[37,23],"class_list":["post-3097","post","type-post","status-publish","format-standard","has-post-thumbnail","hentry","category-aniversariantes","category-noticias","tag-hsf","tag-hsf-americana"],"acf":[],"yoast_head":"<!-- This site is optimized with the Yoast SEO plugin v25.2 - https:\/\/yoast.com\/wordpress\/plugins\/seo\/ -->\n<title>Caf\u00e9 de Comemora\u00e7\u00e3o: Aniversariantes de Mar\u00e7o &#8226; Hospital S\u00e3o Francisco de Americana<\/title>\n<meta name=\"robots\" content=\"index, follow, max-snippet:-1, max-image-preview:large, max-video-preview:-1\" \/>\n<link rel=\"canonical\" href=\"https:\/\/hsfamericana.com.br\/index.php\/cafe-de-comemoracao-aniversariantes-de-marco\/\" \/>\n<meta property=\"og:locale\" content=\"pt_BR\" \/>\n<meta property=\"og:type\" content=\"article\" \/>\n<meta property=\"og:title\" content=\"Caf\u00e9 de Comemora\u00e7\u00e3o: Aniversariantes de Mar\u00e7o &#8226; Hospital S\u00e3o Francisco de Americana\" \/>\n<meta property=\"og:description\" content=\"N\u00f3s, do HSF, parabenizamos todos os aniversariantes deste m\u00eas de Mar\u00e7o. \u00c9 um imenso privil\u00e9gio ter ao nosso lado uma equipe t\u00e3o qualificada e competente. Que nunca falte sa\u00fade e felicidade em suas vidas. Gostar\u00edamos de deixar um obrigado especial neste m\u00eas a todos os profissionais da \u00e1rea da sa\u00fade que trabalham incansavelmente pelo bem-estar [&hellip;]\" \/>\n<meta property=\"og:url\" content=\"https:\/\/hsfamericana.com.br\/index.php\/cafe-de-comemoracao-aniversariantes-de-marco\/\" \/>\n<meta property=\"og:site_name\" content=\"Hospital S\u00e3o Francisco de Americana\" \/>\n<meta property=\"article:published_time\" content=\"2020-04-01T20:31:01+00:00\" \/>\n<meta property=\"article:modified_time\" content=\"2020-04-01T20:37:13+00:00\" \/>\n<meta property=\"og:image\" content=\"https:\/\/hsfamericana.com.br\/wp-content\/uploads\/2020\/04\/Cafe-Marco-hsf.jpg\" \/>\n\t<meta property=\"og:image:width\" content=\"900\" \/>\n\t<meta property=\"og:image:height\" content=\"417\" \/>\n\t<meta property=\"og:image:type\" content=\"image\/jpeg\" \/>\n<meta name=\"author\" content=\"HSF Americana\" \/>\n<meta name=\"twitter:label1\" content=\"Escrito por\" \/>\n\t<meta name=\"twitter:data1\" content=\"HSF Americana\" \/>\n\t<meta name=\"twitter:label2\" content=\"Est. tempo de leitura\" \/>\n\t<meta name=\"twitter:data2\" content=\"1 minuto\" \/>\n<script type=\"application\/ld+json\" class=\"yoast-schema-graph\">{\"@context\":\"https:\/\/schema.org\",\"@graph\":[{\"@type\":\"WebPage\",\"@id\":\"https:\/\/hsfamericana.com.br\/index.php\/cafe-de-comemoracao-aniversariantes-de-marco\/\",\"url\":\"https:\/\/hsfamericana.com.br\/index.php\/cafe-de-comemoracao-aniversariantes-de-marco\/\",\"name\":\"Caf\u00e9 de Comemora\u00e7\u00e3o: Aniversariantes de Mar\u00e7o &#8226; Hospital S\u00e3o Francisco de Americana\",\"isPartOf\":{\"@id\":\"https:\/\/hsfamericana.com.br\/#website\"},\"primaryImageOfPage\":{\"@id\":\"https:\/\/hsfamericana.com.br\/index.php\/cafe-de-comemoracao-aniversariantes-de-marco\/#primaryimage\"},\"image\":{\"@id\":\"https:\/\/hsfamericana.com.br\/index.php\/cafe-de-comemoracao-aniversariantes-de-marco\/#primaryimage\"},\"thumbnailUrl\":\"https:\/\/hsfamericana.com.br\/wp-content\/uploads\/2020\/04\/Cafe-Marco-hsf.jpg\",\"datePublished\":\"2020-04-01T20:31:01+00:00\",\"dateModified\":\"2020-04-01T20:37:13+00:00\",\"author\":{\"@id\":\"https:\/\/hsfamericana.com.br\/#\/schema\/person\/3b12fcdd81c4d645a927c9ba010d1551\"},\"breadcrumb\":{\"@id\":\"https:\/\/hsfamericana.com.br\/index.php\/cafe-de-comemoracao-aniversariantes-de-marco\/#breadcrumb\"},\"inLanguage\":\"pt-BR\",\"potentialAction\":[{\"@type\":\"ReadAction\",\"target\":[\"https:\/\/hsfamericana.com.br\/index.php\/cafe-de-comemoracao-aniversariantes-de-marco\/\"]}]},{\"@type\":\"ImageObject\",\"inLanguage\":\"pt-BR\",\"@id\":\"https:\/\/hsfamericana.com.br\/index.php\/cafe-de-comemoracao-aniversariantes-de-marco\/#primaryimage\",\"url\":\"https:\/\/hsfamericana.com.br\/wp-content\/uploads\/2020\/04\/Cafe-Marco-hsf.jpg\",\"contentUrl\":\"https:\/\/hsfamericana.com.br\/wp-content\/uploads\/2020\/04\/Cafe-Marco-hsf.jpg\",\"width\":900,\"height\":417},{\"@type\":\"BreadcrumbList\",\"@id\":\"https:\/\/hsfamericana.com.br\/index.php\/cafe-de-comemoracao-aniversariantes-de-marco\/#breadcrumb\",\"itemListElement\":[{\"@type\":\"ListItem\",\"position\":1,\"name\":\"In\u00edcio\",\"item\":\"https:\/\/hsfamericana.com.br\/\"},{\"@type\":\"ListItem\",\"position\":2,\"name\":\"Caf\u00e9 de Comemora\u00e7\u00e3o: Aniversariantes de Mar\u00e7o\"}]},{\"@type\":\"WebSite\",\"@id\":\"https:\/\/hsfamericana.com.br\/#website\",\"url\":\"https:\/\/hsfamericana.com.br\/\",\"name\":\"Hospital S\u00e3o Francisco de Americana\",\"description\":\"O mais completo da regi\u00e3o de Campinas\",\"potentialAction\":[{\"@type\":\"SearchAction\",\"target\":{\"@type\":\"EntryPoint\",\"urlTemplate\":\"https:\/\/hsfamericana.com.br\/?s={search_term_string}\"},\"query-input\":{\"@type\":\"PropertyValueSpecification\",\"valueRequired\":true,\"valueName\":\"search_term_string\"}}],\"inLanguage\":\"pt-BR\"},{\"@type\":\"Person\",\"@id\":\"https:\/\/hsfamericana.com.br\/#\/schema\/person\/3b12fcdd81c4d645a927c9ba010d1551\",\"name\":\"HSF Americana\",\"image\":{\"@type\":\"ImageObject\",\"inLanguage\":\"pt-BR\",\"@id\":\"https:\/\/hsfamericana.com.br\/#\/schema\/person\/image\/\",\"url\":\"https:\/\/secure.gravatar.com\/avatar\/5166f96d8390f878591229db68525bd3f5c9f157e02efd0ba33755d400e0b4f1?s=96&d=mm&r=g\",\"contentUrl\":\"https:\/\/secure.gravatar.com\/avatar\/5166f96d8390f878591229db68525bd3f5c9f157e02efd0ba33755d400e0b4f1?s=96&d=mm&r=g\",\"caption\":\"HSF Americana\"},\"sameAs\":[\"https:\/\/www.hsfamericana.com.br\"],\"url\":\"https:\/\/hsfamericana.com.br\/index.php\/author\/nogueira\/\"}]}<\/script>\n<!-- \/ Yoast SEO plugin. -->","yoast_head_json":{"title":"Caf\u00e9 de Comemora\u00e7\u00e3o: Aniversariantes de Mar\u00e7o &#8226; Hospital S\u00e3o Francisco de Americana","robots":{"index":"index","follow":"follow","max-snippet":"max-snippet:-1","max-image-preview":"max-image-preview:large","max-video-preview":"max-video-preview:-1"},"canonical":"https:\/\/hsfamericana.com.br\/index.php\/cafe-de-comemoracao-aniversariantes-de-marco\/","og_locale":"pt_BR","og_type":"article","og_title":"Caf\u00e9 de Comemora\u00e7\u00e3o: Aniversariantes de Mar\u00e7o &#8226; Hospital S\u00e3o Francisco de Americana","og_description":"N\u00f3s, do HSF, parabenizamos todos os aniversariantes deste m\u00eas de Mar\u00e7o. \u00c9 um imenso privil\u00e9gio ter ao nosso lado uma equipe t\u00e3o qualificada e competente. Que nunca falte sa\u00fade e felicidade em suas vidas. Gostar\u00edamos de deixar um obrigado especial neste m\u00eas a todos os profissionais da \u00e1rea da sa\u00fade que trabalham incansavelmente pelo bem-estar [&hellip;]","og_url":"https:\/\/hsfamericana.com.br\/index.php\/cafe-de-comemoracao-aniversariantes-de-marco\/","og_site_name":"Hospital S\u00e3o Francisco de Americana","article_published_time":"2020-04-01T20:31:01+00:00","article_modified_time":"2020-04-01T20:37:13+00:00","og_image":[{"width":900,"height":417,"url":"https:\/\/hsfamericana.com.br\/wp-content\/uploads\/2020\/04\/Cafe-Marco-hsf.jpg","type":"image\/jpeg"}],"author":"HSF Americana","twitter_misc":{"Escrito por":"HSF Americana","Est. tempo de leitura":"1 minuto"},"schema":{"@context":"https:\/\/schema.org","@graph":[{"@type":"WebPage","@id":"https:\/\/hsfamericana.com.br\/index.php\/cafe-de-comemoracao-aniversariantes-de-marco\/","url":"https:\/\/hsfamericana.com.br\/index.php\/cafe-de-comemoracao-aniversariantes-de-marco\/","name":"Caf\u00e9 de Comemora\u00e7\u00e3o: Aniversariantes de Mar\u00e7o &#8226; Hospital S\u00e3o Francisco de Americana","isPartOf":{"@id":"https:\/\/hsfamericana.com.br\/#website"},"primaryImageOfPage":{"@id":"https:\/\/hsfamericana.com.br\/index.php\/cafe-de-comemoracao-aniversariantes-de-marco\/#primaryimage"},"image":{"@id":"https:\/\/hsfamericana.com.br\/index.php\/cafe-de-comemoracao-aniversariantes-de-marco\/#primaryimage"},"thumbnailUrl":"https:\/\/hsfamericana.com.br\/wp-content\/uploads\/2020\/04\/Cafe-Marco-hsf.jpg","datePublished":"2020-04-01T20:31:01+00:00","dateModified":"2020-04-01T20:37:13+00:00","author":{"@id":"https:\/\/hsfamericana.com.br\/#\/schema\/person\/3b12fcdd81c4d645a927c9ba010d1551"},"breadcrumb":{"@id":"https:\/\/hsfamericana.com.br\/index.php\/cafe-de-comemoracao-aniversariantes-de-marco\/#breadcrumb"},"inLanguage":"pt-BR","potentialAction":[{"@type":"ReadAction","target":["https:\/\/hsfamericana.com.br\/index.php\/cafe-de-comemoracao-aniversariantes-de-marco\/"]}]},{"@type":"ImageObject","inLanguage":"pt-BR","@id":"https:\/\/hsfamericana.com.br\/index.php\/cafe-de-comemoracao-aniversariantes-de-marco\/#primaryimage","url":"https:\/\/hsfamericana.com.br\/wp-content\/uploads\/2020\/04\/Cafe-Marco-hsf.jpg","contentUrl":"https:\/\/hsfamericana.com.br\/wp-content\/uploads\/2020\/04\/Cafe-Marco-hsf.jpg","width":900,"height":417},{"@type":"BreadcrumbList","@id":"https:\/\/hsfamericana.com.br\/index.php\/cafe-de-comemoracao-aniversariantes-de-marco\/#breadcrumb","itemListElement":[{"@type":"ListItem","position":1,"name":"In\u00edcio","item":"https:\/\/hsfamericana.com.br\/"},{"@type":"ListItem","position":2,"name":"Caf\u00e9 de Comemora\u00e7\u00e3o: Aniversariantes de Mar\u00e7o"}]},{"@type":"WebSite","@id":"https:\/\/hsfamericana.com.br\/#website","url":"https:\/\/hsfamericana.com.br\/","name":"Hospital S\u00e3o Francisco de Americana","description":"O mais completo da regi\u00e3o de Campinas","potentialAction":[{"@type":"SearchAction","target":{"@type":"EntryPoint","urlTemplate":"https:\/\/hsfamericana.com.br\/?s={search_term_string}"},"query-input":{"@type":"PropertyValueSpecification","valueRequired":true,"valueName":"search_term_string"}}],"inLanguage":"pt-BR"},{"@type":"Person","@id":"https:\/\/hsfamericana.com.br\/#\/schema\/person\/3b12fcdd81c4d645a927c9ba010d1551","name":"HSF Americana","image":{"@type":"ImageObject","inLanguage":"pt-BR","@id":"https:\/\/hsfamericana.com.br\/#\/schema\/person\/image\/","url":"https:\/\/secure.gravatar.com\/avatar\/5166f96d8390f878591229db68525bd3f5c9f157e02efd0ba33755d400e0b4f1?s=96&d=mm&r=g","contentUrl":"https:\/\/secure.gravatar.com\/avatar\/5166f96d8390f878591229db68525bd3f5c9f157e02efd0ba33755d400e0b4f1?s=96&d=mm&r=g","caption":"HSF Americana"},"sameAs":["https:\/\/www.hsfamericana.com.br"],"url":"https:\/\/hsfamericana.com.br\/index.php\/author\/nogueira\/"}]}},"_links":{"self":[{"href":"https:\/\/hsfamericana.com.br\/index.php\/wp-json\/wp\/v2\/posts\/3097","targetHints":{"allow":["GET"]}}],"collection":[{"href":"https:\/\/hsfamericana.com.br\/index.php\/wp-json\/wp\/v2\/posts"}],"about":[{"href":"https:\/\/hsfamericana.com.br\/index.php\/wp-json\/wp\/v2\/types\/post"}],"author":[{"embeddable":true,"href":"https:\/\/hsfamericana.com.br\/index.php\/wp-json\/wp\/v2\/users\/2"}],"replies":[{"embeddable":true,"href":"https:\/\/hsfamericana.com.br\/index.php\/wp-json\/wp\/v2\/comments?post=3097"}],"version-history":[{"count":3,"href":"https:\/\/hsfamericana.com.br\/index.php\/wp-json\/wp\/v2\/posts\/3097\/revisions"}],"predecessor-version":[{"id":3106,"href":"https:\/\/hsfamericana.com.br\/index.php\/wp-json\/wp\/v2\/posts\/3097\/revisions\/3106"}],"wp:featuredmedia":[{"embeddable":true,"href":"https:\/\/hsfamericana.com.br\/index.php\/wp-json\/wp\/v2\/media\/3104"}],"wp:attachment":[{"href":"https:\/\/hsfamericana.com.br\/index.php\/wp-json\/wp\/v2\/media?parent=3097"}],"wp:term":[{"taxonomy":"category","embeddable":true,"href":"https:\/\/hsfamericana.com.br\/index.php\/wp-json\/wp\/v2\/categories?post=3097"},{"taxonomy":"post_tag","embeddable":true,"href":"https:\/\/hsfamericana.com.br\/index.php\/wp-json\/wp\/v2\/tags?post=3097"}],"curies":[{"name":"wp","href":"https:\/\/api.w.org\/{rel}","templated":true}]}}