{"id":3105,"date":"2020-04-01T20:39:45","date_gmt":"2020-04-01T20:39:45","guid":{"rendered":"http:\/\/www.hsfamericana.com.br\/?p=3105"},"modified":"2020-04-02T14:41:12","modified_gmt":"2020-04-02T14:41:12","slug":"medidas-de-prevencao-contra-o-covid-19","status":"publish","type":"post","link":"https:\/\/hsfamericana.com.br\/index.php\/medidas-de-prevencao-contra-o-covid-19\/","title":{"rendered":"Medidas de Preven\u00e7\u00e3o contra o COVID-19"},"content":{"rendered":"<img loading=\"lazy\" decoding=\"async\" class=\"alignleft size-full wp-image-3108\" src=\"https:\/\/www.hsfamericana.com.br\/wp-content\/uploads\/2020\/04\/noticia.png\" alt=\"\" width=\"900\" height=\"419\" srcset=\"https:\/\/hsfamericana.com.br\/wp-content\/uploads\/2020\/04\/noticia.png 900w, https:\/\/hsfamericana.com.br\/wp-content\/uploads\/2020\/04\/noticia-768x357.png 768w\" sizes=\"auto, (max-width: 900px) 100vw, 900px\" \/>\n<p>\u00c9 muito importante durante este per\u00edodo de pandemia do Covid-19, buscar as informa\u00e7\u00f5es mais recentes e confi\u00e1veis, dispon\u00edveis no site da <a href=\"https:\/\/www.who.int\/\"><strong>OMS &#8211; Organiza\u00e7\u00e3o Mundial de Sa\u00fade<\/strong><\/a> e do <a href=\"https:\/\/saude.gov.br\/\"><strong>Minist\u00e9rio da Sa\u00fade<\/strong><\/a> para acompanhamento da dissemina\u00e7\u00e3o em nosso Brasil e quais as medidas corretas de preven\u00e7\u00e3o.<\/p>\n<p>O coronav\u00edrus \u00e9 de uma fam\u00edlia de v\u00edrus que causam infec\u00e7\u00f5es respirat\u00f3rias. O novo agente do coronav\u00edrus foi descoberto em 31\/12\/19 ap\u00f3s casos registrados na China, provocando a doen\u00e7a chamada de coronav\u00edrus (COVID-19).<\/p>\n<p><strong>MEDIDAS DE PREVEN\u00c7\u00c3O<\/strong><\/p>\n<p><strong>Lave as m\u00e3os frequentemente &#8211;<\/strong> Limpe regularmente as m\u00e3os com \u00e1gua e sab\u00e3o ou utilize \u00e1lcool em gel 70%. Lembre-se que a higiene deve ser feita corretamente, lavando cuidadosamente entre os dedos. Esse processo \u00e9 respons\u00e1vel por matar o v\u00edrus presente em suas m\u00e3os.<\/p>\n<p><strong>Manter o distanciamento social ao sair &#8211;<\/strong> A recomenda\u00e7\u00e3o inicial do Minist\u00e9rio da Sa\u00fade \u00e9 ficar em casa, caso voc\u00ea precise sair procure estar pelo menos a 1 metro de dist\u00e2ncia entre as pessoas. Evitando o contato especialmente com pessoas que estejam tossindo ou espirrando.<\/p>\n<p><strong>Evite tocar nos olhos, nariz e boca<\/strong> &#8211; As m\u00e3os tocam muitas superf\u00edcies e podem ser acometidas por v\u00edrus. Uma vez contaminadas, podem transferir o v\u00edrus para os olhos, nariz ou boca. Com isto, o v\u00edrus pode entrar no seu corpo e deix\u00e1-lo doente.<\/p>\n<p><strong>Pratique a higiene respirat\u00f3ria &#8211; <\/strong>Certifique-se de que voc\u00ea e as pessoas ao seu redor seguem uma boa higiene respirat\u00f3ria. Isso significa cobrir a boca e o nariz com o cotovelo ou com um len\u00e7o descart\u00e1vel quando tossir ou espirrar.<\/p>\n<p><strong>EM CASO DE SUSPEITA DE CORONAV\u00cdRUS<\/strong><\/p>\n<p>Fique em casa se come\u00e7ar a se sentir mal, mesmo com sintomas leves, como dor de cabe\u00e7a e corrimento nasal leve, at\u00e9 se recuperar.<\/p>\n<p>No entanto, se o quadro evoluir e voc\u00ea desenvolver febre, tosse e dificuldade em respirar, procure orienta\u00e7\u00e3o m\u00e9dica imediatamente e siga as instru\u00e7\u00f5es da sua autoridade sanit\u00e1ria local para evitar a propaga\u00e7\u00e3o de v\u00edrus e outras infec\u00e7\u00f5es.<\/p>\n<p><strong>MUDAN\u00c7A DE TEMPO: CUIDADOS COM A SA\u00daDE RESPIRAT\u00d3RIA<\/strong><\/p>\n<p>Com a chegada do outono, \u00e9 comum o crescimento de casos de doen\u00e7as respirat\u00f3rias, justamente porque o tempo seco aumenta a concentra\u00e7\u00e3o de poluentes e acaba sendo um gatilho que propaga a maior dissemina\u00e7\u00e3o de alguns v\u00edrus como a gripe comum, afetando mais crian\u00e7as e idosos. E, diante da pandemia de coronav\u00edrus, entrar nesta nova esta\u00e7\u00e3o acaba sendo mais um agravante para a sa\u00fade de toda a popula\u00e7\u00e3o. Al\u00e9m disto, quedas bruscas de temperaturas s\u00e3o um grande problema para as pessoas que possuem baixa imunidade.<\/p>\n<p>Aten\u00e7\u00e3o aos cuidados especiais:<\/p>\n<ul>\n<li>&#8211; Hidrata-se, beba bastante \u00e1gua e sucos naturais.<\/li>\n<li>&#8211; Evite fumar ou se expor a ambientes com muita poeira ou fuma\u00e7a.<\/li>\n<li>&#8211; Mantenha o ambiente sempre bem arejado.<\/li>\n<li>&#8211; Evite aglomera\u00e7\u00f5es e o contato pr\u00f3ximo com pessoas gripadas ou com resfriados.<\/li>\n<li>&#8211; Mantenha a respira\u00e7\u00e3o sempre pelo nariz e n\u00e3o pela boca, pois as narinas t\u00eam a fun\u00e7\u00e3o de filtrar o ar e aquec\u00ea-lo.<\/li>\n<li>&#8211; Len\u00e7\u00f3is, edredons e roupas devem ser expostos ao sol e lavados com mais frequ\u00eancia.<\/li>\n<li>&#8211; A alimenta\u00e7\u00e3o deve ser balanceada e saud\u00e1vel com verduras, legumes e frutas, ricos em nutrientes e Vitamina C.<\/li>\n<\/ul>\n<p><strong>Fonte:\u00a0Assessoria HSF<\/strong><\/p>\n","protected":false},"excerpt":{"rendered":"<p>\u00c9 muito importante durante este per\u00edodo de pandemia do Covid-19, buscar as informa\u00e7\u00f5es mais recentes e confi\u00e1veis, dispon\u00edveis no site da OMS &#8211; Organiza\u00e7\u00e3o Mundial de Sa\u00fade e do Minist\u00e9rio da Sa\u00fade para acompanhamento da dissemina\u00e7\u00e3o em nosso Brasil e quais as medidas corretas de preven\u00e7\u00e3o. O coronav\u00edrus \u00e9 de uma fam\u00edlia de v\u00edrus que [&hellip;]<\/p>\n","protected":false},"author":2,"featured_media":3108,"comment_status":"open","ping_status":"open","sticky":false,"template":"","format":"standard","meta":{"_acf_changed":false,"footnotes":""},"categories":[4],"tags":[138,139,23],"class_list":["post-3105","post","type-post","status-publish","format-standard","has-post-thumbnail","hentry","category-noticias","tag-coronavirus","tag-covid-19","tag-hsf-americana"],"acf":[],"yoast_head":"<!-- This site is optimized with the Yoast SEO plugin v25.2 - https:\/\/yoast.com\/wordpress\/plugins\/seo\/ -->\n<title>Medidas de Preven\u00e7\u00e3o contra o COVID-19 &#8226; Hospital S\u00e3o Francisco de Americana<\/title>\n<meta name=\"robots\" content=\"index, follow, max-snippet:-1, max-image-preview:large, max-video-preview:-1\" \/>\n<link rel=\"canonical\" href=\"https:\/\/hsfamericana.com.br\/index.php\/medidas-de-prevencao-contra-o-covid-19\/\" \/>\n<meta property=\"og:locale\" content=\"pt_BR\" \/>\n<meta property=\"og:type\" content=\"article\" \/>\n<meta property=\"og:title\" content=\"Medidas de Preven\u00e7\u00e3o contra o COVID-19 &#8226; Hospital S\u00e3o Francisco de Americana\" \/>\n<meta property=\"og:description\" content=\"\u00c9 muito importante durante este per\u00edodo de pandemia do Covid-19, buscar as informa\u00e7\u00f5es mais recentes e confi\u00e1veis, dispon\u00edveis no site da OMS &#8211; Organiza\u00e7\u00e3o Mundial de Sa\u00fade e do Minist\u00e9rio da Sa\u00fade para acompanhamento da dissemina\u00e7\u00e3o em nosso Brasil e quais as medidas corretas de preven\u00e7\u00e3o. O coronav\u00edrus \u00e9 de uma fam\u00edlia de v\u00edrus que [&hellip;]\" \/>\n<meta property=\"og:url\" content=\"https:\/\/hsfamericana.com.br\/index.php\/medidas-de-prevencao-contra-o-covid-19\/\" \/>\n<meta property=\"og:site_name\" content=\"Hospital S\u00e3o Francisco de Americana\" \/>\n<meta property=\"article:published_time\" content=\"2020-04-01T20:39:45+00:00\" \/>\n<meta property=\"article:modified_time\" content=\"2020-04-02T14:41:12+00:00\" \/>\n<meta property=\"og:image\" content=\"https:\/\/hsfamericana.com.br\/wp-content\/uploads\/2020\/04\/noticia.png\" \/>\n\t<meta property=\"og:image:width\" content=\"900\" \/>\n\t<meta property=\"og:image:height\" content=\"419\" \/>\n\t<meta property=\"og:image:type\" content=\"image\/png\" \/>\n<meta name=\"author\" content=\"HSF Americana\" \/>\n<meta name=\"twitter:label1\" content=\"Escrito por\" \/>\n\t<meta name=\"twitter:data1\" content=\"HSF Americana\" \/>\n\t<meta name=\"twitter:label2\" content=\"Est. tempo de leitura\" \/>\n\t<meta name=\"twitter:data2\" content=\"3 minutos\" \/>\n<script type=\"application\/ld+json\" class=\"yoast-schema-graph\">{\"@context\":\"https:\/\/schema.org\",\"@graph\":[{\"@type\":\"WebPage\",\"@id\":\"https:\/\/hsfamericana.com.br\/index.php\/medidas-de-prevencao-contra-o-covid-19\/\",\"url\":\"https:\/\/hsfamericana.com.br\/index.php\/medidas-de-prevencao-contra-o-covid-19\/\",\"name\":\"Medidas de Preven\u00e7\u00e3o contra o COVID-19 &#8226; Hospital S\u00e3o Francisco de Americana\",\"isPartOf\":{\"@id\":\"https:\/\/hsfamericana.com.br\/#website\"},\"primaryImageOfPage\":{\"@id\":\"https:\/\/hsfamericana.com.br\/index.php\/medidas-de-prevencao-contra-o-covid-19\/#primaryimage\"},\"image\":{\"@id\":\"https:\/\/hsfamericana.com.br\/index.php\/medidas-de-prevencao-contra-o-covid-19\/#primaryimage\"},\"thumbnailUrl\":\"https:\/\/hsfamericana.com.br\/wp-content\/uploads\/2020\/04\/noticia.png\",\"datePublished\":\"2020-04-01T20:39:45+00:00\",\"dateModified\":\"2020-04-02T14:41:12+00:00\",\"author\":{\"@id\":\"https:\/\/hsfamericana.com.br\/#\/schema\/person\/3b12fcdd81c4d645a927c9ba010d1551\"},\"breadcrumb\":{\"@id\":\"https:\/\/hsfamericana.com.br\/index.php\/medidas-de-prevencao-contra-o-covid-19\/#breadcrumb\"},\"inLanguage\":\"pt-BR\",\"potentialAction\":[{\"@type\":\"ReadAction\",\"target\":[\"https:\/\/hsfamericana.com.br\/index.php\/medidas-de-prevencao-contra-o-covid-19\/\"]}]},{\"@type\":\"ImageObject\",\"inLanguage\":\"pt-BR\",\"@id\":\"https:\/\/hsfamericana.com.br\/index.php\/medidas-de-prevencao-contra-o-covid-19\/#primaryimage\",\"url\":\"https:\/\/hsfamericana.com.br\/wp-content\/uploads\/2020\/04\/noticia.png\",\"contentUrl\":\"https:\/\/hsfamericana.com.br\/wp-content\/uploads\/2020\/04\/noticia.png\",\"width\":900,\"height\":419},{\"@type\":\"BreadcrumbList\",\"@id\":\"https:\/\/hsfamericana.com.br\/index.php\/medidas-de-prevencao-contra-o-covid-19\/#breadcrumb\",\"itemListElement\":[{\"@type\":\"ListItem\",\"position\":1,\"name\":\"In\u00edcio\",\"item\":\"https:\/\/hsfamericana.com.br\/\"},{\"@type\":\"ListItem\",\"position\":2,\"name\":\"Medidas de Preven\u00e7\u00e3o contra o COVID-19\"}]},{\"@type\":\"WebSite\",\"@id\":\"https:\/\/hsfamericana.com.br\/#website\",\"url\":\"https:\/\/hsfamericana.com.br\/\",\"name\":\"Hospital S\u00e3o Francisco de Americana\",\"description\":\"O mais completo da regi\u00e3o de Campinas\",\"potentialAction\":[{\"@type\":\"SearchAction\",\"target\":{\"@type\":\"EntryPoint\",\"urlTemplate\":\"https:\/\/hsfamericana.com.br\/?s={search_term_string}\"},\"query-input\":{\"@type\":\"PropertyValueSpecification\",\"valueRequired\":true,\"valueName\":\"search_term_string\"}}],\"inLanguage\":\"pt-BR\"},{\"@type\":\"Person\",\"@id\":\"https:\/\/hsfamericana.com.br\/#\/schema\/person\/3b12fcdd81c4d645a927c9ba010d1551\",\"name\":\"HSF Americana\",\"image\":{\"@type\":\"ImageObject\",\"inLanguage\":\"pt-BR\",\"@id\":\"https:\/\/hsfamericana.com.br\/#\/schema\/person\/image\/\",\"url\":\"https:\/\/secure.gravatar.com\/avatar\/5166f96d8390f878591229db68525bd3f5c9f157e02efd0ba33755d400e0b4f1?s=96&d=mm&r=g\",\"contentUrl\":\"https:\/\/secure.gravatar.com\/avatar\/5166f96d8390f878591229db68525bd3f5c9f157e02efd0ba33755d400e0b4f1?s=96&d=mm&r=g\",\"caption\":\"HSF Americana\"},\"sameAs\":[\"https:\/\/www.hsfamericana.com.br\"],\"url\":\"https:\/\/hsfamericana.com.br\/index.php\/author\/nogueira\/\"}]}<\/script>\n<!-- \/ Yoast SEO plugin. -->","yoast_head_json":{"title":"Medidas de Preven\u00e7\u00e3o contra o COVID-19 &#8226; Hospital S\u00e3o Francisco de Americana","robots":{"index":"index","follow":"follow","max-snippet":"max-snippet:-1","max-image-preview":"max-image-preview:large","max-video-preview":"max-video-preview:-1"},"canonical":"https:\/\/hsfamericana.com.br\/index.php\/medidas-de-prevencao-contra-o-covid-19\/","og_locale":"pt_BR","og_type":"article","og_title":"Medidas de Preven\u00e7\u00e3o contra o COVID-19 &#8226; Hospital S\u00e3o Francisco de Americana","og_description":"\u00c9 muito importante durante este per\u00edodo de pandemia do Covid-19, buscar as informa\u00e7\u00f5es mais recentes e confi\u00e1veis, dispon\u00edveis no site da OMS &#8211; Organiza\u00e7\u00e3o Mundial de Sa\u00fade e do Minist\u00e9rio da Sa\u00fade para acompanhamento da dissemina\u00e7\u00e3o em nosso Brasil e quais as medidas corretas de preven\u00e7\u00e3o. O coronav\u00edrus \u00e9 de uma fam\u00edlia de v\u00edrus que [&hellip;]","og_url":"https:\/\/hsfamericana.com.br\/index.php\/medidas-de-prevencao-contra-o-covid-19\/","og_site_name":"Hospital S\u00e3o Francisco de Americana","article_published_time":"2020-04-01T20:39:45+00:00","article_modified_time":"2020-04-02T14:41:12+00:00","og_image":[{"width":900,"height":419,"url":"https:\/\/hsfamericana.com.br\/wp-content\/uploads\/2020\/04\/noticia.png","type":"image\/png"}],"author":"HSF Americana","twitter_misc":{"Escrito por":"HSF Americana","Est. tempo de leitura":"3 minutos"},"schema":{"@context":"https:\/\/schema.org","@graph":[{"@type":"WebPage","@id":"https:\/\/hsfamericana.com.br\/index.php\/medidas-de-prevencao-contra-o-covid-19\/","url":"https:\/\/hsfamericana.com.br\/index.php\/medidas-de-prevencao-contra-o-covid-19\/","name":"Medidas de Preven\u00e7\u00e3o contra o COVID-19 &#8226; Hospital S\u00e3o Francisco de Americana","isPartOf":{"@id":"https:\/\/hsfamericana.com.br\/#website"},"primaryImageOfPage":{"@id":"https:\/\/hsfamericana.com.br\/index.php\/medidas-de-prevencao-contra-o-covid-19\/#primaryimage"},"image":{"@id":"https:\/\/hsfamericana.com.br\/index.php\/medidas-de-prevencao-contra-o-covid-19\/#primaryimage"},"thumbnailUrl":"https:\/\/hsfamericana.com.br\/wp-content\/uploads\/2020\/04\/noticia.png","datePublished":"2020-04-01T20:39:45+00:00","dateModified":"2020-04-02T14:41:12+00:00","author":{"@id":"https:\/\/hsfamericana.com.br\/#\/schema\/person\/3b12fcdd81c4d645a927c9ba010d1551"},"breadcrumb":{"@id":"https:\/\/hsfamericana.com.br\/index.php\/medidas-de-prevencao-contra-o-covid-19\/#breadcrumb"},"inLanguage":"pt-BR","potentialAction":[{"@type":"ReadAction","target":["https:\/\/hsfamericana.com.br\/index.php\/medidas-de-prevencao-contra-o-covid-19\/"]}]},{"@type":"ImageObject","inLanguage":"pt-BR","@id":"https:\/\/hsfamericana.com.br\/index.php\/medidas-de-prevencao-contra-o-covid-19\/#primaryimage","url":"https:\/\/hsfamericana.com.br\/wp-content\/uploads\/2020\/04\/noticia.png","contentUrl":"https:\/\/hsfamericana.com.br\/wp-content\/uploads\/2020\/04\/noticia.png","width":900,"height":419},{"@type":"BreadcrumbList","@id":"https:\/\/hsfamericana.com.br\/index.php\/medidas-de-prevencao-contra-o-covid-19\/#breadcrumb","itemListElement":[{"@type":"ListItem","position":1,"name":"In\u00edcio","item":"https:\/\/hsfamericana.com.br\/"},{"@type":"ListItem","position":2,"name":"Medidas de Preven\u00e7\u00e3o contra o COVID-19"}]},{"@type":"WebSite","@id":"https:\/\/hsfamericana.com.br\/#website","url":"https:\/\/hsfamericana.com.br\/","name":"Hospital S\u00e3o Francisco de Americana","description":"O mais completo da regi\u00e3o de Campinas","potentialAction":[{"@type":"SearchAction","target":{"@type":"EntryPoint","urlTemplate":"https:\/\/hsfamericana.com.br\/?s={search_term_string}"},"query-input":{"@type":"PropertyValueSpecification","valueRequired":true,"valueName":"search_term_string"}}],"inLanguage":"pt-BR"},{"@type":"Person","@id":"https:\/\/hsfamericana.com.br\/#\/schema\/person\/3b12fcdd81c4d645a927c9ba010d1551","name":"HSF Americana","image":{"@type":"ImageObject","inLanguage":"pt-BR","@id":"https:\/\/hsfamericana.com.br\/#\/schema\/person\/image\/","url":"https:\/\/secure.gravatar.com\/avatar\/5166f96d8390f878591229db68525bd3f5c9f157e02efd0ba33755d400e0b4f1?s=96&d=mm&r=g","contentUrl":"https:\/\/secure.gravatar.com\/avatar\/5166f96d8390f878591229db68525bd3f5c9f157e02efd0ba33755d400e0b4f1?s=96&d=mm&r=g","caption":"HSF Americana"},"sameAs":["https:\/\/www.hsfamericana.com.br"],"url":"https:\/\/hsfamericana.com.br\/index.php\/author\/nogueira\/"}]}},"_links":{"self":[{"href":"https:\/\/hsfamericana.com.br\/index.php\/wp-json\/wp\/v2\/posts\/3105","targetHints":{"allow":["GET"]}}],"collection":[{"href":"https:\/\/hsfamericana.com.br\/index.php\/wp-json\/wp\/v2\/posts"}],"about":[{"href":"https:\/\/hsfamericana.com.br\/index.php\/wp-json\/wp\/v2\/types\/post"}],"author":[{"embeddable":true,"href":"https:\/\/hsfamericana.com.br\/index.php\/wp-json\/wp\/v2\/users\/2"}],"replies":[{"embeddable":true,"href":"https:\/\/hsfamericana.com.br\/index.php\/wp-json\/wp\/v2\/comments?post=3105"}],"version-history":[{"count":3,"href":"https:\/\/hsfamericana.com.br\/index.php\/wp-json\/wp\/v2\/posts\/3105\/revisions"}],"predecessor-version":[{"id":3115,"href":"https:\/\/hsfamericana.com.br\/index.php\/wp-json\/wp\/v2\/posts\/3105\/revisions\/3115"}],"wp:featuredmedia":[{"embeddable":true,"href":"https:\/\/hsfamericana.com.br\/index.php\/wp-json\/wp\/v2\/media\/3108"}],"wp:attachment":[{"href":"https:\/\/hsfamericana.com.br\/index.php\/wp-json\/wp\/v2\/media?parent=3105"}],"wp:term":[{"taxonomy":"category","embeddable":true,"href":"https:\/\/hsfamericana.com.br\/index.php\/wp-json\/wp\/v2\/categories?post=3105"},{"taxonomy":"post_tag","embeddable":true,"href":"https:\/\/hsfamericana.com.br\/index.php\/wp-json\/wp\/v2\/tags?post=3105"}],"curies":[{"name":"wp","href":"https:\/\/api.w.org\/{rel}","templated":true}]}}