{"id":3238,"date":"2020-08-18T10:42:51","date_gmt":"2020-08-18T10:42:51","guid":{"rendered":"http:\/\/www.hsfamericana.com.br\/?p=3238"},"modified":"2020-08-18T13:59:11","modified_gmt":"2020-08-18T13:59:11","slug":"um-ato-de-amor-a-base-da-vida","status":"publish","type":"post","link":"https:\/\/hsfamericana.com.br\/index.php\/um-ato-de-amor-a-base-da-vida\/","title":{"rendered":"Um ato de amor. A base da vida"},"content":{"rendered":"<p><img loading=\"lazy\" decoding=\"async\" class=\"alignleft size-full wp-image-3239\" src=\"https:\/\/www.hsfamericana.com.br\/wp-content\/uploads\/2020\/08\/7716-Atualiza_C3_A7_C3_A3o-Agosto_Noticia.png\" alt=\"\" width=\"900\" height=\"417\" srcset=\"https:\/\/hsfamericana.com.br\/wp-content\/uploads\/2020\/08\/7716-Atualiza_C3_A7_C3_A3o-Agosto_Noticia.png 900w, https:\/\/hsfamericana.com.br\/wp-content\/uploads\/2020\/08\/7716-Atualiza_C3_A7_C3_A3o-Agosto_Noticia-768x355.png 768w\" sizes=\"auto, (max-width: 900px) 100vw, 900px\" \/>No in\u00edcio de Agosto, celebramos a Semana Mundial da Amamenta\u00e7\u00e3o, que representa muito mais que um ato de amor, mas tamb\u00e9m a base para a vida da crian\u00e7a, o aleitamento materno contribui para o crescimento e desenvolvimento das mesmas, tornando-as mais saud\u00e1veis.<\/p>\n<p>Por meio do leite materno o beb\u00ea recebe os anticorpos da m\u00e3e que o protege contra doen\u00e7as como, diarreia e infec\u00e7\u00f5es, principalmente as respirat\u00f3rias. O risco de asma, diabetes e obesidade \u00e9 menor em crian\u00e7as amamentadas, mesmo depois que elas param de mamar. A amamenta\u00e7\u00e3o \u00e9, ainda, um excelente exerc\u00edcio para o desenvolvimento da face da crian\u00e7a, importante para que ela tenha dentes fortes, desenvolva a fala e tenha uma boa respira\u00e7\u00e3o.<\/p>\n<p><strong>\u00cdNDICES<\/strong><\/p>\n<p>De acordo com o <a href=\"https:\/\/www.gov.br\/pt-br\/noticias\/saude-e-vigilancia-sanitaria\/2020\/08\/ministerio-da-saude-lanca-campanha-de-incentivo-a-amamentacao\" target=\"_blank\">Minist\u00e9rio da Sa\u00fade<\/a>, os \u00edndices de amamenta\u00e7\u00e3o cresceram no Brasil nos \u00faltimos anos. \u00c9 o que mostra um estudo divulgado no dia 04 de agosto pelo Minist\u00e9rio da Sa\u00fade, em meio a Semana Mundial de Aleitamento Materno 2020. Os dados apontam que, atualmente, mais da metade (53%) das crian\u00e7as continuam sendo amamentadas no primeiro ano de vida.\u00a0<\/p>\n<p>Entre as crian\u00e7as menores de quatro meses, 60% se alimentam exclusivamente do leite materno. J\u00e1 entre as menores de seis meses, o \u00edndice \u00e9 de 45,7%. Ainda, 60,9% das crian\u00e7as menores de dois anos foram amamentadas. Os dados s\u00e3o do resultado preliminar do Estudo Nacional de Alimenta\u00e7\u00e3o e Nutri\u00e7\u00e3o Infantil (Enani). Foram avaliadas 14.505 crian\u00e7as menores de cinco anos entre fevereiro de 2019 e mar\u00e7o de 2020.\u00a0<\/p>\n<p>Ao comparar dados de uma pesquisa do minist\u00e9rio de 2006 com o Enani, h\u00e1 um aumento de 15 vezes na preval\u00eancia de aleitamento materno exclusivo entre as crian\u00e7as menores de 4 meses, e de 8,6 vezes.\u00a0Em rela\u00e7\u00e3o ao aleitamento materno continuado at\u00e9 os dois anos, o aumento foi de 22,7 vezes no primeiro ano de vida e de 23,5 em menores de dois anos, em compara\u00e7\u00e3o com os dados de pesquisa realizada em 1986.\u00a0 Segundo o minist\u00e9rio, os resultados mostram a import\u00e2ncia de estrat\u00e9gias nacionais para apoiar a amamenta\u00e7\u00e3o no pa\u00eds.\u00a0<\/p>\n<p>A orienta\u00e7\u00e3o \u00e9 que o leito materno seja o alimento exclusivo nos primeiros seis meses por ser completo para o beb\u00ea e oferecer os nutrientes para que ele se desenvolva saud\u00e1vel. A partir dessa idade, e at\u00e9 os dois anos ou mais, a recomenda\u00e7\u00e3o \u00e9 que a amamenta\u00e7\u00e3o seja mantida junto com o consumo de alimentos.\u00a0<\/p>\n<p><strong>PRINCIPAIS BENEF\u00cdCIOS<\/strong><\/p>\n<p><strong>Para o beb\u00ea:<\/strong><\/p>\n<ul>\n<li>&#8211; Maior contato com a m\u00e3e<\/li>\n<li>&#8211; Melhora a digest\u00e3o e minimiza as c\u00f3licas<\/li>\n<li>&#8211; Desenvolve a intelig\u00eancia quanto maior o tempo de amamenta\u00e7\u00e3o<\/li>\n<li>&#8211; Reduz o risco de doen\u00e7as al\u00e9rgicas<\/li>\n<li>&#8211; Diminui as chances de desenvolver doen\u00e7a de Crohn e linfoma<\/li>\n<li>&#8211; Estimula e fortalece a arcada dent\u00e1ria<\/li>\n<li>&#8211; Previne contra doen\u00e7as contagiosas, como a diarreia<\/li>\n<\/ul>\n<p><strong>Para a m\u00e3e:<\/strong><\/p>\n<ul>\n<li>&#8211; Diminui o sangramento no p\u00f3s-parto<\/li>\n<li>&#8211; Acelera a perda de peso<\/li>\n<li>&#8211; Reduz a incid\u00eancia de c\u00e2ncer de mama, ov\u00e1rio e endom\u00e9trio<\/li>\n<li>&#8211; Evita a osteoporose<\/li>\n<li>&#8211; Protege contra doen\u00e7as cardiovasculares, como o infarto<\/li>\n<\/ul>\n<p><strong>Fontes: <\/strong>HSF\/ <a href=\"https:\/\/www.gov.br\/pt-br\">Minist\u00e9rio da Sa\u00fade\/Governo do Brasil<\/a><\/p>\n","protected":false},"excerpt":{"rendered":"<p>No in\u00edcio de Agosto, celebramos a Semana Mundial da Amamenta\u00e7\u00e3o, que representa muito mais que um ato de amor, mas tamb\u00e9m a base para a vida da crian\u00e7a, o aleitamento materno contribui para o crescimento e desenvolvimento das mesmas, tornando-as mais saud\u00e1veis. Por meio do leite materno o beb\u00ea recebe os anticorpos da m\u00e3e que [&hellip;]<\/p>\n","protected":false},"author":2,"featured_media":3239,"comment_status":"open","ping_status":"open","sticky":false,"template":"","format":"standard","meta":{"_acf_changed":false,"footnotes":""},"categories":[4],"tags":[144,24,37,23,145],"class_list":["post-3238","post","type-post","status-publish","format-standard","has-post-thumbnail","hentry","category-noticias","tag-amamentacao","tag-hospital-sao-francisco","tag-hsf","tag-hsf-americana","tag-semana-mundial-da-amamentacao"],"acf":[],"yoast_head":"<!-- This site is optimized with the Yoast SEO plugin v25.2 - https:\/\/yoast.com\/wordpress\/plugins\/seo\/ -->\n<title>Um ato de amor. A base da vida &#8226; Hospital S\u00e3o Francisco de Americana<\/title>\n<meta name=\"robots\" content=\"index, follow, max-snippet:-1, max-image-preview:large, max-video-preview:-1\" \/>\n<link rel=\"canonical\" href=\"https:\/\/hsfamericana.com.br\/index.php\/um-ato-de-amor-a-base-da-vida\/\" \/>\n<meta property=\"og:locale\" content=\"pt_BR\" \/>\n<meta property=\"og:type\" content=\"article\" \/>\n<meta property=\"og:title\" content=\"Um ato de amor. A base da vida &#8226; Hospital S\u00e3o Francisco de Americana\" \/>\n<meta property=\"og:description\" content=\"No in\u00edcio de Agosto, celebramos a Semana Mundial da Amamenta\u00e7\u00e3o, que representa muito mais que um ato de amor, mas tamb\u00e9m a base para a vida da crian\u00e7a, o aleitamento materno contribui para o crescimento e desenvolvimento das mesmas, tornando-as mais saud\u00e1veis. Por meio do leite materno o beb\u00ea recebe os anticorpos da m\u00e3e que [&hellip;]\" \/>\n<meta property=\"og:url\" content=\"https:\/\/hsfamericana.com.br\/index.php\/um-ato-de-amor-a-base-da-vida\/\" \/>\n<meta property=\"og:site_name\" content=\"Hospital S\u00e3o Francisco de Americana\" \/>\n<meta property=\"article:published_time\" content=\"2020-08-18T10:42:51+00:00\" \/>\n<meta property=\"article:modified_time\" content=\"2020-08-18T13:59:11+00:00\" \/>\n<meta property=\"og:image\" content=\"https:\/\/hsfamericana.com.br\/wp-content\/uploads\/2020\/08\/7716-Atualiza_C3_A7_C3_A3o-Agosto_Noticia.png\" \/>\n\t<meta property=\"og:image:width\" content=\"900\" \/>\n\t<meta property=\"og:image:height\" content=\"417\" \/>\n\t<meta property=\"og:image:type\" content=\"image\/png\" \/>\n<meta name=\"author\" content=\"HSF Americana\" \/>\n<meta name=\"twitter:label1\" content=\"Escrito por\" \/>\n\t<meta name=\"twitter:data1\" content=\"HSF Americana\" \/>\n\t<meta name=\"twitter:label2\" content=\"Est. tempo de leitura\" \/>\n\t<meta name=\"twitter:data2\" content=\"3 minutos\" \/>\n<script type=\"application\/ld+json\" class=\"yoast-schema-graph\">{\"@context\":\"https:\/\/schema.org\",\"@graph\":[{\"@type\":\"WebPage\",\"@id\":\"https:\/\/hsfamericana.com.br\/index.php\/um-ato-de-amor-a-base-da-vida\/\",\"url\":\"https:\/\/hsfamericana.com.br\/index.php\/um-ato-de-amor-a-base-da-vida\/\",\"name\":\"Um ato de amor. A base da vida &#8226; Hospital S\u00e3o Francisco de Americana\",\"isPartOf\":{\"@id\":\"https:\/\/hsfamericana.com.br\/#website\"},\"primaryImageOfPage\":{\"@id\":\"https:\/\/hsfamericana.com.br\/index.php\/um-ato-de-amor-a-base-da-vida\/#primaryimage\"},\"image\":{\"@id\":\"https:\/\/hsfamericana.com.br\/index.php\/um-ato-de-amor-a-base-da-vida\/#primaryimage\"},\"thumbnailUrl\":\"https:\/\/hsfamericana.com.br\/wp-content\/uploads\/2020\/08\/7716-Atualiza_C3_A7_C3_A3o-Agosto_Noticia.png\",\"datePublished\":\"2020-08-18T10:42:51+00:00\",\"dateModified\":\"2020-08-18T13:59:11+00:00\",\"author\":{\"@id\":\"https:\/\/hsfamericana.com.br\/#\/schema\/person\/3b12fcdd81c4d645a927c9ba010d1551\"},\"breadcrumb\":{\"@id\":\"https:\/\/hsfamericana.com.br\/index.php\/um-ato-de-amor-a-base-da-vida\/#breadcrumb\"},\"inLanguage\":\"pt-BR\",\"potentialAction\":[{\"@type\":\"ReadAction\",\"target\":[\"https:\/\/hsfamericana.com.br\/index.php\/um-ato-de-amor-a-base-da-vida\/\"]}]},{\"@type\":\"ImageObject\",\"inLanguage\":\"pt-BR\",\"@id\":\"https:\/\/hsfamericana.com.br\/index.php\/um-ato-de-amor-a-base-da-vida\/#primaryimage\",\"url\":\"https:\/\/hsfamericana.com.br\/wp-content\/uploads\/2020\/08\/7716-Atualiza_C3_A7_C3_A3o-Agosto_Noticia.png\",\"contentUrl\":\"https:\/\/hsfamericana.com.br\/wp-content\/uploads\/2020\/08\/7716-Atualiza_C3_A7_C3_A3o-Agosto_Noticia.png\",\"width\":900,\"height\":417},{\"@type\":\"BreadcrumbList\",\"@id\":\"https:\/\/hsfamericana.com.br\/index.php\/um-ato-de-amor-a-base-da-vida\/#breadcrumb\",\"itemListElement\":[{\"@type\":\"ListItem\",\"position\":1,\"name\":\"In\u00edcio\",\"item\":\"https:\/\/hsfamericana.com.br\/\"},{\"@type\":\"ListItem\",\"position\":2,\"name\":\"Um ato de amor. A base da vida\"}]},{\"@type\":\"WebSite\",\"@id\":\"https:\/\/hsfamericana.com.br\/#website\",\"url\":\"https:\/\/hsfamericana.com.br\/\",\"name\":\"Hospital S\u00e3o Francisco de Americana\",\"description\":\"O mais completo da regi\u00e3o de Campinas\",\"potentialAction\":[{\"@type\":\"SearchAction\",\"target\":{\"@type\":\"EntryPoint\",\"urlTemplate\":\"https:\/\/hsfamericana.com.br\/?s={search_term_string}\"},\"query-input\":{\"@type\":\"PropertyValueSpecification\",\"valueRequired\":true,\"valueName\":\"search_term_string\"}}],\"inLanguage\":\"pt-BR\"},{\"@type\":\"Person\",\"@id\":\"https:\/\/hsfamericana.com.br\/#\/schema\/person\/3b12fcdd81c4d645a927c9ba010d1551\",\"name\":\"HSF Americana\",\"image\":{\"@type\":\"ImageObject\",\"inLanguage\":\"pt-BR\",\"@id\":\"https:\/\/hsfamericana.com.br\/#\/schema\/person\/image\/\",\"url\":\"https:\/\/secure.gravatar.com\/avatar\/5166f96d8390f878591229db68525bd3f5c9f157e02efd0ba33755d400e0b4f1?s=96&d=mm&r=g\",\"contentUrl\":\"https:\/\/secure.gravatar.com\/avatar\/5166f96d8390f878591229db68525bd3f5c9f157e02efd0ba33755d400e0b4f1?s=96&d=mm&r=g\",\"caption\":\"HSF Americana\"},\"sameAs\":[\"https:\/\/www.hsfamericana.com.br\"],\"url\":\"https:\/\/hsfamericana.com.br\/index.php\/author\/nogueira\/\"}]}<\/script>\n<!-- \/ Yoast SEO plugin. -->","yoast_head_json":{"title":"Um ato de amor. A base da vida &#8226; Hospital S\u00e3o Francisco de Americana","robots":{"index":"index","follow":"follow","max-snippet":"max-snippet:-1","max-image-preview":"max-image-preview:large","max-video-preview":"max-video-preview:-1"},"canonical":"https:\/\/hsfamericana.com.br\/index.php\/um-ato-de-amor-a-base-da-vida\/","og_locale":"pt_BR","og_type":"article","og_title":"Um ato de amor. A base da vida &#8226; Hospital S\u00e3o Francisco de Americana","og_description":"No in\u00edcio de Agosto, celebramos a Semana Mundial da Amamenta\u00e7\u00e3o, que representa muito mais que um ato de amor, mas tamb\u00e9m a base para a vida da crian\u00e7a, o aleitamento materno contribui para o crescimento e desenvolvimento das mesmas, tornando-as mais saud\u00e1veis. Por meio do leite materno o beb\u00ea recebe os anticorpos da m\u00e3e que [&hellip;]","og_url":"https:\/\/hsfamericana.com.br\/index.php\/um-ato-de-amor-a-base-da-vida\/","og_site_name":"Hospital S\u00e3o Francisco de Americana","article_published_time":"2020-08-18T10:42:51+00:00","article_modified_time":"2020-08-18T13:59:11+00:00","og_image":[{"width":900,"height":417,"url":"https:\/\/hsfamericana.com.br\/wp-content\/uploads\/2020\/08\/7716-Atualiza_C3_A7_C3_A3o-Agosto_Noticia.png","type":"image\/png"}],"author":"HSF Americana","twitter_misc":{"Escrito por":"HSF Americana","Est. tempo de leitura":"3 minutos"},"schema":{"@context":"https:\/\/schema.org","@graph":[{"@type":"WebPage","@id":"https:\/\/hsfamericana.com.br\/index.php\/um-ato-de-amor-a-base-da-vida\/","url":"https:\/\/hsfamericana.com.br\/index.php\/um-ato-de-amor-a-base-da-vida\/","name":"Um ato de amor. A base da vida &#8226; Hospital S\u00e3o Francisco de Americana","isPartOf":{"@id":"https:\/\/hsfamericana.com.br\/#website"},"primaryImageOfPage":{"@id":"https:\/\/hsfamericana.com.br\/index.php\/um-ato-de-amor-a-base-da-vida\/#primaryimage"},"image":{"@id":"https:\/\/hsfamericana.com.br\/index.php\/um-ato-de-amor-a-base-da-vida\/#primaryimage"},"thumbnailUrl":"https:\/\/hsfamericana.com.br\/wp-content\/uploads\/2020\/08\/7716-Atualiza_C3_A7_C3_A3o-Agosto_Noticia.png","datePublished":"2020-08-18T10:42:51+00:00","dateModified":"2020-08-18T13:59:11+00:00","author":{"@id":"https:\/\/hsfamericana.com.br\/#\/schema\/person\/3b12fcdd81c4d645a927c9ba010d1551"},"breadcrumb":{"@id":"https:\/\/hsfamericana.com.br\/index.php\/um-ato-de-amor-a-base-da-vida\/#breadcrumb"},"inLanguage":"pt-BR","potentialAction":[{"@type":"ReadAction","target":["https:\/\/hsfamericana.com.br\/index.php\/um-ato-de-amor-a-base-da-vida\/"]}]},{"@type":"ImageObject","inLanguage":"pt-BR","@id":"https:\/\/hsfamericana.com.br\/index.php\/um-ato-de-amor-a-base-da-vida\/#primaryimage","url":"https:\/\/hsfamericana.com.br\/wp-content\/uploads\/2020\/08\/7716-Atualiza_C3_A7_C3_A3o-Agosto_Noticia.png","contentUrl":"https:\/\/hsfamericana.com.br\/wp-content\/uploads\/2020\/08\/7716-Atualiza_C3_A7_C3_A3o-Agosto_Noticia.png","width":900,"height":417},{"@type":"BreadcrumbList","@id":"https:\/\/hsfamericana.com.br\/index.php\/um-ato-de-amor-a-base-da-vida\/#breadcrumb","itemListElement":[{"@type":"ListItem","position":1,"name":"In\u00edcio","item":"https:\/\/hsfamericana.com.br\/"},{"@type":"ListItem","position":2,"name":"Um ato de amor. A base da vida"}]},{"@type":"WebSite","@id":"https:\/\/hsfamericana.com.br\/#website","url":"https:\/\/hsfamericana.com.br\/","name":"Hospital S\u00e3o Francisco de Americana","description":"O mais completo da regi\u00e3o de Campinas","potentialAction":[{"@type":"SearchAction","target":{"@type":"EntryPoint","urlTemplate":"https:\/\/hsfamericana.com.br\/?s={search_term_string}"},"query-input":{"@type":"PropertyValueSpecification","valueRequired":true,"valueName":"search_term_string"}}],"inLanguage":"pt-BR"},{"@type":"Person","@id":"https:\/\/hsfamericana.com.br\/#\/schema\/person\/3b12fcdd81c4d645a927c9ba010d1551","name":"HSF Americana","image":{"@type":"ImageObject","inLanguage":"pt-BR","@id":"https:\/\/hsfamericana.com.br\/#\/schema\/person\/image\/","url":"https:\/\/secure.gravatar.com\/avatar\/5166f96d8390f878591229db68525bd3f5c9f157e02efd0ba33755d400e0b4f1?s=96&d=mm&r=g","contentUrl":"https:\/\/secure.gravatar.com\/avatar\/5166f96d8390f878591229db68525bd3f5c9f157e02efd0ba33755d400e0b4f1?s=96&d=mm&r=g","caption":"HSF Americana"},"sameAs":["https:\/\/www.hsfamericana.com.br"],"url":"https:\/\/hsfamericana.com.br\/index.php\/author\/nogueira\/"}]}},"_links":{"self":[{"href":"https:\/\/hsfamericana.com.br\/index.php\/wp-json\/wp\/v2\/posts\/3238","targetHints":{"allow":["GET"]}}],"collection":[{"href":"https:\/\/hsfamericana.com.br\/index.php\/wp-json\/wp\/v2\/posts"}],"about":[{"href":"https:\/\/hsfamericana.com.br\/index.php\/wp-json\/wp\/v2\/types\/post"}],"author":[{"embeddable":true,"href":"https:\/\/hsfamericana.com.br\/index.php\/wp-json\/wp\/v2\/users\/2"}],"replies":[{"embeddable":true,"href":"https:\/\/hsfamericana.com.br\/index.php\/wp-json\/wp\/v2\/comments?post=3238"}],"version-history":[{"count":2,"href":"https:\/\/hsfamericana.com.br\/index.php\/wp-json\/wp\/v2\/posts\/3238\/revisions"}],"predecessor-version":[{"id":3241,"href":"https:\/\/hsfamericana.com.br\/index.php\/wp-json\/wp\/v2\/posts\/3238\/revisions\/3241"}],"wp:featuredmedia":[{"embeddable":true,"href":"https:\/\/hsfamericana.com.br\/index.php\/wp-json\/wp\/v2\/media\/3239"}],"wp:attachment":[{"href":"https:\/\/hsfamericana.com.br\/index.php\/wp-json\/wp\/v2\/media?parent=3238"}],"wp:term":[{"taxonomy":"category","embeddable":true,"href":"https:\/\/hsfamericana.com.br\/index.php\/wp-json\/wp\/v2\/categories?post=3238"},{"taxonomy":"post_tag","embeddable":true,"href":"https:\/\/hsfamericana.com.br\/index.php\/wp-json\/wp\/v2\/tags?post=3238"}],"curies":[{"name":"wp","href":"https:\/\/api.w.org\/{rel}","templated":true}]}}