{"id":3560,"date":"2021-01-29T17:39:47","date_gmt":"2021-01-29T17:39:47","guid":{"rendered":"http:\/\/www.hsfamericana.com.br\/?p=3560"},"modified":"2021-01-29T18:46:50","modified_gmt":"2021-01-29T18:46:50","slug":"primeiros-vacinados-contra-a-covid-19","status":"publish","type":"post","link":"https:\/\/hsfamericana.com.br\/index.php\/primeiros-vacinados-contra-a-covid-19\/","title":{"rendered":"Primeiros Vacinados contra a Covid-19"},"content":{"rendered":"<img loading=\"lazy\" decoding=\"async\" class=\"alignleft size-full wp-image-3565\" src=\"http:\/\/www.hsfamericana.com.br\/wp-content\/uploads\/2021\/01\/8205-Noticia-Site-Fevereiro_Vacina-1.png\" alt=\"\" width=\"900\" height=\"417\" srcset=\"https:\/\/hsfamericana.com.br\/wp-content\/uploads\/2021\/01\/8205-Noticia-Site-Fevereiro_Vacina-1.png 900w, https:\/\/hsfamericana.com.br\/wp-content\/uploads\/2021\/01\/8205-Noticia-Site-Fevereiro_Vacina-1-768x355.png 768w\" sizes=\"auto, (max-width: 900px) 100vw, 900px\" \/>\n<p>No dia 22\/01\/21 tivemos um dia de muita emo\u00e7\u00e3o.<\/p>\n<p>Nos \u00faltimos meses, uma intensa e di\u00e1ria preocupa\u00e7\u00e3o foi vivenciada. Todos estivemos muito focados no cuidado dos pacientes com Covid-19, bem como dos nossos colaboradores envolvidos nesta miss\u00e3o.<\/p>\n<p>Estes profissionais vacinados hoje no Hospital S\u00e3o Francisco simbolizam milhares de brasileiros que em breve viver\u00e3o um dia t\u00e3o especial como o que estamos vivendo hoje.<\/p>\n<p>N\u00f3s sempre nos pautamos na ci\u00eancia e hoje estamos presenciando a esperan\u00e7a se transformando em realidade.<\/p>\n<p>A troca de afeto, os abra\u00e7os, os encontros com amigos e familiares est\u00e3o bem pr\u00f3ximos, mais pr\u00f3ximos do que imagin\u00e1vamos. Ainda assim, n\u00e3o podemos nos descuidar, o risco ainda existe. At\u00e9 que todos sejam vacinados, manter-se seguro e cuidar do pr\u00f3ximo s\u00e3o atos respons\u00e1veis.<\/p>\n<p>O Hospital S\u00e3o Francisco agradece a todos voc\u00eas colaboradores que tornam poss\u00edvel a realiza\u00e7\u00e3o da nossa miss\u00e3o. Seguimos firmes nessa jornada, cuidando de pessoas e acreditando na ci\u00eancia!<\/p>\n<p>Nosso muito obrigado a toda equipe do Chiquinho!<\/p>\n<p><strong>Fonte: <\/strong>HSF<\/p>\n","protected":false},"excerpt":{"rendered":"<p>No dia 22\/01\/21 tivemos um dia de muita emo\u00e7\u00e3o. Nos \u00faltimos meses, uma intensa e di\u00e1ria preocupa\u00e7\u00e3o foi vivenciada. Todos estivemos muito focados no cuidado dos pacientes com Covid-19, bem como dos nossos colaboradores envolvidos nesta miss\u00e3o. Estes profissionais vacinados hoje no Hospital S\u00e3o Francisco simbolizam milhares de brasileiros que em breve viver\u00e3o um dia [&hellip;]<\/p>\n","protected":false},"author":2,"featured_media":3561,"comment_status":"open","ping_status":"open","sticky":false,"template":"","format":"standard","meta":{"_acf_changed":false,"footnotes":""},"categories":[4],"tags":[153,37,23,154,67],"class_list":["post-3560","post","type-post","status-publish","format-standard","has-post-thumbnail","hentry","category-noticias","tag-coronavac","tag-hsf","tag-hsf-americana","tag-primeiros-vacinados","tag-vacina"],"acf":[],"yoast_head":"<!-- This site is optimized with the Yoast SEO plugin v25.2 - https:\/\/yoast.com\/wordpress\/plugins\/seo\/ -->\n<title>Primeiros Vacinados contra a Covid-19 &#8226; Hospital S\u00e3o Francisco de Americana<\/title>\n<meta name=\"robots\" content=\"index, follow, max-snippet:-1, max-image-preview:large, max-video-preview:-1\" \/>\n<link rel=\"canonical\" href=\"https:\/\/hsfamericana.com.br\/index.php\/primeiros-vacinados-contra-a-covid-19\/\" \/>\n<meta property=\"og:locale\" content=\"pt_BR\" \/>\n<meta property=\"og:type\" content=\"article\" \/>\n<meta property=\"og:title\" content=\"Primeiros Vacinados contra a Covid-19 &#8226; Hospital S\u00e3o Francisco de Americana\" \/>\n<meta property=\"og:description\" content=\"No dia 22\/01\/21 tivemos um dia de muita emo\u00e7\u00e3o. Nos \u00faltimos meses, uma intensa e di\u00e1ria preocupa\u00e7\u00e3o foi vivenciada. Todos estivemos muito focados no cuidado dos pacientes com Covid-19, bem como dos nossos colaboradores envolvidos nesta miss\u00e3o. Estes profissionais vacinados hoje no Hospital S\u00e3o Francisco simbolizam milhares de brasileiros que em breve viver\u00e3o um dia [&hellip;]\" \/>\n<meta property=\"og:url\" content=\"https:\/\/hsfamericana.com.br\/index.php\/primeiros-vacinados-contra-a-covid-19\/\" \/>\n<meta property=\"og:site_name\" content=\"Hospital S\u00e3o Francisco de Americana\" \/>\n<meta property=\"article:published_time\" content=\"2021-01-29T17:39:47+00:00\" \/>\n<meta property=\"article:modified_time\" content=\"2021-01-29T18:46:50+00:00\" \/>\n<meta property=\"og:image\" content=\"https:\/\/hsfamericana.com.br\/wp-content\/uploads\/2021\/01\/8205-Noticia-Site-Fevereiro_Vacina.png\" \/>\n\t<meta property=\"og:image:width\" content=\"900\" \/>\n\t<meta property=\"og:image:height\" content=\"417\" \/>\n\t<meta property=\"og:image:type\" content=\"image\/png\" \/>\n<meta name=\"author\" content=\"HSF Americana\" \/>\n<meta name=\"twitter:label1\" content=\"Escrito por\" \/>\n\t<meta name=\"twitter:data1\" content=\"HSF Americana\" \/>\n\t<meta name=\"twitter:label2\" content=\"Est. tempo de leitura\" \/>\n\t<meta name=\"twitter:data2\" content=\"1 minuto\" \/>\n<script type=\"application\/ld+json\" class=\"yoast-schema-graph\">{\"@context\":\"https:\/\/schema.org\",\"@graph\":[{\"@type\":\"WebPage\",\"@id\":\"https:\/\/hsfamericana.com.br\/index.php\/primeiros-vacinados-contra-a-covid-19\/\",\"url\":\"https:\/\/hsfamericana.com.br\/index.php\/primeiros-vacinados-contra-a-covid-19\/\",\"name\":\"Primeiros Vacinados contra a Covid-19 &#8226; Hospital S\u00e3o Francisco de Americana\",\"isPartOf\":{\"@id\":\"https:\/\/hsfamericana.com.br\/#website\"},\"primaryImageOfPage\":{\"@id\":\"https:\/\/hsfamericana.com.br\/index.php\/primeiros-vacinados-contra-a-covid-19\/#primaryimage\"},\"image\":{\"@id\":\"https:\/\/hsfamericana.com.br\/index.php\/primeiros-vacinados-contra-a-covid-19\/#primaryimage\"},\"thumbnailUrl\":\"https:\/\/hsfamericana.com.br\/wp-content\/uploads\/2021\/01\/8205-Noticia-Site-Fevereiro_Vacina.png\",\"datePublished\":\"2021-01-29T17:39:47+00:00\",\"dateModified\":\"2021-01-29T18:46:50+00:00\",\"author\":{\"@id\":\"https:\/\/hsfamericana.com.br\/#\/schema\/person\/3b12fcdd81c4d645a927c9ba010d1551\"},\"breadcrumb\":{\"@id\":\"https:\/\/hsfamericana.com.br\/index.php\/primeiros-vacinados-contra-a-covid-19\/#breadcrumb\"},\"inLanguage\":\"pt-BR\",\"potentialAction\":[{\"@type\":\"ReadAction\",\"target\":[\"https:\/\/hsfamericana.com.br\/index.php\/primeiros-vacinados-contra-a-covid-19\/\"]}]},{\"@type\":\"ImageObject\",\"inLanguage\":\"pt-BR\",\"@id\":\"https:\/\/hsfamericana.com.br\/index.php\/primeiros-vacinados-contra-a-covid-19\/#primaryimage\",\"url\":\"https:\/\/hsfamericana.com.br\/wp-content\/uploads\/2021\/01\/8205-Noticia-Site-Fevereiro_Vacina.png\",\"contentUrl\":\"https:\/\/hsfamericana.com.br\/wp-content\/uploads\/2021\/01\/8205-Noticia-Site-Fevereiro_Vacina.png\",\"width\":900,\"height\":417},{\"@type\":\"BreadcrumbList\",\"@id\":\"https:\/\/hsfamericana.com.br\/index.php\/primeiros-vacinados-contra-a-covid-19\/#breadcrumb\",\"itemListElement\":[{\"@type\":\"ListItem\",\"position\":1,\"name\":\"In\u00edcio\",\"item\":\"https:\/\/hsfamericana.com.br\/\"},{\"@type\":\"ListItem\",\"position\":2,\"name\":\"Primeiros Vacinados contra a Covid-19\"}]},{\"@type\":\"WebSite\",\"@id\":\"https:\/\/hsfamericana.com.br\/#website\",\"url\":\"https:\/\/hsfamericana.com.br\/\",\"name\":\"Hospital S\u00e3o Francisco de Americana\",\"description\":\"O mais completo da regi\u00e3o de Campinas\",\"potentialAction\":[{\"@type\":\"SearchAction\",\"target\":{\"@type\":\"EntryPoint\",\"urlTemplate\":\"https:\/\/hsfamericana.com.br\/?s={search_term_string}\"},\"query-input\":{\"@type\":\"PropertyValueSpecification\",\"valueRequired\":true,\"valueName\":\"search_term_string\"}}],\"inLanguage\":\"pt-BR\"},{\"@type\":\"Person\",\"@id\":\"https:\/\/hsfamericana.com.br\/#\/schema\/person\/3b12fcdd81c4d645a927c9ba010d1551\",\"name\":\"HSF Americana\",\"image\":{\"@type\":\"ImageObject\",\"inLanguage\":\"pt-BR\",\"@id\":\"https:\/\/hsfamericana.com.br\/#\/schema\/person\/image\/\",\"url\":\"https:\/\/secure.gravatar.com\/avatar\/5166f96d8390f878591229db68525bd3f5c9f157e02efd0ba33755d400e0b4f1?s=96&d=mm&r=g\",\"contentUrl\":\"https:\/\/secure.gravatar.com\/avatar\/5166f96d8390f878591229db68525bd3f5c9f157e02efd0ba33755d400e0b4f1?s=96&d=mm&r=g\",\"caption\":\"HSF Americana\"},\"sameAs\":[\"https:\/\/www.hsfamericana.com.br\"],\"url\":\"https:\/\/hsfamericana.com.br\/index.php\/author\/nogueira\/\"}]}<\/script>\n<!-- \/ Yoast SEO plugin. -->","yoast_head_json":{"title":"Primeiros Vacinados contra a Covid-19 &#8226; Hospital S\u00e3o Francisco de Americana","robots":{"index":"index","follow":"follow","max-snippet":"max-snippet:-1","max-image-preview":"max-image-preview:large","max-video-preview":"max-video-preview:-1"},"canonical":"https:\/\/hsfamericana.com.br\/index.php\/primeiros-vacinados-contra-a-covid-19\/","og_locale":"pt_BR","og_type":"article","og_title":"Primeiros Vacinados contra a Covid-19 &#8226; Hospital S\u00e3o Francisco de Americana","og_description":"No dia 22\/01\/21 tivemos um dia de muita emo\u00e7\u00e3o. Nos \u00faltimos meses, uma intensa e di\u00e1ria preocupa\u00e7\u00e3o foi vivenciada. Todos estivemos muito focados no cuidado dos pacientes com Covid-19, bem como dos nossos colaboradores envolvidos nesta miss\u00e3o. Estes profissionais vacinados hoje no Hospital S\u00e3o Francisco simbolizam milhares de brasileiros que em breve viver\u00e3o um dia [&hellip;]","og_url":"https:\/\/hsfamericana.com.br\/index.php\/primeiros-vacinados-contra-a-covid-19\/","og_site_name":"Hospital S\u00e3o Francisco de Americana","article_published_time":"2021-01-29T17:39:47+00:00","article_modified_time":"2021-01-29T18:46:50+00:00","og_image":[{"width":900,"height":417,"url":"https:\/\/hsfamericana.com.br\/wp-content\/uploads\/2021\/01\/8205-Noticia-Site-Fevereiro_Vacina.png","type":"image\/png"}],"author":"HSF Americana","twitter_misc":{"Escrito por":"HSF Americana","Est. tempo de leitura":"1 minuto"},"schema":{"@context":"https:\/\/schema.org","@graph":[{"@type":"WebPage","@id":"https:\/\/hsfamericana.com.br\/index.php\/primeiros-vacinados-contra-a-covid-19\/","url":"https:\/\/hsfamericana.com.br\/index.php\/primeiros-vacinados-contra-a-covid-19\/","name":"Primeiros Vacinados contra a Covid-19 &#8226; Hospital S\u00e3o Francisco de Americana","isPartOf":{"@id":"https:\/\/hsfamericana.com.br\/#website"},"primaryImageOfPage":{"@id":"https:\/\/hsfamericana.com.br\/index.php\/primeiros-vacinados-contra-a-covid-19\/#primaryimage"},"image":{"@id":"https:\/\/hsfamericana.com.br\/index.php\/primeiros-vacinados-contra-a-covid-19\/#primaryimage"},"thumbnailUrl":"https:\/\/hsfamericana.com.br\/wp-content\/uploads\/2021\/01\/8205-Noticia-Site-Fevereiro_Vacina.png","datePublished":"2021-01-29T17:39:47+00:00","dateModified":"2021-01-29T18:46:50+00:00","author":{"@id":"https:\/\/hsfamericana.com.br\/#\/schema\/person\/3b12fcdd81c4d645a927c9ba010d1551"},"breadcrumb":{"@id":"https:\/\/hsfamericana.com.br\/index.php\/primeiros-vacinados-contra-a-covid-19\/#breadcrumb"},"inLanguage":"pt-BR","potentialAction":[{"@type":"ReadAction","target":["https:\/\/hsfamericana.com.br\/index.php\/primeiros-vacinados-contra-a-covid-19\/"]}]},{"@type":"ImageObject","inLanguage":"pt-BR","@id":"https:\/\/hsfamericana.com.br\/index.php\/primeiros-vacinados-contra-a-covid-19\/#primaryimage","url":"https:\/\/hsfamericana.com.br\/wp-content\/uploads\/2021\/01\/8205-Noticia-Site-Fevereiro_Vacina.png","contentUrl":"https:\/\/hsfamericana.com.br\/wp-content\/uploads\/2021\/01\/8205-Noticia-Site-Fevereiro_Vacina.png","width":900,"height":417},{"@type":"BreadcrumbList","@id":"https:\/\/hsfamericana.com.br\/index.php\/primeiros-vacinados-contra-a-covid-19\/#breadcrumb","itemListElement":[{"@type":"ListItem","position":1,"name":"In\u00edcio","item":"https:\/\/hsfamericana.com.br\/"},{"@type":"ListItem","position":2,"name":"Primeiros Vacinados contra a Covid-19"}]},{"@type":"WebSite","@id":"https:\/\/hsfamericana.com.br\/#website","url":"https:\/\/hsfamericana.com.br\/","name":"Hospital S\u00e3o Francisco de Americana","description":"O mais completo da regi\u00e3o de Campinas","potentialAction":[{"@type":"SearchAction","target":{"@type":"EntryPoint","urlTemplate":"https:\/\/hsfamericana.com.br\/?s={search_term_string}"},"query-input":{"@type":"PropertyValueSpecification","valueRequired":true,"valueName":"search_term_string"}}],"inLanguage":"pt-BR"},{"@type":"Person","@id":"https:\/\/hsfamericana.com.br\/#\/schema\/person\/3b12fcdd81c4d645a927c9ba010d1551","name":"HSF Americana","image":{"@type":"ImageObject","inLanguage":"pt-BR","@id":"https:\/\/hsfamericana.com.br\/#\/schema\/person\/image\/","url":"https:\/\/secure.gravatar.com\/avatar\/5166f96d8390f878591229db68525bd3f5c9f157e02efd0ba33755d400e0b4f1?s=96&d=mm&r=g","contentUrl":"https:\/\/secure.gravatar.com\/avatar\/5166f96d8390f878591229db68525bd3f5c9f157e02efd0ba33755d400e0b4f1?s=96&d=mm&r=g","caption":"HSF Americana"},"sameAs":["https:\/\/www.hsfamericana.com.br"],"url":"https:\/\/hsfamericana.com.br\/index.php\/author\/nogueira\/"}]}},"_links":{"self":[{"href":"https:\/\/hsfamericana.com.br\/index.php\/wp-json\/wp\/v2\/posts\/3560","targetHints":{"allow":["GET"]}}],"collection":[{"href":"https:\/\/hsfamericana.com.br\/index.php\/wp-json\/wp\/v2\/posts"}],"about":[{"href":"https:\/\/hsfamericana.com.br\/index.php\/wp-json\/wp\/v2\/types\/post"}],"author":[{"embeddable":true,"href":"https:\/\/hsfamericana.com.br\/index.php\/wp-json\/wp\/v2\/users\/2"}],"replies":[{"embeddable":true,"href":"https:\/\/hsfamericana.com.br\/index.php\/wp-json\/wp\/v2\/comments?post=3560"}],"version-history":[{"count":3,"href":"https:\/\/hsfamericana.com.br\/index.php\/wp-json\/wp\/v2\/posts\/3560\/revisions"}],"predecessor-version":[{"id":3567,"href":"https:\/\/hsfamericana.com.br\/index.php\/wp-json\/wp\/v2\/posts\/3560\/revisions\/3567"}],"wp:featuredmedia":[{"embeddable":true,"href":"https:\/\/hsfamericana.com.br\/index.php\/wp-json\/wp\/v2\/media\/3561"}],"wp:attachment":[{"href":"https:\/\/hsfamericana.com.br\/index.php\/wp-json\/wp\/v2\/media?parent=3560"}],"wp:term":[{"taxonomy":"category","embeddable":true,"href":"https:\/\/hsfamericana.com.br\/index.php\/wp-json\/wp\/v2\/categories?post=3560"},{"taxonomy":"post_tag","embeddable":true,"href":"https:\/\/hsfamericana.com.br\/index.php\/wp-json\/wp\/v2\/tags?post=3560"}],"curies":[{"name":"wp","href":"https:\/\/api.w.org\/{rel}","templated":true}]}}