{"id":3683,"date":"2021-05-04T08:05:14","date_gmt":"2021-05-04T08:05:14","guid":{"rendered":"http:\/\/www.hsfamericana.com.br\/?p=3683"},"modified":"2021-06-18T12:22:53","modified_gmt":"2021-06-18T12:22:53","slug":"dia-mundial-de-higienizacao-das-maos","status":"publish","type":"post","link":"https:\/\/hsfamericana.com.br\/index.php\/dia-mundial-de-higienizacao-das-maos\/","title":{"rendered":"Dia Mundial de Higieniza\u00e7\u00e3o das M\u00e3os"},"content":{"rendered":"<img loading=\"lazy\" decoding=\"async\" class=\"alignleft size-full wp-image-3684\" src=\"https:\/\/www.hsfamericana.com.br\/wp-content\/uploads\/2021\/04\/8418-Atualizacao-Maio.png\" alt=\"\" width=\"900\" height=\"417\" srcset=\"https:\/\/hsfamericana.com.br\/wp-content\/uploads\/2021\/04\/8418-Atualizacao-Maio.png 900w, https:\/\/hsfamericana.com.br\/wp-content\/uploads\/2021\/04\/8418-Atualizacao-Maio-768x355.png 768w\" sizes=\"auto, (max-width: 900px) 100vw, 900px\" \/>\n<p>No dia 05 de Maio, comemora-se o Dia Mundial da Higieniza\u00e7\u00e3o das M\u00e3os, com o prop\u00f3sito de mobilizar pessoas em todo o mundo com o objetivo de aumentar a ades\u00e3o \u00e0 higiene das m\u00e3os nos servi\u00e7os de sa\u00fade, protegendo tanto os pacientes quanto os profissionais de sa\u00fade contra infec\u00e7\u00f5es.<\/p>\n<p>Al\u00e9m disso, a higiene das m\u00e3os com prepara\u00e7\u00e3o alco\u00f3lica 70% ou sabonete l\u00edquido e \u00e1gua, \u00e9 uma das a\u00e7\u00f5es mais eficazes para redu\u00e7\u00e3o da transmiss\u00e3o de microrganismos causadores de doen\u00e7as infecciosas, incluindo a COVID-19. Dessa forma, tanto os profissionais de sa\u00fade quanto a comunidade, por meio de uma medida simples como esta, podem desempenhar um importante papel na preven\u00e7\u00e3o destas infec\u00e7\u00f5es.<\/p>\n<p>Sem d\u00favidas, a correta higieniza\u00e7\u00e3o das m\u00e3os \u00e9 um h\u00e1bito que promove a sa\u00fade, pois higienizar as m\u00e3os reduz significativamente a transmiss\u00e3o de microrganismos e diminui a incid\u00eancia de infec\u00e7\u00f5es preven\u00edveis, ampliando a seguran\u00e7a de pacientes, profissionais de sa\u00fade e da popula\u00e7\u00e3o em geral.<\/p>\n<p>Sabemos ainda que a transmiss\u00e3o do novo coronav\u00edrus (SARS-CoV-2) se d\u00e1 pelas got\u00edculas de saliva, que podem ficar depositadas nas m\u00e3os, objetos e superf\u00edcies. Por esse motivo, a higieniza\u00e7\u00e3o das m\u00e3os \u00e9 um forte aliado para conter a transmiss\u00e3o do v\u00edrus causador da COVID-19.<\/p>\n<p>Com mais de 330 mil \u00f3bitos confirmados, segundo dados do Minist\u00e9rio da Sa\u00fade, a COVID-19 tem como uma das principais formas de preven\u00e7\u00e3o a higieniza\u00e7\u00e3o das m\u00e3os. Por\u00e9m, outras patologias, como a Influenza tamb\u00e9m podem ser prevenidas por meio da ado\u00e7\u00e3o desta pr\u00e1tica simples e r\u00e1pida de ser executada por toda a popula\u00e7\u00e3o.<\/p>\n<p>Quanto \u00e0 t\u00e9cnica, as m\u00e3os devem ser friccionadas com a prepara\u00e7\u00e3o alco\u00f3lica 70%, por no m\u00ednimo 20 segundos. Ressalta-se que as m\u00e3os n\u00e3o podem estar visivelmente sujas, uma vez que a prepara\u00e7\u00e3o alco\u00f3lica n\u00e3o remove sujidades. Enquanto a higieniza\u00e7\u00e3o das m\u00e3os com sabonete l\u00edquido e \u00e1gua deve respeitar o tempo m\u00ednimo de 40 segundos, esfregando bem as palmas das m\u00e3os, entre os dedos e pulsos.<\/p>\n<p>Previna-se e conte com a equipe HSF!<\/p>\n<p><strong>Fonte: <\/strong>HSF<\/p>\n","protected":false},"excerpt":{"rendered":"<p>No dia 05 de Maio, comemora-se o Dia Mundial da Higieniza\u00e7\u00e3o das M\u00e3os, com o prop\u00f3sito de mobilizar pessoas em todo o mundo com o objetivo de aumentar a ades\u00e3o \u00e0 higiene das m\u00e3os nos servi\u00e7os de sa\u00fade, protegendo tanto os pacientes quanto os profissionais de sa\u00fade contra infec\u00e7\u00f5es. Al\u00e9m disso, a higiene das m\u00e3os [&hellip;]<\/p>\n","protected":false},"author":2,"featured_media":3689,"comment_status":"open","ping_status":"open","sticky":false,"template":"","format":"standard","meta":{"_acf_changed":false,"footnotes":""},"categories":[4],"tags":[138,139,159,37,23],"class_list":["post-3683","post","type-post","status-publish","format-standard","has-post-thumbnail","hentry","category-noticias","tag-coronavirus","tag-covid-19","tag-higienizacao","tag-hsf","tag-hsf-americana"],"acf":[],"yoast_head":"<!-- This site is optimized with the Yoast SEO plugin v25.2 - https:\/\/yoast.com\/wordpress\/plugins\/seo\/ -->\n<title>Dia Mundial de Higieniza\u00e7\u00e3o das M\u00e3os &#8226; Hospital S\u00e3o Francisco de Americana<\/title>\n<meta name=\"robots\" content=\"index, follow, max-snippet:-1, max-image-preview:large, max-video-preview:-1\" \/>\n<link rel=\"canonical\" href=\"https:\/\/hsfamericana.com.br\/index.php\/dia-mundial-de-higienizacao-das-maos\/\" \/>\n<meta property=\"og:locale\" content=\"pt_BR\" \/>\n<meta property=\"og:type\" content=\"article\" \/>\n<meta property=\"og:title\" content=\"Dia Mundial de Higieniza\u00e7\u00e3o das M\u00e3os &#8226; Hospital S\u00e3o Francisco de Americana\" \/>\n<meta property=\"og:description\" content=\"No dia 05 de Maio, comemora-se o Dia Mundial da Higieniza\u00e7\u00e3o das M\u00e3os, com o prop\u00f3sito de mobilizar pessoas em todo o mundo com o objetivo de aumentar a ades\u00e3o \u00e0 higiene das m\u00e3os nos servi\u00e7os de sa\u00fade, protegendo tanto os pacientes quanto os profissionais de sa\u00fade contra infec\u00e7\u00f5es. Al\u00e9m disso, a higiene das m\u00e3os [&hellip;]\" \/>\n<meta property=\"og:url\" content=\"https:\/\/hsfamericana.com.br\/index.php\/dia-mundial-de-higienizacao-das-maos\/\" \/>\n<meta property=\"og:site_name\" content=\"Hospital S\u00e3o Francisco de Americana\" \/>\n<meta property=\"article:published_time\" content=\"2021-05-04T08:05:14+00:00\" \/>\n<meta property=\"article:modified_time\" content=\"2021-06-18T12:22:53+00:00\" \/>\n<meta property=\"og:image\" content=\"https:\/\/hsfamericana.com.br\/wp-content\/uploads\/2021\/05\/8417-Banner-Maio-02.png\" \/>\n\t<meta property=\"og:image:width\" content=\"1384\" \/>\n\t<meta property=\"og:image:height\" content=\"645\" \/>\n\t<meta property=\"og:image:type\" content=\"image\/png\" \/>\n<meta name=\"author\" content=\"HSF Americana\" \/>\n<meta name=\"twitter:label1\" content=\"Escrito por\" \/>\n\t<meta name=\"twitter:data1\" content=\"HSF Americana\" \/>\n\t<meta name=\"twitter:label2\" content=\"Est. tempo de leitura\" \/>\n\t<meta name=\"twitter:data2\" content=\"2 minutos\" \/>\n<script type=\"application\/ld+json\" class=\"yoast-schema-graph\">{\"@context\":\"https:\/\/schema.org\",\"@graph\":[{\"@type\":\"WebPage\",\"@id\":\"https:\/\/hsfamericana.com.br\/index.php\/dia-mundial-de-higienizacao-das-maos\/\",\"url\":\"https:\/\/hsfamericana.com.br\/index.php\/dia-mundial-de-higienizacao-das-maos\/\",\"name\":\"Dia Mundial de Higieniza\u00e7\u00e3o das M\u00e3os &#8226; Hospital S\u00e3o Francisco de Americana\",\"isPartOf\":{\"@id\":\"https:\/\/hsfamericana.com.br\/#website\"},\"primaryImageOfPage\":{\"@id\":\"https:\/\/hsfamericana.com.br\/index.php\/dia-mundial-de-higienizacao-das-maos\/#primaryimage\"},\"image\":{\"@id\":\"https:\/\/hsfamericana.com.br\/index.php\/dia-mundial-de-higienizacao-das-maos\/#primaryimage\"},\"thumbnailUrl\":\"https:\/\/hsfamericana.com.br\/wp-content\/uploads\/2021\/05\/8417-Banner-Maio-02.png\",\"datePublished\":\"2021-05-04T08:05:14+00:00\",\"dateModified\":\"2021-06-18T12:22:53+00:00\",\"author\":{\"@id\":\"https:\/\/hsfamericana.com.br\/#\/schema\/person\/3b12fcdd81c4d645a927c9ba010d1551\"},\"breadcrumb\":{\"@id\":\"https:\/\/hsfamericana.com.br\/index.php\/dia-mundial-de-higienizacao-das-maos\/#breadcrumb\"},\"inLanguage\":\"pt-BR\",\"potentialAction\":[{\"@type\":\"ReadAction\",\"target\":[\"https:\/\/hsfamericana.com.br\/index.php\/dia-mundial-de-higienizacao-das-maos\/\"]}]},{\"@type\":\"ImageObject\",\"inLanguage\":\"pt-BR\",\"@id\":\"https:\/\/hsfamericana.com.br\/index.php\/dia-mundial-de-higienizacao-das-maos\/#primaryimage\",\"url\":\"https:\/\/hsfamericana.com.br\/wp-content\/uploads\/2021\/05\/8417-Banner-Maio-02.png\",\"contentUrl\":\"https:\/\/hsfamericana.com.br\/wp-content\/uploads\/2021\/05\/8417-Banner-Maio-02.png\",\"width\":1384,\"height\":645},{\"@type\":\"BreadcrumbList\",\"@id\":\"https:\/\/hsfamericana.com.br\/index.php\/dia-mundial-de-higienizacao-das-maos\/#breadcrumb\",\"itemListElement\":[{\"@type\":\"ListItem\",\"position\":1,\"name\":\"In\u00edcio\",\"item\":\"https:\/\/hsfamericana.com.br\/\"},{\"@type\":\"ListItem\",\"position\":2,\"name\":\"Dia Mundial de Higieniza\u00e7\u00e3o das M\u00e3os\"}]},{\"@type\":\"WebSite\",\"@id\":\"https:\/\/hsfamericana.com.br\/#website\",\"url\":\"https:\/\/hsfamericana.com.br\/\",\"name\":\"Hospital S\u00e3o Francisco de Americana\",\"description\":\"O mais completo da regi\u00e3o de Campinas\",\"potentialAction\":[{\"@type\":\"SearchAction\",\"target\":{\"@type\":\"EntryPoint\",\"urlTemplate\":\"https:\/\/hsfamericana.com.br\/?s={search_term_string}\"},\"query-input\":{\"@type\":\"PropertyValueSpecification\",\"valueRequired\":true,\"valueName\":\"search_term_string\"}}],\"inLanguage\":\"pt-BR\"},{\"@type\":\"Person\",\"@id\":\"https:\/\/hsfamericana.com.br\/#\/schema\/person\/3b12fcdd81c4d645a927c9ba010d1551\",\"name\":\"HSF Americana\",\"image\":{\"@type\":\"ImageObject\",\"inLanguage\":\"pt-BR\",\"@id\":\"https:\/\/hsfamericana.com.br\/#\/schema\/person\/image\/\",\"url\":\"https:\/\/secure.gravatar.com\/avatar\/5166f96d8390f878591229db68525bd3f5c9f157e02efd0ba33755d400e0b4f1?s=96&d=mm&r=g\",\"contentUrl\":\"https:\/\/secure.gravatar.com\/avatar\/5166f96d8390f878591229db68525bd3f5c9f157e02efd0ba33755d400e0b4f1?s=96&d=mm&r=g\",\"caption\":\"HSF Americana\"},\"sameAs\":[\"https:\/\/www.hsfamericana.com.br\"],\"url\":\"https:\/\/hsfamericana.com.br\/index.php\/author\/nogueira\/\"}]}<\/script>\n<!-- \/ Yoast SEO plugin. -->","yoast_head_json":{"title":"Dia Mundial de Higieniza\u00e7\u00e3o das M\u00e3os &#8226; Hospital S\u00e3o Francisco de Americana","robots":{"index":"index","follow":"follow","max-snippet":"max-snippet:-1","max-image-preview":"max-image-preview:large","max-video-preview":"max-video-preview:-1"},"canonical":"https:\/\/hsfamericana.com.br\/index.php\/dia-mundial-de-higienizacao-das-maos\/","og_locale":"pt_BR","og_type":"article","og_title":"Dia Mundial de Higieniza\u00e7\u00e3o das M\u00e3os &#8226; Hospital S\u00e3o Francisco de Americana","og_description":"No dia 05 de Maio, comemora-se o Dia Mundial da Higieniza\u00e7\u00e3o das M\u00e3os, com o prop\u00f3sito de mobilizar pessoas em todo o mundo com o objetivo de aumentar a ades\u00e3o \u00e0 higiene das m\u00e3os nos servi\u00e7os de sa\u00fade, protegendo tanto os pacientes quanto os profissionais de sa\u00fade contra infec\u00e7\u00f5es. Al\u00e9m disso, a higiene das m\u00e3os [&hellip;]","og_url":"https:\/\/hsfamericana.com.br\/index.php\/dia-mundial-de-higienizacao-das-maos\/","og_site_name":"Hospital S\u00e3o Francisco de Americana","article_published_time":"2021-05-04T08:05:14+00:00","article_modified_time":"2021-06-18T12:22:53+00:00","og_image":[{"width":1384,"height":645,"url":"https:\/\/hsfamericana.com.br\/wp-content\/uploads\/2021\/05\/8417-Banner-Maio-02.png","type":"image\/png"}],"author":"HSF Americana","twitter_misc":{"Escrito por":"HSF Americana","Est. tempo de leitura":"2 minutos"},"schema":{"@context":"https:\/\/schema.org","@graph":[{"@type":"WebPage","@id":"https:\/\/hsfamericana.com.br\/index.php\/dia-mundial-de-higienizacao-das-maos\/","url":"https:\/\/hsfamericana.com.br\/index.php\/dia-mundial-de-higienizacao-das-maos\/","name":"Dia Mundial de Higieniza\u00e7\u00e3o das M\u00e3os &#8226; Hospital S\u00e3o Francisco de Americana","isPartOf":{"@id":"https:\/\/hsfamericana.com.br\/#website"},"primaryImageOfPage":{"@id":"https:\/\/hsfamericana.com.br\/index.php\/dia-mundial-de-higienizacao-das-maos\/#primaryimage"},"image":{"@id":"https:\/\/hsfamericana.com.br\/index.php\/dia-mundial-de-higienizacao-das-maos\/#primaryimage"},"thumbnailUrl":"https:\/\/hsfamericana.com.br\/wp-content\/uploads\/2021\/05\/8417-Banner-Maio-02.png","datePublished":"2021-05-04T08:05:14+00:00","dateModified":"2021-06-18T12:22:53+00:00","author":{"@id":"https:\/\/hsfamericana.com.br\/#\/schema\/person\/3b12fcdd81c4d645a927c9ba010d1551"},"breadcrumb":{"@id":"https:\/\/hsfamericana.com.br\/index.php\/dia-mundial-de-higienizacao-das-maos\/#breadcrumb"},"inLanguage":"pt-BR","potentialAction":[{"@type":"ReadAction","target":["https:\/\/hsfamericana.com.br\/index.php\/dia-mundial-de-higienizacao-das-maos\/"]}]},{"@type":"ImageObject","inLanguage":"pt-BR","@id":"https:\/\/hsfamericana.com.br\/index.php\/dia-mundial-de-higienizacao-das-maos\/#primaryimage","url":"https:\/\/hsfamericana.com.br\/wp-content\/uploads\/2021\/05\/8417-Banner-Maio-02.png","contentUrl":"https:\/\/hsfamericana.com.br\/wp-content\/uploads\/2021\/05\/8417-Banner-Maio-02.png","width":1384,"height":645},{"@type":"BreadcrumbList","@id":"https:\/\/hsfamericana.com.br\/index.php\/dia-mundial-de-higienizacao-das-maos\/#breadcrumb","itemListElement":[{"@type":"ListItem","position":1,"name":"In\u00edcio","item":"https:\/\/hsfamericana.com.br\/"},{"@type":"ListItem","position":2,"name":"Dia Mundial de Higieniza\u00e7\u00e3o das M\u00e3os"}]},{"@type":"WebSite","@id":"https:\/\/hsfamericana.com.br\/#website","url":"https:\/\/hsfamericana.com.br\/","name":"Hospital S\u00e3o Francisco de Americana","description":"O mais completo da regi\u00e3o de Campinas","potentialAction":[{"@type":"SearchAction","target":{"@type":"EntryPoint","urlTemplate":"https:\/\/hsfamericana.com.br\/?s={search_term_string}"},"query-input":{"@type":"PropertyValueSpecification","valueRequired":true,"valueName":"search_term_string"}}],"inLanguage":"pt-BR"},{"@type":"Person","@id":"https:\/\/hsfamericana.com.br\/#\/schema\/person\/3b12fcdd81c4d645a927c9ba010d1551","name":"HSF Americana","image":{"@type":"ImageObject","inLanguage":"pt-BR","@id":"https:\/\/hsfamericana.com.br\/#\/schema\/person\/image\/","url":"https:\/\/secure.gravatar.com\/avatar\/5166f96d8390f878591229db68525bd3f5c9f157e02efd0ba33755d400e0b4f1?s=96&d=mm&r=g","contentUrl":"https:\/\/secure.gravatar.com\/avatar\/5166f96d8390f878591229db68525bd3f5c9f157e02efd0ba33755d400e0b4f1?s=96&d=mm&r=g","caption":"HSF Americana"},"sameAs":["https:\/\/www.hsfamericana.com.br"],"url":"https:\/\/hsfamericana.com.br\/index.php\/author\/nogueira\/"}]}},"_links":{"self":[{"href":"https:\/\/hsfamericana.com.br\/index.php\/wp-json\/wp\/v2\/posts\/3683","targetHints":{"allow":["GET"]}}],"collection":[{"href":"https:\/\/hsfamericana.com.br\/index.php\/wp-json\/wp\/v2\/posts"}],"about":[{"href":"https:\/\/hsfamericana.com.br\/index.php\/wp-json\/wp\/v2\/types\/post"}],"author":[{"embeddable":true,"href":"https:\/\/hsfamericana.com.br\/index.php\/wp-json\/wp\/v2\/users\/2"}],"replies":[{"embeddable":true,"href":"https:\/\/hsfamericana.com.br\/index.php\/wp-json\/wp\/v2\/comments?post=3683"}],"version-history":[{"count":3,"href":"https:\/\/hsfamericana.com.br\/index.php\/wp-json\/wp\/v2\/posts\/3683\/revisions"}],"predecessor-version":[{"id":3708,"href":"https:\/\/hsfamericana.com.br\/index.php\/wp-json\/wp\/v2\/posts\/3683\/revisions\/3708"}],"wp:featuredmedia":[{"embeddable":true,"href":"https:\/\/hsfamericana.com.br\/index.php\/wp-json\/wp\/v2\/media\/3689"}],"wp:attachment":[{"href":"https:\/\/hsfamericana.com.br\/index.php\/wp-json\/wp\/v2\/media?parent=3683"}],"wp:term":[{"taxonomy":"category","embeddable":true,"href":"https:\/\/hsfamericana.com.br\/index.php\/wp-json\/wp\/v2\/categories?post=3683"},{"taxonomy":"post_tag","embeddable":true,"href":"https:\/\/hsfamericana.com.br\/index.php\/wp-json\/wp\/v2\/tags?post=3683"}],"curies":[{"name":"wp","href":"https:\/\/api.w.org\/{rel}","templated":true}]}}