{"id":3709,"date":"2021-07-01T08:05:20","date_gmt":"2021-07-01T08:05:20","guid":{"rendered":"http:\/\/www.hsfamericana.com.br\/?p=3709"},"modified":"2021-07-06T16:09:47","modified_gmt":"2021-07-06T16:09:47","slug":"dia-nacional-do-hospital-e-comemorado-em-2-de-julho","status":"publish","type":"post","link":"https:\/\/hsfamericana.com.br\/index.php\/dia-nacional-do-hospital-e-comemorado-em-2-de-julho\/","title":{"rendered":"Dia Nacional do Hospital \u00e9 comemorado em 2 de Julho"},"content":{"rendered":"<img loading=\"lazy\" decoding=\"async\" class=\"alignleft size-full wp-image-3711\" src=\"http:\/\/www.hsfamericana.com.br\/wp-content\/uploads\/2021\/06\/8526-Noticia-1.png\" alt=\"\" width=\"900\" height=\"417\" srcset=\"https:\/\/hsfamericana.com.br\/wp-content\/uploads\/2021\/06\/8526-Noticia-1.png 900w, https:\/\/hsfamericana.com.br\/wp-content\/uploads\/2021\/06\/8526-Noticia-1-768x355.png 768w\" sizes=\"auto, (max-width: 900px) 100vw, 900px\" \/>\n<p>No dia 2 de julho \u00e9 celebrado o Dia Nacional do Hospital, como uma forma de homenagear todas as institui\u00e7\u00f5es e profissionais da sa\u00fade, que est\u00e3o sempre trabalhando em um setor fundamental para o bem-estar da sociedade. Essa data foi escolhida, em raz\u00e3o da inaugura\u00e7\u00e3o da Santa Casa de Miseric\u00f3rdia de Santos em 1945.<\/p>\n<p>Segundo o Minist\u00e9rio da Sa\u00fade, o \u201chospital\u201d \u00e9 uma \u201cparte integrante de uma organiza\u00e7\u00e3o m\u00e9dica e social, cuja fun\u00e7\u00e3o b\u00e1sica consiste em proporcionar \u00e0 popula\u00e7\u00e3o assist\u00eancia m\u00e9dica integral, curativa e preventiva, sob quaisquer regimes de atendimento, inclusive o domiciliar, constituindo-se tamb\u00e9m em centro de educa\u00e7\u00e3o, capacita\u00e7\u00e3o de recursos humanos e de pesquisas em sa\u00fade, bem como de encaminhamento de pacientes, cabendo-lhe supervisionar e orientar os estabelecimentos de sa\u00fade a ele vinculados tecnicamente\u201d.<\/p>\n<p>E hoje, mais do que nunca, devemos enxergar a import\u00e2ncia dos profissionais da sa\u00fade, por isto, a OMS (Organiza\u00e7\u00e3o Mundial da Sa\u00fade) ainda chama a aten\u00e7\u00e3o de todos em escala global para a relev\u00e2ncia e necessidade de investimentos na \u00e1rea da sa\u00fade, visando, atualmente, a pandemia que estamos atravessando. Os profissionais da sa\u00fade est\u00e3o na linha frente em combate, como j\u00e1 estiveram por muitos outros anos, em outras doen\u00e7as. Esses profissionais fazem parte de um trabalho \u00e1rduo, desgastante e estressante, para evitar o sofrimento das pessoas e principalmente, salvar vidas.<\/p>\n<p><strong>HSF AMERICANA<\/strong><\/p>\n<p>O Hospital S\u00e3o Francisco tem uma import\u00e2ncia muito especial em Americana, representando um marco na hist\u00f3ria da sa\u00fade na cidade com seu in\u00edcio no dia 5 de outubro de 1942. At\u00e9 ent\u00e3o a cidade n\u00e3o tinha nenhum hospital, sendo o mais pr\u00f3ximo na cidade de Campinas, at\u00e9 que o Dr. Jo\u00e3o de Castro Gon\u00e7alves reuniu alguns cidad\u00e3os para a cria\u00e7\u00e3o de um projeto muito bem-sucedido. Mesmo com o passar dos anos, o HSF \u00e9 reconhecido pela grande e completa estrutura, al\u00e9m de seu atendimento de qualidade e servi\u00e7os m\u00e9dicos prestados.<\/p>\n<p>Atualmente, o Hospital S\u00e3o Francisco conta com mais de 40 especialidades para os pacientes, mostrando a seriedade e comprometimento com a cidade, al\u00e9m de oferecer acompanhamento m\u00e9dico-hospitalar e um corpo cl\u00ednico altamente qualificado.<\/p>\n<p>O hospital tamb\u00e9m conta com equipamentos de \u00faltima gera\u00e7\u00e3o, UTI adulto e neonatal, centro de hemodi\u00e1lise, centro de tomografia computadorizada, entre outros servi\u00e7os, com o intuito de inovar e evoluir cada vez mais para proporcionar novos recursos e tratamentos aos pacientes.<\/p>\n<p>O HSF \u00e9 refer\u00eancia em tradi\u00e7\u00e3o e excel\u00eancia no atendimento m\u00e9dico-hospitalar com uma equipe m\u00e9dica qualificada que valoriza a vida, a sa\u00fade dos pacientes e a melhor infraestrutura.<\/p>\n<p>Conhe\u00e7a mais sobre o HSF e suas <a href=\"https:\/\/www.hsfamericana.com.br\/index.php\/guia-medico\/\" target=\"_blank\">especialidades<\/a>!<\/p>\n<p><strong>Fonte:<\/strong> HSF<\/p>\n","protected":false},"excerpt":{"rendered":"<p>No dia 2 de julho \u00e9 celebrado o Dia Nacional do Hospital, como uma forma de homenagear todas as institui\u00e7\u00f5es e profissionais da sa\u00fade, que est\u00e3o sempre trabalhando em um setor fundamental para o bem-estar da sociedade. Essa data foi escolhida, em raz\u00e3o da inaugura\u00e7\u00e3o da Santa Casa de Miseric\u00f3rdia de Santos em 1945. Segundo [&hellip;]<\/p>\n","protected":false},"author":2,"featured_media":3711,"comment_status":"open","ping_status":"open","sticky":false,"template":"","format":"standard","meta":{"_acf_changed":false,"footnotes":""},"categories":[4],"tags":[166,50,37,23,167],"class_list":["post-3709","post","type-post","status-publish","format-standard","has-post-thumbnail","hentry","category-noticias","tag-dia-nacional-do-hospital","tag-hospital","tag-hsf","tag-hsf-americana","tag-oms"],"acf":[],"yoast_head":"<!-- This site is optimized with the Yoast SEO plugin v25.2 - https:\/\/yoast.com\/wordpress\/plugins\/seo\/ -->\n<title>Dia Nacional do Hospital \u00e9 comemorado em 2 de Julho &#8226; Hospital S\u00e3o Francisco de Americana<\/title>\n<meta name=\"robots\" content=\"index, follow, max-snippet:-1, max-image-preview:large, max-video-preview:-1\" \/>\n<link rel=\"canonical\" href=\"https:\/\/hsfamericana.com.br\/index.php\/dia-nacional-do-hospital-e-comemorado-em-2-de-julho\/\" \/>\n<meta property=\"og:locale\" content=\"pt_BR\" \/>\n<meta property=\"og:type\" content=\"article\" \/>\n<meta property=\"og:title\" content=\"Dia Nacional do Hospital \u00e9 comemorado em 2 de Julho &#8226; Hospital S\u00e3o Francisco de Americana\" \/>\n<meta property=\"og:description\" content=\"No dia 2 de julho \u00e9 celebrado o Dia Nacional do Hospital, como uma forma de homenagear todas as institui\u00e7\u00f5es e profissionais da sa\u00fade, que est\u00e3o sempre trabalhando em um setor fundamental para o bem-estar da sociedade. Essa data foi escolhida, em raz\u00e3o da inaugura\u00e7\u00e3o da Santa Casa de Miseric\u00f3rdia de Santos em 1945. Segundo [&hellip;]\" \/>\n<meta property=\"og:url\" content=\"https:\/\/hsfamericana.com.br\/index.php\/dia-nacional-do-hospital-e-comemorado-em-2-de-julho\/\" \/>\n<meta property=\"og:site_name\" content=\"Hospital S\u00e3o Francisco de Americana\" \/>\n<meta property=\"article:published_time\" content=\"2021-07-01T08:05:20+00:00\" \/>\n<meta property=\"article:modified_time\" content=\"2021-07-06T16:09:47+00:00\" \/>\n<meta property=\"og:image\" content=\"https:\/\/hsfamericana.com.br\/wp-content\/uploads\/2021\/06\/8526-Noticia-1.png\" \/>\n\t<meta property=\"og:image:width\" content=\"900\" \/>\n\t<meta property=\"og:image:height\" content=\"417\" \/>\n\t<meta property=\"og:image:type\" content=\"image\/png\" \/>\n<meta name=\"author\" content=\"HSF Americana\" \/>\n<meta name=\"twitter:label1\" content=\"Escrito por\" \/>\n\t<meta name=\"twitter:data1\" content=\"HSF Americana\" \/>\n\t<meta name=\"twitter:label2\" content=\"Est. tempo de leitura\" \/>\n\t<meta name=\"twitter:data2\" content=\"2 minutos\" \/>\n<script type=\"application\/ld+json\" class=\"yoast-schema-graph\">{\"@context\":\"https:\/\/schema.org\",\"@graph\":[{\"@type\":\"WebPage\",\"@id\":\"https:\/\/hsfamericana.com.br\/index.php\/dia-nacional-do-hospital-e-comemorado-em-2-de-julho\/\",\"url\":\"https:\/\/hsfamericana.com.br\/index.php\/dia-nacional-do-hospital-e-comemorado-em-2-de-julho\/\",\"name\":\"Dia Nacional do Hospital \u00e9 comemorado em 2 de Julho &#8226; Hospital S\u00e3o Francisco de Americana\",\"isPartOf\":{\"@id\":\"https:\/\/hsfamericana.com.br\/#website\"},\"primaryImageOfPage\":{\"@id\":\"https:\/\/hsfamericana.com.br\/index.php\/dia-nacional-do-hospital-e-comemorado-em-2-de-julho\/#primaryimage\"},\"image\":{\"@id\":\"https:\/\/hsfamericana.com.br\/index.php\/dia-nacional-do-hospital-e-comemorado-em-2-de-julho\/#primaryimage\"},\"thumbnailUrl\":\"https:\/\/hsfamericana.com.br\/wp-content\/uploads\/2021\/06\/8526-Noticia-1.png\",\"datePublished\":\"2021-07-01T08:05:20+00:00\",\"dateModified\":\"2021-07-06T16:09:47+00:00\",\"author\":{\"@id\":\"https:\/\/hsfamericana.com.br\/#\/schema\/person\/3b12fcdd81c4d645a927c9ba010d1551\"},\"breadcrumb\":{\"@id\":\"https:\/\/hsfamericana.com.br\/index.php\/dia-nacional-do-hospital-e-comemorado-em-2-de-julho\/#breadcrumb\"},\"inLanguage\":\"pt-BR\",\"potentialAction\":[{\"@type\":\"ReadAction\",\"target\":[\"https:\/\/hsfamericana.com.br\/index.php\/dia-nacional-do-hospital-e-comemorado-em-2-de-julho\/\"]}]},{\"@type\":\"ImageObject\",\"inLanguage\":\"pt-BR\",\"@id\":\"https:\/\/hsfamericana.com.br\/index.php\/dia-nacional-do-hospital-e-comemorado-em-2-de-julho\/#primaryimage\",\"url\":\"https:\/\/hsfamericana.com.br\/wp-content\/uploads\/2021\/06\/8526-Noticia-1.png\",\"contentUrl\":\"https:\/\/hsfamericana.com.br\/wp-content\/uploads\/2021\/06\/8526-Noticia-1.png\",\"width\":900,\"height\":417},{\"@type\":\"BreadcrumbList\",\"@id\":\"https:\/\/hsfamericana.com.br\/index.php\/dia-nacional-do-hospital-e-comemorado-em-2-de-julho\/#breadcrumb\",\"itemListElement\":[{\"@type\":\"ListItem\",\"position\":1,\"name\":\"In\u00edcio\",\"item\":\"https:\/\/hsfamericana.com.br\/\"},{\"@type\":\"ListItem\",\"position\":2,\"name\":\"Dia Nacional do Hospital \u00e9 comemorado em 2 de Julho\"}]},{\"@type\":\"WebSite\",\"@id\":\"https:\/\/hsfamericana.com.br\/#website\",\"url\":\"https:\/\/hsfamericana.com.br\/\",\"name\":\"Hospital S\u00e3o Francisco de Americana\",\"description\":\"O mais completo da regi\u00e3o de Campinas\",\"potentialAction\":[{\"@type\":\"SearchAction\",\"target\":{\"@type\":\"EntryPoint\",\"urlTemplate\":\"https:\/\/hsfamericana.com.br\/?s={search_term_string}\"},\"query-input\":{\"@type\":\"PropertyValueSpecification\",\"valueRequired\":true,\"valueName\":\"search_term_string\"}}],\"inLanguage\":\"pt-BR\"},{\"@type\":\"Person\",\"@id\":\"https:\/\/hsfamericana.com.br\/#\/schema\/person\/3b12fcdd81c4d645a927c9ba010d1551\",\"name\":\"HSF Americana\",\"image\":{\"@type\":\"ImageObject\",\"inLanguage\":\"pt-BR\",\"@id\":\"https:\/\/hsfamericana.com.br\/#\/schema\/person\/image\/\",\"url\":\"https:\/\/secure.gravatar.com\/avatar\/5166f96d8390f878591229db68525bd3f5c9f157e02efd0ba33755d400e0b4f1?s=96&d=mm&r=g\",\"contentUrl\":\"https:\/\/secure.gravatar.com\/avatar\/5166f96d8390f878591229db68525bd3f5c9f157e02efd0ba33755d400e0b4f1?s=96&d=mm&r=g\",\"caption\":\"HSF Americana\"},\"sameAs\":[\"https:\/\/www.hsfamericana.com.br\"],\"url\":\"https:\/\/hsfamericana.com.br\/index.php\/author\/nogueira\/\"}]}<\/script>\n<!-- \/ Yoast SEO plugin. -->","yoast_head_json":{"title":"Dia Nacional do Hospital \u00e9 comemorado em 2 de Julho &#8226; Hospital S\u00e3o Francisco de Americana","robots":{"index":"index","follow":"follow","max-snippet":"max-snippet:-1","max-image-preview":"max-image-preview:large","max-video-preview":"max-video-preview:-1"},"canonical":"https:\/\/hsfamericana.com.br\/index.php\/dia-nacional-do-hospital-e-comemorado-em-2-de-julho\/","og_locale":"pt_BR","og_type":"article","og_title":"Dia Nacional do Hospital \u00e9 comemorado em 2 de Julho &#8226; Hospital S\u00e3o Francisco de Americana","og_description":"No dia 2 de julho \u00e9 celebrado o Dia Nacional do Hospital, como uma forma de homenagear todas as institui\u00e7\u00f5es e profissionais da sa\u00fade, que est\u00e3o sempre trabalhando em um setor fundamental para o bem-estar da sociedade. Essa data foi escolhida, em raz\u00e3o da inaugura\u00e7\u00e3o da Santa Casa de Miseric\u00f3rdia de Santos em 1945. Segundo [&hellip;]","og_url":"https:\/\/hsfamericana.com.br\/index.php\/dia-nacional-do-hospital-e-comemorado-em-2-de-julho\/","og_site_name":"Hospital S\u00e3o Francisco de Americana","article_published_time":"2021-07-01T08:05:20+00:00","article_modified_time":"2021-07-06T16:09:47+00:00","og_image":[{"width":900,"height":417,"url":"https:\/\/hsfamericana.com.br\/wp-content\/uploads\/2021\/06\/8526-Noticia-1.png","type":"image\/png"}],"author":"HSF Americana","twitter_misc":{"Escrito por":"HSF Americana","Est. tempo de leitura":"2 minutos"},"schema":{"@context":"https:\/\/schema.org","@graph":[{"@type":"WebPage","@id":"https:\/\/hsfamericana.com.br\/index.php\/dia-nacional-do-hospital-e-comemorado-em-2-de-julho\/","url":"https:\/\/hsfamericana.com.br\/index.php\/dia-nacional-do-hospital-e-comemorado-em-2-de-julho\/","name":"Dia Nacional do Hospital \u00e9 comemorado em 2 de Julho &#8226; Hospital S\u00e3o Francisco de Americana","isPartOf":{"@id":"https:\/\/hsfamericana.com.br\/#website"},"primaryImageOfPage":{"@id":"https:\/\/hsfamericana.com.br\/index.php\/dia-nacional-do-hospital-e-comemorado-em-2-de-julho\/#primaryimage"},"image":{"@id":"https:\/\/hsfamericana.com.br\/index.php\/dia-nacional-do-hospital-e-comemorado-em-2-de-julho\/#primaryimage"},"thumbnailUrl":"https:\/\/hsfamericana.com.br\/wp-content\/uploads\/2021\/06\/8526-Noticia-1.png","datePublished":"2021-07-01T08:05:20+00:00","dateModified":"2021-07-06T16:09:47+00:00","author":{"@id":"https:\/\/hsfamericana.com.br\/#\/schema\/person\/3b12fcdd81c4d645a927c9ba010d1551"},"breadcrumb":{"@id":"https:\/\/hsfamericana.com.br\/index.php\/dia-nacional-do-hospital-e-comemorado-em-2-de-julho\/#breadcrumb"},"inLanguage":"pt-BR","potentialAction":[{"@type":"ReadAction","target":["https:\/\/hsfamericana.com.br\/index.php\/dia-nacional-do-hospital-e-comemorado-em-2-de-julho\/"]}]},{"@type":"ImageObject","inLanguage":"pt-BR","@id":"https:\/\/hsfamericana.com.br\/index.php\/dia-nacional-do-hospital-e-comemorado-em-2-de-julho\/#primaryimage","url":"https:\/\/hsfamericana.com.br\/wp-content\/uploads\/2021\/06\/8526-Noticia-1.png","contentUrl":"https:\/\/hsfamericana.com.br\/wp-content\/uploads\/2021\/06\/8526-Noticia-1.png","width":900,"height":417},{"@type":"BreadcrumbList","@id":"https:\/\/hsfamericana.com.br\/index.php\/dia-nacional-do-hospital-e-comemorado-em-2-de-julho\/#breadcrumb","itemListElement":[{"@type":"ListItem","position":1,"name":"In\u00edcio","item":"https:\/\/hsfamericana.com.br\/"},{"@type":"ListItem","position":2,"name":"Dia Nacional do Hospital \u00e9 comemorado em 2 de Julho"}]},{"@type":"WebSite","@id":"https:\/\/hsfamericana.com.br\/#website","url":"https:\/\/hsfamericana.com.br\/","name":"Hospital S\u00e3o Francisco de Americana","description":"O mais completo da regi\u00e3o de Campinas","potentialAction":[{"@type":"SearchAction","target":{"@type":"EntryPoint","urlTemplate":"https:\/\/hsfamericana.com.br\/?s={search_term_string}"},"query-input":{"@type":"PropertyValueSpecification","valueRequired":true,"valueName":"search_term_string"}}],"inLanguage":"pt-BR"},{"@type":"Person","@id":"https:\/\/hsfamericana.com.br\/#\/schema\/person\/3b12fcdd81c4d645a927c9ba010d1551","name":"HSF Americana","image":{"@type":"ImageObject","inLanguage":"pt-BR","@id":"https:\/\/hsfamericana.com.br\/#\/schema\/person\/image\/","url":"https:\/\/secure.gravatar.com\/avatar\/5166f96d8390f878591229db68525bd3f5c9f157e02efd0ba33755d400e0b4f1?s=96&d=mm&r=g","contentUrl":"https:\/\/secure.gravatar.com\/avatar\/5166f96d8390f878591229db68525bd3f5c9f157e02efd0ba33755d400e0b4f1?s=96&d=mm&r=g","caption":"HSF Americana"},"sameAs":["https:\/\/www.hsfamericana.com.br"],"url":"https:\/\/hsfamericana.com.br\/index.php\/author\/nogueira\/"}]}},"_links":{"self":[{"href":"https:\/\/hsfamericana.com.br\/index.php\/wp-json\/wp\/v2\/posts\/3709","targetHints":{"allow":["GET"]}}],"collection":[{"href":"https:\/\/hsfamericana.com.br\/index.php\/wp-json\/wp\/v2\/posts"}],"about":[{"href":"https:\/\/hsfamericana.com.br\/index.php\/wp-json\/wp\/v2\/types\/post"}],"author":[{"embeddable":true,"href":"https:\/\/hsfamericana.com.br\/index.php\/wp-json\/wp\/v2\/users\/2"}],"replies":[{"embeddable":true,"href":"https:\/\/hsfamericana.com.br\/index.php\/wp-json\/wp\/v2\/comments?post=3709"}],"version-history":[{"count":2,"href":"https:\/\/hsfamericana.com.br\/index.php\/wp-json\/wp\/v2\/posts\/3709\/revisions"}],"predecessor-version":[{"id":3713,"href":"https:\/\/hsfamericana.com.br\/index.php\/wp-json\/wp\/v2\/posts\/3709\/revisions\/3713"}],"wp:featuredmedia":[{"embeddable":true,"href":"https:\/\/hsfamericana.com.br\/index.php\/wp-json\/wp\/v2\/media\/3711"}],"wp:attachment":[{"href":"https:\/\/hsfamericana.com.br\/index.php\/wp-json\/wp\/v2\/media?parent=3709"}],"wp:term":[{"taxonomy":"category","embeddable":true,"href":"https:\/\/hsfamericana.com.br\/index.php\/wp-json\/wp\/v2\/categories?post=3709"},{"taxonomy":"post_tag","embeddable":true,"href":"https:\/\/hsfamericana.com.br\/index.php\/wp-json\/wp\/v2\/tags?post=3709"}],"curies":[{"name":"wp","href":"https:\/\/api.w.org\/{rel}","templated":true}]}}