{"id":3997,"date":"2022-04-01T08:30:35","date_gmt":"2022-04-01T08:30:35","guid":{"rendered":"http:\/\/www.hsfamericana.com.br\/?p=3997"},"modified":"2022-03-30T12:23:47","modified_gmt":"2022-03-30T12:23:47","slug":"mes-da-conscientizacao-de-autismo-saiba-mais-sobre-essa-condicao-e-os-cuidados-necessarios","status":"publish","type":"post","link":"https:\/\/hsfamericana.com.br\/index.php\/mes-da-conscientizacao-de-autismo-saiba-mais-sobre-essa-condicao-e-os-cuidados-necessarios\/","title":{"rendered":"M\u00eas da Conscientiza\u00e7\u00e3o de Autismo: Saiba mais sobre essa condi\u00e7\u00e3o e os cuidados necess\u00e1rios"},"content":{"rendered":"<p><img loading=\"lazy\" decoding=\"async\" class=\"alignleft size-full wp-image-3999\" src=\"https:\/\/www.hsfamericana.com.br\/wp-content\/uploads\/2022\/03\/81.2-Atualizacao-Abril.png\" alt=\"\" width=\"900\" height=\"417\" srcset=\"https:\/\/hsfamericana.com.br\/wp-content\/uploads\/2022\/03\/81.2-Atualizacao-Abril.png 900w, https:\/\/hsfamericana.com.br\/wp-content\/uploads\/2022\/03\/81.2-Atualizacao-Abril-768x355.png 768w\" sizes=\"auto, (max-width: 900px) 100vw, 900px\" \/>O Transtorno do Espectro Autista (TEA), mais conhecido como autismo, trata-se de uma condi\u00e7\u00e3o no neurodesenvolvimento, desde a forma\u00e7\u00e3o do beb\u00ea na gesta\u00e7\u00e3o. Pode ser identificado na primeira inf\u00e2ncia, entre dois a tr\u00eas anos de idade, ou posteriormente durante a vida adulta.<\/p>\n<p>No entanto, \u00e9 preciso deixar claro que o autismo n\u00e3o pode ser \u201ccontra\u00eddo\u201d ou desenvolvido durante a vida. O autista j\u00e1 nasce com essa condi\u00e7\u00e3o, mesmo com o diagn\u00f3stico tardio.<\/p>\n<p>Por se tratar de uma caracter\u00edstica f\u00edsica no desenvolvimento cerebral, o autismo n\u00e3o tem cura e n\u00e3o pode ser considerado uma doen\u00e7a. Ele interfere, principalmente, na forma como os indiv\u00edduos nessas condi\u00e7\u00f5es enxergam e se relacionam com o mundo e em sua intera\u00e7\u00e3o com as pessoas ao seu redor<\/p>\n<p><strong>Como identificar o autismo na inf\u00e2ncia?<\/strong><\/p>\n<ul>\n<li>&#8211; A crian\u00e7a pode parecer surda, n\u00e3o respondendo ao seu chamado ou n\u00e3o reconhecendo o pr\u00f3prio nome.<\/li>\n<li>&#8211; Quando beb\u00eas, n\u00e3o buscam o olhar da m\u00e3e durante a amamenta\u00e7\u00e3o.<\/li>\n<li>&#8211; N\u00e3o demonstram perceber a diferen\u00e7a entre o colo dos pais e o colo de desconhecidos.<\/li>\n<li>&#8211; N\u00e3o respondem a brincadeiras de adultos e at\u00e9 de outras crian\u00e7as.<\/li>\n<li>&#8211; Pouca intera\u00e7\u00e3o social.<\/li>\n<li>&#8211; N\u00e3o apontam, nem d\u00e3o \u201ctchauzinho\u201d ou \u201cbeijinho\u201d, al\u00e9m de conduzir a m\u00e3o de um adulto para aquilo que quer mostrar.<\/li>\n<li>&#8211; N\u00e3o compreendem a diferen\u00e7a entre brincadeira e realidade.<\/li>\n<li>&#8211; Frequentemente est\u00e3o agitando as m\u00e3os, a cabe\u00e7a ou o tronco.<\/li>\n<li>&#8211; Atraso para aprender a engatinhar e andar, al\u00e9m de andar na ponta dos p\u00e9s.<\/li>\n<li>&#8211; Atraso na fala ou repeti\u00e7\u00e3o de palavras fora de contexto.<\/li>\n<li>&#8211; N\u00e3o demonstram dor ou choram quando caem.<\/li>\n<li>&#8211; Tem apego exagerado a determinados objetos.<\/li>\n<li>&#8211; N\u00e3o gostam de sair da rotina.<\/li>\n<li>&#8211; Incomodam-se exageradamente com est\u00edmulos como: sons, texturas e luzes.<\/li>\n<\/ul>\n<p><strong>Como identificar o autismo na fase adulta?<\/strong><\/p>\n<p>O diagn\u00f3stico do TEA na fase adulta tem crescido a cada ano. Isso n\u00e3o significa um aumento no n\u00famero de casos, j\u00e1 que o autismo n\u00e3o pode ser contra\u00eddo, e sim, um aumento no reconhecimento do espectro em idade mais avan\u00e7ada, em casos que podem ter sido negligenciados na inf\u00e2ncia.<\/p>\n<p>Nesses casos, as crian\u00e7as e adolescentes enfrentam o autismo de n\u00edvel 1, onde conseguem levar vidas \u201cnormais\u201d, mas as dificuldades em interagir e socializar se tornam evidentes quando chegam \u00e0 idade adulta. Algumas formas de identificar s\u00e3o:<\/p>\n<ul>\n<li>&#8211; O obst\u00e1culo na comunica\u00e7\u00e3o o impede de identificar sarcasmos, ironias, brincadeiras, etc.<\/li>\n<li>&#8211; Possui dificuldade de demonstrar ou receber carinhos e afetos.<\/li>\n<li>&#8211; Muitas vezes apresenta pouca empatia aos pr\u00f3ximos, pois n\u00e3o consegue interpretar com facilidade os sentimentos alheios. Dessa forma, consequentemente, tem mais dificuldade de lidar com seus pr\u00f3prios sentimentos e com os das pessoas ao seu redor.<\/li>\n<li>&#8211; Prefere trabalhar sozinho que em equipe.<\/li>\n<li>&#8211; Sua forma de comunica\u00e7\u00e3o \u00e9 direta, o que o leva a ser conhecido como uma pessoa sincera al\u00e9m da conta.<\/li>\n<\/ul>\n<p><strong>Como tratar?<\/strong><\/p>\n<p>Apesar de n\u00e3o ter cura, existem tratamentos feitos por especialistas que ajudam a crian\u00e7a, adolescente ou adulto a lidarem melhor com as situa\u00e7\u00f5es, melhorando sua socializa\u00e7\u00e3o e sua qualidade de vida. Para isso, \u00e9 imprescind\u00edvel que um neurologista avalie o paciente, para ent\u00e3o diagnostic\u00e1-lo ou n\u00e3o com autismo.<\/p>\n<p>Sendo confirmado, o autista inicia o tratamento com uma equipe multidisciplinar, envolvendo terapia, medica\u00e7\u00e3o adequada, alimenta\u00e7\u00e3o saud\u00e1vel, sess\u00f5es de fonoaudiologia para melhora da fala e comunica\u00e7\u00e3o, etc.<\/p>\n<p>Existem diversas formas de terapia para auxiliar o desenvolvimento das crian\u00e7as e adolescentes, como por exemplo, a psicoterapia, a musicoterapia, equoterapia e muito mais. O acompanhamento com um m\u00e9dico especialista vai orientar qual o mais indicado para cada pessoa.<\/p>\n<p>Se voc\u00ea, seu filho ou algu\u00e9m ao seu redor se identificar com algum dos sintomas de autismo, procure um neurologista para o diagn\u00f3stico e tratamento. O autismo e nenhuma outra doen\u00e7a neurol\u00f3gica, jamais deve ser diagnosticada por conta pr\u00f3pria!<\/p>\n<p><strong>Fonte: <\/strong>HSF<\/p>\n","protected":false},"excerpt":{"rendered":"<p>O Transtorno do Espectro Autista (TEA), mais conhecido como autismo, trata-se de uma condi\u00e7\u00e3o no neurodesenvolvimento, desde a forma\u00e7\u00e3o do beb\u00ea na gesta\u00e7\u00e3o. Pode ser identificado na primeira inf\u00e2ncia, entre dois a tr\u00eas anos de idade, ou posteriormente durante a vida adulta. No entanto, \u00e9 preciso deixar claro que o autismo n\u00e3o pode ser \u201ccontra\u00eddo\u201d [&hellip;]<\/p>\n","protected":false},"author":2,"featured_media":3999,"comment_status":"open","ping_status":"open","sticky":false,"template":"","format":"standard","meta":{"_acf_changed":false,"footnotes":""},"categories":[4],"tags":[214,215,50,24,37,23,62,28,123,27,102,216,217],"class_list":["post-3997","post","type-post","status-publish","format-standard","has-post-thumbnail","hentry","category-noticias","tag-autismo","tag-cuidados-necessarios","tag-hospital","tag-hospital-sao-francisco","tag-hsf","tag-hsf-americana","tag-humanizacao","tag-prevencao","tag-qualidade-de-vida","tag-saude","tag-saude-mental","tag-tea","tag-transtorno-do-espectro-autista"],"acf":[],"yoast_head":"<!-- This site is optimized with the Yoast SEO plugin v25.2 - https:\/\/yoast.com\/wordpress\/plugins\/seo\/ -->\n<title>M\u00eas da Conscientiza\u00e7\u00e3o de Autismo: Saiba mais sobre essa condi\u00e7\u00e3o e os cuidados necess\u00e1rios &#8226; Hospital S\u00e3o Francisco de Americana<\/title>\n<meta name=\"robots\" content=\"index, follow, max-snippet:-1, max-image-preview:large, max-video-preview:-1\" \/>\n<link rel=\"canonical\" href=\"https:\/\/hsfamericana.com.br\/index.php\/mes-da-conscientizacao-de-autismo-saiba-mais-sobre-essa-condicao-e-os-cuidados-necessarios\/\" \/>\n<meta property=\"og:locale\" content=\"pt_BR\" \/>\n<meta property=\"og:type\" content=\"article\" \/>\n<meta property=\"og:title\" content=\"M\u00eas da Conscientiza\u00e7\u00e3o de Autismo: Saiba mais sobre essa condi\u00e7\u00e3o e os cuidados necess\u00e1rios &#8226; Hospital S\u00e3o Francisco de Americana\" \/>\n<meta property=\"og:description\" content=\"O Transtorno do Espectro Autista (TEA), mais conhecido como autismo, trata-se de uma condi\u00e7\u00e3o no neurodesenvolvimento, desde a forma\u00e7\u00e3o do beb\u00ea na gesta\u00e7\u00e3o. Pode ser identificado na primeira inf\u00e2ncia, entre dois a tr\u00eas anos de idade, ou posteriormente durante a vida adulta. No entanto, \u00e9 preciso deixar claro que o autismo n\u00e3o pode ser \u201ccontra\u00eddo\u201d [&hellip;]\" \/>\n<meta property=\"og:url\" content=\"https:\/\/hsfamericana.com.br\/index.php\/mes-da-conscientizacao-de-autismo-saiba-mais-sobre-essa-condicao-e-os-cuidados-necessarios\/\" \/>\n<meta property=\"og:site_name\" content=\"Hospital S\u00e3o Francisco de Americana\" \/>\n<meta property=\"article:published_time\" content=\"2022-04-01T08:30:35+00:00\" \/>\n<meta property=\"og:image\" content=\"https:\/\/hsfamericana.com.br\/wp-content\/uploads\/2022\/03\/81.2-Atualizacao-Abril.png\" \/>\n\t<meta property=\"og:image:width\" content=\"900\" \/>\n\t<meta property=\"og:image:height\" content=\"417\" \/>\n\t<meta property=\"og:image:type\" content=\"image\/png\" \/>\n<meta name=\"author\" content=\"HSF Americana\" \/>\n<meta name=\"twitter:label1\" content=\"Escrito por\" \/>\n\t<meta name=\"twitter:data1\" content=\"HSF Americana\" \/>\n\t<meta name=\"twitter:label2\" content=\"Est. tempo de leitura\" \/>\n\t<meta name=\"twitter:data2\" content=\"4 minutos\" \/>\n<script type=\"application\/ld+json\" class=\"yoast-schema-graph\">{\"@context\":\"https:\/\/schema.org\",\"@graph\":[{\"@type\":\"WebPage\",\"@id\":\"https:\/\/hsfamericana.com.br\/index.php\/mes-da-conscientizacao-de-autismo-saiba-mais-sobre-essa-condicao-e-os-cuidados-necessarios\/\",\"url\":\"https:\/\/hsfamericana.com.br\/index.php\/mes-da-conscientizacao-de-autismo-saiba-mais-sobre-essa-condicao-e-os-cuidados-necessarios\/\",\"name\":\"M\u00eas da Conscientiza\u00e7\u00e3o de Autismo: Saiba mais sobre essa condi\u00e7\u00e3o e os cuidados necess\u00e1rios &#8226; Hospital S\u00e3o Francisco de Americana\",\"isPartOf\":{\"@id\":\"https:\/\/hsfamericana.com.br\/#website\"},\"primaryImageOfPage\":{\"@id\":\"https:\/\/hsfamericana.com.br\/index.php\/mes-da-conscientizacao-de-autismo-saiba-mais-sobre-essa-condicao-e-os-cuidados-necessarios\/#primaryimage\"},\"image\":{\"@id\":\"https:\/\/hsfamericana.com.br\/index.php\/mes-da-conscientizacao-de-autismo-saiba-mais-sobre-essa-condicao-e-os-cuidados-necessarios\/#primaryimage\"},\"thumbnailUrl\":\"https:\/\/hsfamericana.com.br\/wp-content\/uploads\/2022\/03\/81.2-Atualizacao-Abril.png\",\"datePublished\":\"2022-04-01T08:30:35+00:00\",\"author\":{\"@id\":\"https:\/\/hsfamericana.com.br\/#\/schema\/person\/3b12fcdd81c4d645a927c9ba010d1551\"},\"breadcrumb\":{\"@id\":\"https:\/\/hsfamericana.com.br\/index.php\/mes-da-conscientizacao-de-autismo-saiba-mais-sobre-essa-condicao-e-os-cuidados-necessarios\/#breadcrumb\"},\"inLanguage\":\"pt-BR\",\"potentialAction\":[{\"@type\":\"ReadAction\",\"target\":[\"https:\/\/hsfamericana.com.br\/index.php\/mes-da-conscientizacao-de-autismo-saiba-mais-sobre-essa-condicao-e-os-cuidados-necessarios\/\"]}]},{\"@type\":\"ImageObject\",\"inLanguage\":\"pt-BR\",\"@id\":\"https:\/\/hsfamericana.com.br\/index.php\/mes-da-conscientizacao-de-autismo-saiba-mais-sobre-essa-condicao-e-os-cuidados-necessarios\/#primaryimage\",\"url\":\"https:\/\/hsfamericana.com.br\/wp-content\/uploads\/2022\/03\/81.2-Atualizacao-Abril.png\",\"contentUrl\":\"https:\/\/hsfamericana.com.br\/wp-content\/uploads\/2022\/03\/81.2-Atualizacao-Abril.png\",\"width\":900,\"height\":417},{\"@type\":\"BreadcrumbList\",\"@id\":\"https:\/\/hsfamericana.com.br\/index.php\/mes-da-conscientizacao-de-autismo-saiba-mais-sobre-essa-condicao-e-os-cuidados-necessarios\/#breadcrumb\",\"itemListElement\":[{\"@type\":\"ListItem\",\"position\":1,\"name\":\"In\u00edcio\",\"item\":\"https:\/\/hsfamericana.com.br\/\"},{\"@type\":\"ListItem\",\"position\":2,\"name\":\"M\u00eas da Conscientiza\u00e7\u00e3o de Autismo: Saiba mais sobre essa condi\u00e7\u00e3o e os cuidados necess\u00e1rios\"}]},{\"@type\":\"WebSite\",\"@id\":\"https:\/\/hsfamericana.com.br\/#website\",\"url\":\"https:\/\/hsfamericana.com.br\/\",\"name\":\"Hospital S\u00e3o Francisco de Americana\",\"description\":\"O mais completo da regi\u00e3o de Campinas\",\"potentialAction\":[{\"@type\":\"SearchAction\",\"target\":{\"@type\":\"EntryPoint\",\"urlTemplate\":\"https:\/\/hsfamericana.com.br\/?s={search_term_string}\"},\"query-input\":{\"@type\":\"PropertyValueSpecification\",\"valueRequired\":true,\"valueName\":\"search_term_string\"}}],\"inLanguage\":\"pt-BR\"},{\"@type\":\"Person\",\"@id\":\"https:\/\/hsfamericana.com.br\/#\/schema\/person\/3b12fcdd81c4d645a927c9ba010d1551\",\"name\":\"HSF Americana\",\"image\":{\"@type\":\"ImageObject\",\"inLanguage\":\"pt-BR\",\"@id\":\"https:\/\/hsfamericana.com.br\/#\/schema\/person\/image\/\",\"url\":\"https:\/\/secure.gravatar.com\/avatar\/5166f96d8390f878591229db68525bd3f5c9f157e02efd0ba33755d400e0b4f1?s=96&d=mm&r=g\",\"contentUrl\":\"https:\/\/secure.gravatar.com\/avatar\/5166f96d8390f878591229db68525bd3f5c9f157e02efd0ba33755d400e0b4f1?s=96&d=mm&r=g\",\"caption\":\"HSF Americana\"},\"sameAs\":[\"https:\/\/www.hsfamericana.com.br\"],\"url\":\"https:\/\/hsfamericana.com.br\/index.php\/author\/nogueira\/\"}]}<\/script>\n<!-- \/ Yoast SEO plugin. -->","yoast_head_json":{"title":"M\u00eas da Conscientiza\u00e7\u00e3o de Autismo: Saiba mais sobre essa condi\u00e7\u00e3o e os cuidados necess\u00e1rios &#8226; Hospital S\u00e3o Francisco de Americana","robots":{"index":"index","follow":"follow","max-snippet":"max-snippet:-1","max-image-preview":"max-image-preview:large","max-video-preview":"max-video-preview:-1"},"canonical":"https:\/\/hsfamericana.com.br\/index.php\/mes-da-conscientizacao-de-autismo-saiba-mais-sobre-essa-condicao-e-os-cuidados-necessarios\/","og_locale":"pt_BR","og_type":"article","og_title":"M\u00eas da Conscientiza\u00e7\u00e3o de Autismo: Saiba mais sobre essa condi\u00e7\u00e3o e os cuidados necess\u00e1rios &#8226; Hospital S\u00e3o Francisco de Americana","og_description":"O Transtorno do Espectro Autista (TEA), mais conhecido como autismo, trata-se de uma condi\u00e7\u00e3o no neurodesenvolvimento, desde a forma\u00e7\u00e3o do beb\u00ea na gesta\u00e7\u00e3o. Pode ser identificado na primeira inf\u00e2ncia, entre dois a tr\u00eas anos de idade, ou posteriormente durante a vida adulta. No entanto, \u00e9 preciso deixar claro que o autismo n\u00e3o pode ser \u201ccontra\u00eddo\u201d [&hellip;]","og_url":"https:\/\/hsfamericana.com.br\/index.php\/mes-da-conscientizacao-de-autismo-saiba-mais-sobre-essa-condicao-e-os-cuidados-necessarios\/","og_site_name":"Hospital S\u00e3o Francisco de Americana","article_published_time":"2022-04-01T08:30:35+00:00","og_image":[{"width":900,"height":417,"url":"https:\/\/hsfamericana.com.br\/wp-content\/uploads\/2022\/03\/81.2-Atualizacao-Abril.png","type":"image\/png"}],"author":"HSF Americana","twitter_misc":{"Escrito por":"HSF Americana","Est. tempo de leitura":"4 minutos"},"schema":{"@context":"https:\/\/schema.org","@graph":[{"@type":"WebPage","@id":"https:\/\/hsfamericana.com.br\/index.php\/mes-da-conscientizacao-de-autismo-saiba-mais-sobre-essa-condicao-e-os-cuidados-necessarios\/","url":"https:\/\/hsfamericana.com.br\/index.php\/mes-da-conscientizacao-de-autismo-saiba-mais-sobre-essa-condicao-e-os-cuidados-necessarios\/","name":"M\u00eas da Conscientiza\u00e7\u00e3o de Autismo: Saiba mais sobre essa condi\u00e7\u00e3o e os cuidados necess\u00e1rios &#8226; Hospital S\u00e3o Francisco de Americana","isPartOf":{"@id":"https:\/\/hsfamericana.com.br\/#website"},"primaryImageOfPage":{"@id":"https:\/\/hsfamericana.com.br\/index.php\/mes-da-conscientizacao-de-autismo-saiba-mais-sobre-essa-condicao-e-os-cuidados-necessarios\/#primaryimage"},"image":{"@id":"https:\/\/hsfamericana.com.br\/index.php\/mes-da-conscientizacao-de-autismo-saiba-mais-sobre-essa-condicao-e-os-cuidados-necessarios\/#primaryimage"},"thumbnailUrl":"https:\/\/hsfamericana.com.br\/wp-content\/uploads\/2022\/03\/81.2-Atualizacao-Abril.png","datePublished":"2022-04-01T08:30:35+00:00","author":{"@id":"https:\/\/hsfamericana.com.br\/#\/schema\/person\/3b12fcdd81c4d645a927c9ba010d1551"},"breadcrumb":{"@id":"https:\/\/hsfamericana.com.br\/index.php\/mes-da-conscientizacao-de-autismo-saiba-mais-sobre-essa-condicao-e-os-cuidados-necessarios\/#breadcrumb"},"inLanguage":"pt-BR","potentialAction":[{"@type":"ReadAction","target":["https:\/\/hsfamericana.com.br\/index.php\/mes-da-conscientizacao-de-autismo-saiba-mais-sobre-essa-condicao-e-os-cuidados-necessarios\/"]}]},{"@type":"ImageObject","inLanguage":"pt-BR","@id":"https:\/\/hsfamericana.com.br\/index.php\/mes-da-conscientizacao-de-autismo-saiba-mais-sobre-essa-condicao-e-os-cuidados-necessarios\/#primaryimage","url":"https:\/\/hsfamericana.com.br\/wp-content\/uploads\/2022\/03\/81.2-Atualizacao-Abril.png","contentUrl":"https:\/\/hsfamericana.com.br\/wp-content\/uploads\/2022\/03\/81.2-Atualizacao-Abril.png","width":900,"height":417},{"@type":"BreadcrumbList","@id":"https:\/\/hsfamericana.com.br\/index.php\/mes-da-conscientizacao-de-autismo-saiba-mais-sobre-essa-condicao-e-os-cuidados-necessarios\/#breadcrumb","itemListElement":[{"@type":"ListItem","position":1,"name":"In\u00edcio","item":"https:\/\/hsfamericana.com.br\/"},{"@type":"ListItem","position":2,"name":"M\u00eas da Conscientiza\u00e7\u00e3o de Autismo: Saiba mais sobre essa condi\u00e7\u00e3o e os cuidados necess\u00e1rios"}]},{"@type":"WebSite","@id":"https:\/\/hsfamericana.com.br\/#website","url":"https:\/\/hsfamericana.com.br\/","name":"Hospital S\u00e3o Francisco de Americana","description":"O mais completo da regi\u00e3o de Campinas","potentialAction":[{"@type":"SearchAction","target":{"@type":"EntryPoint","urlTemplate":"https:\/\/hsfamericana.com.br\/?s={search_term_string}"},"query-input":{"@type":"PropertyValueSpecification","valueRequired":true,"valueName":"search_term_string"}}],"inLanguage":"pt-BR"},{"@type":"Person","@id":"https:\/\/hsfamericana.com.br\/#\/schema\/person\/3b12fcdd81c4d645a927c9ba010d1551","name":"HSF Americana","image":{"@type":"ImageObject","inLanguage":"pt-BR","@id":"https:\/\/hsfamericana.com.br\/#\/schema\/person\/image\/","url":"https:\/\/secure.gravatar.com\/avatar\/5166f96d8390f878591229db68525bd3f5c9f157e02efd0ba33755d400e0b4f1?s=96&d=mm&r=g","contentUrl":"https:\/\/secure.gravatar.com\/avatar\/5166f96d8390f878591229db68525bd3f5c9f157e02efd0ba33755d400e0b4f1?s=96&d=mm&r=g","caption":"HSF Americana"},"sameAs":["https:\/\/www.hsfamericana.com.br"],"url":"https:\/\/hsfamericana.com.br\/index.php\/author\/nogueira\/"}]}},"_links":{"self":[{"href":"https:\/\/hsfamericana.com.br\/index.php\/wp-json\/wp\/v2\/posts\/3997","targetHints":{"allow":["GET"]}}],"collection":[{"href":"https:\/\/hsfamericana.com.br\/index.php\/wp-json\/wp\/v2\/posts"}],"about":[{"href":"https:\/\/hsfamericana.com.br\/index.php\/wp-json\/wp\/v2\/types\/post"}],"author":[{"embeddable":true,"href":"https:\/\/hsfamericana.com.br\/index.php\/wp-json\/wp\/v2\/users\/2"}],"replies":[{"embeddable":true,"href":"https:\/\/hsfamericana.com.br\/index.php\/wp-json\/wp\/v2\/comments?post=3997"}],"version-history":[{"count":4,"href":"https:\/\/hsfamericana.com.br\/index.php\/wp-json\/wp\/v2\/posts\/3997\/revisions"}],"predecessor-version":[{"id":4003,"href":"https:\/\/hsfamericana.com.br\/index.php\/wp-json\/wp\/v2\/posts\/3997\/revisions\/4003"}],"wp:featuredmedia":[{"embeddable":true,"href":"https:\/\/hsfamericana.com.br\/index.php\/wp-json\/wp\/v2\/media\/3999"}],"wp:attachment":[{"href":"https:\/\/hsfamericana.com.br\/index.php\/wp-json\/wp\/v2\/media?parent=3997"}],"wp:term":[{"taxonomy":"category","embeddable":true,"href":"https:\/\/hsfamericana.com.br\/index.php\/wp-json\/wp\/v2\/categories?post=3997"},{"taxonomy":"post_tag","embeddable":true,"href":"https:\/\/hsfamericana.com.br\/index.php\/wp-json\/wp\/v2\/tags?post=3997"}],"curies":[{"name":"wp","href":"https:\/\/api.w.org\/{rel}","templated":true}]}}