{"id":4040,"date":"2022-05-02T12:07:35","date_gmt":"2022-05-02T12:07:35","guid":{"rendered":"http:\/\/www.hsfamericana.com.br\/?p=4040"},"modified":"2022-05-02T12:08:42","modified_gmt":"2022-05-02T12:08:42","slug":"dia-mundial-do-lupus-conheca-a-doenca-e-suas-formas-de-tratamento","status":"publish","type":"post","link":"https:\/\/hsfamericana.com.br\/index.php\/dia-mundial-do-lupus-conheca-a-doenca-e-suas-formas-de-tratamento\/","title":{"rendered":"Dia Mundial do L\u00fapus: Conhe\u00e7a a doen\u00e7a e suas formas de tratamento"},"content":{"rendered":"<img loading=\"lazy\" decoding=\"async\" class=\"alignleft size-full wp-image-4043\" src=\"https:\/\/www.hsfamericana.com.br\/wp-content\/uploads\/2022\/05\/121.2-Atualizacao-Maio-1.png\" alt=\"\" width=\"900\" height=\"417\" srcset=\"https:\/\/hsfamericana.com.br\/wp-content\/uploads\/2022\/05\/121.2-Atualizacao-Maio-1.png 900w, https:\/\/hsfamericana.com.br\/wp-content\/uploads\/2022\/05\/121.2-Atualizacao-Maio-1-768x355.png 768w\" sizes=\"auto, (max-width: 900px) 100vw, 900px\" \/>\n<p>Maio \u00e9 o m\u00eas em que a Organiza\u00e7\u00e3o Mundial da Sa\u00fade (OMS) se mobiliza para conscientizar todo o mundo sobre o l\u00fapus eritematoso sist\u00eamico (LES) ou l\u00fapus, como \u00e9 popularmente conhecido. Por se tratar de uma doen\u00e7a que sua verdadeira causa \u00e9 desconhecida, muitas pessoas ainda n\u00e3o entendem sobre a doen\u00e7a e nem como preveni-la.<\/p>\n<p>O l\u00fapus \u00e9 uma doen\u00e7a autoimune, o que significa que ela \u00e9 um das mais de 100 doen\u00e7as que podem ser adquiridas com o mau funcionamento do sistema imunol\u00f3gico, que deixa de reconhecer bact\u00e9rias ruins e bact\u00e9rias saud\u00e1veis para o organismo, criando anticorpos de forma irregular e atacando os pr\u00f3prios tecidos. Isso leva \u00e0s inflama\u00e7\u00f5es e dores em \u00f3rg\u00e3os do corpo humano, como f\u00edgado, rins, cora\u00e7\u00e3o, c\u00e9rebro, peles, pulm\u00f5es, entre outros, necessitando at\u00e9 mesmo de transplantes nos casos mais graves.<\/p>\n<p>\u00c9 uma doen\u00e7a cr\u00f4nica, ou seja, n\u00e3o tem cura, mas pode ser controlada com um bom acompanhamento de um m\u00e9dico reumatologista. O tratamento varia das condi\u00e7\u00f5es de cada paciente, mas todos fazem uso de medicamentos imunossupressores, sob prescri\u00e7\u00e3o m\u00e9dica, o que deixa a imunidade mais baixa, por isso, precisam estar atentos para n\u00e3o se infeccionarem com outras doen\u00e7as, como por exemplo, a Covid-19.<\/p>\n<p>Os medicamentos utilizados para controle do l\u00fapus geralmente s\u00e3o corticoides, cloroquina e anti-inflamat\u00f3rios, e em casos mais graves podem ser receitados ciclofosfamida, micofenolato de mofetila, azatioprina e corticoides em doses mais altas.<\/p>\n<h3>\u00a0<\/h3>\n<h3><strong>Sintomas e diagn\u00f3sticos<\/strong><\/h3>\n<p>Existem dois tipos principais do l\u00fapus: o primeiro \u00e9 o l\u00fapus cut\u00e2neo, que se manifesta na pele com manchas avermelhadas ou eritematosas em \u00e1reas que ficam mais expostas ao sol; e o segundo \u00e9 o eritematoso sist\u00eamico, que afeta \u00f3rg\u00e3os internos.<\/p>\n<p>S\u00e3o muitos os sintomas de um paciente com l\u00fapus:<\/p>\n<ul>\n<li>&#8211; Les\u00f5es avermelhadas na pele das ma\u00e7\u00e3s do rosto e dorso do nariz.<\/li>\n<li>&#8211; Dor e incha\u00e7o nas articula\u00e7\u00f5es, principalmente nas m\u00e3os.<\/li>\n<li>&#8211; Inflama\u00e7\u00e3o membranas que recobrem o pulm\u00e3o e cora\u00e7\u00e3o.<\/li>\n<li>&#8211; Inflama\u00e7\u00e3o no rim.<\/li>\n<li>&#8211; Altera\u00e7\u00f5es no sangue como diminui\u00e7\u00e3o de gl\u00f3bulos vermelhos (anemia), gl\u00f3bulos brancos (leucopenia), dos linf\u00f3citos (linfopenia) ou de plaquetas (plaquetopenia).<\/li>\n<li>&#8211; Inflama\u00e7\u00f5es no c\u00e9rebro, causando convuls\u00f5es, altera\u00e7\u00f5es do comportamento (psicose) ou do n\u00edvel de consci\u00eancia e at\u00e9 queixas sugestivas de comprometimento de nervos perif\u00e9ricos.<\/li>\n<li>&#8211; Inflama\u00e7\u00f5es de pequenos vasos (vasculites) podem causar les\u00f5es avermelhadas e dolorosas em palma de m\u00e3os, planta de p\u00e9s, no c\u00e9u da boca ou em membros.<\/li>\n<li>&#8211; Queixas de febre sem infec\u00e7\u00e3o, emagrecimento e fraqueza s\u00e3o comuns quando a doen\u00e7a est\u00e1 ativa.<\/li>\n<li>&#8211; Al\u00e9m de manifesta\u00e7\u00f5es nos olhos, aumento do f\u00edgado, ba\u00e7o e g\u00e2nglio, que podem ocorrer tamb\u00e9m quando a doen\u00e7a est\u00e1 em fase ativa.<\/li>\n<\/ul>\n<p>Para o diagn\u00f3stico e tratamento correto, \u00e9 essencial que o paciente procure um especialista reumatologista caso apresente algum dos sinais acima, ou sintomas cl\u00ednicos como, fadiga, perda de apetite, febre baixa, queda de cabelo e emagrecimento repentino. Assim, o m\u00e9dico far\u00e1 uma an\u00e1lise precisa al\u00e9m de exames de sangue para verificar sua dosagem de anticorpos.<\/p>\n<h3>\u00a0<\/h3>\n<h3><strong>Preven\u00e7\u00e3o<\/strong><\/h3>\n<p>Como ainda n\u00e3o \u00e9 conhecida as reais causas da doen\u00e7a, n\u00e3o existe uma maneira 100% eficaz de evita-la, mas existem muitas formas de preven\u00e7\u00e3o b\u00e1sicas para manter a sua sa\u00fade e diminuir as chances de contrair o l\u00fapus:<\/p>\n<ul>\n<li>&#8211; Evite o sol em excesso sem a prote\u00e7\u00e3o solar e qualquer radia\u00e7\u00e3o ultravioleta<\/li>\n<li>&#8211; Trate infec\u00e7\u00f5es no in\u00edcio<\/li>\n<li>&#8211; Evite uso de estr\u00f3genos e drogas<\/li>\n<li>&#8211; Tenha uma alimenta\u00e7\u00e3o saud\u00e1vel<\/li>\n<li>&#8211; Fa\u00e7a exames regularmente<\/li>\n<\/ul>\n<p>Se voc\u00ea j\u00e1 contraiu a doen\u00e7a, evite engravidar durante o per\u00edodo ativo do l\u00fapus, al\u00e9m de evitar o estresse ao m\u00e1ximo.<\/p>\n<p>Cuide da sua sa\u00fade e proteja sua vida. Se sentir qualquer sintoma semelhante, procure imediatamente um especialista!<\/p>\n<p><strong>Fonte: <\/strong>HSF<\/p>\n","protected":false},"excerpt":{"rendered":"<p>Maio \u00e9 o m\u00eas em que a Organiza\u00e7\u00e3o Mundial da Sa\u00fade (OMS) se mobiliza para conscientizar todo o mundo sobre o l\u00fapus eritematoso sist\u00eamico (LES) ou l\u00fapus, como \u00e9 popularmente conhecido. Por se tratar de uma doen\u00e7a que sua verdadeira causa \u00e9 desconhecida, muitas pessoas ainda n\u00e3o entendem sobre a doen\u00e7a e nem como preveni-la. [&hellip;]<\/p>\n","protected":false},"author":2,"featured_media":4042,"comment_status":"open","ping_status":"open","sticky":false,"template":"","format":"standard","meta":{"_acf_changed":false,"footnotes":""},"categories":[4],"tags":[221,51,24,200,37,23,135,220,219,218],"class_list":["post-4040","post","type-post","status-publish","format-standard","has-post-thumbnail","hentry","category-noticias","tag-atendimento-medico-lupus","tag-doencas","tag-hospital-sao-francisco","tag-hospital-sao-francisco-americana","tag-hsf","tag-hsf-americana","tag-lupus","tag-lupus-prevencao","tag-lupus-sintomas","tag-lupus-tratamento"],"acf":[],"yoast_head":"<!-- This site is optimized with the Yoast SEO plugin v25.2 - https:\/\/yoast.com\/wordpress\/plugins\/seo\/ -->\n<title>Dia Mundial do L\u00fapus: Conhe\u00e7a a doen\u00e7a e suas formas de tratamento &#8226; Hospital S\u00e3o Francisco de Americana<\/title>\n<meta name=\"robots\" content=\"index, follow, max-snippet:-1, max-image-preview:large, max-video-preview:-1\" \/>\n<link rel=\"canonical\" href=\"https:\/\/hsfamericana.com.br\/index.php\/dia-mundial-do-lupus-conheca-a-doenca-e-suas-formas-de-tratamento\/\" \/>\n<meta property=\"og:locale\" content=\"pt_BR\" \/>\n<meta property=\"og:type\" content=\"article\" \/>\n<meta property=\"og:title\" content=\"Dia Mundial do L\u00fapus: Conhe\u00e7a a doen\u00e7a e suas formas de tratamento &#8226; Hospital S\u00e3o Francisco de Americana\" \/>\n<meta property=\"og:description\" content=\"Maio \u00e9 o m\u00eas em que a Organiza\u00e7\u00e3o Mundial da Sa\u00fade (OMS) se mobiliza para conscientizar todo o mundo sobre o l\u00fapus eritematoso sist\u00eamico (LES) ou l\u00fapus, como \u00e9 popularmente conhecido. Por se tratar de uma doen\u00e7a que sua verdadeira causa \u00e9 desconhecida, muitas pessoas ainda n\u00e3o entendem sobre a doen\u00e7a e nem como preveni-la. [&hellip;]\" \/>\n<meta property=\"og:url\" content=\"https:\/\/hsfamericana.com.br\/index.php\/dia-mundial-do-lupus-conheca-a-doenca-e-suas-formas-de-tratamento\/\" \/>\n<meta property=\"og:site_name\" content=\"Hospital S\u00e3o Francisco de Americana\" \/>\n<meta property=\"article:published_time\" content=\"2022-05-02T12:07:35+00:00\" \/>\n<meta property=\"article:modified_time\" content=\"2022-05-02T12:08:42+00:00\" \/>\n<meta property=\"og:image\" content=\"https:\/\/hsfamericana.com.br\/wp-content\/uploads\/2022\/05\/121.2-Atualizacao-Maio.png\" \/>\n\t<meta property=\"og:image:width\" content=\"900\" \/>\n\t<meta property=\"og:image:height\" content=\"417\" \/>\n\t<meta property=\"og:image:type\" content=\"image\/png\" \/>\n<meta name=\"author\" content=\"HSF Americana\" \/>\n<meta name=\"twitter:label1\" content=\"Escrito por\" \/>\n\t<meta name=\"twitter:data1\" content=\"HSF Americana\" \/>\n\t<meta name=\"twitter:label2\" content=\"Est. tempo de leitura\" \/>\n\t<meta name=\"twitter:data2\" content=\"3 minutos\" \/>\n<script type=\"application\/ld+json\" class=\"yoast-schema-graph\">{\"@context\":\"https:\/\/schema.org\",\"@graph\":[{\"@type\":\"WebPage\",\"@id\":\"https:\/\/hsfamericana.com.br\/index.php\/dia-mundial-do-lupus-conheca-a-doenca-e-suas-formas-de-tratamento\/\",\"url\":\"https:\/\/hsfamericana.com.br\/index.php\/dia-mundial-do-lupus-conheca-a-doenca-e-suas-formas-de-tratamento\/\",\"name\":\"Dia Mundial do L\u00fapus: Conhe\u00e7a a doen\u00e7a e suas formas de tratamento &#8226; Hospital S\u00e3o Francisco de Americana\",\"isPartOf\":{\"@id\":\"https:\/\/hsfamericana.com.br\/#website\"},\"primaryImageOfPage\":{\"@id\":\"https:\/\/hsfamericana.com.br\/index.php\/dia-mundial-do-lupus-conheca-a-doenca-e-suas-formas-de-tratamento\/#primaryimage\"},\"image\":{\"@id\":\"https:\/\/hsfamericana.com.br\/index.php\/dia-mundial-do-lupus-conheca-a-doenca-e-suas-formas-de-tratamento\/#primaryimage\"},\"thumbnailUrl\":\"https:\/\/hsfamericana.com.br\/wp-content\/uploads\/2022\/05\/121.2-Atualizacao-Maio.png\",\"datePublished\":\"2022-05-02T12:07:35+00:00\",\"dateModified\":\"2022-05-02T12:08:42+00:00\",\"author\":{\"@id\":\"https:\/\/hsfamericana.com.br\/#\/schema\/person\/3b12fcdd81c4d645a927c9ba010d1551\"},\"breadcrumb\":{\"@id\":\"https:\/\/hsfamericana.com.br\/index.php\/dia-mundial-do-lupus-conheca-a-doenca-e-suas-formas-de-tratamento\/#breadcrumb\"},\"inLanguage\":\"pt-BR\",\"potentialAction\":[{\"@type\":\"ReadAction\",\"target\":[\"https:\/\/hsfamericana.com.br\/index.php\/dia-mundial-do-lupus-conheca-a-doenca-e-suas-formas-de-tratamento\/\"]}]},{\"@type\":\"ImageObject\",\"inLanguage\":\"pt-BR\",\"@id\":\"https:\/\/hsfamericana.com.br\/index.php\/dia-mundial-do-lupus-conheca-a-doenca-e-suas-formas-de-tratamento\/#primaryimage\",\"url\":\"https:\/\/hsfamericana.com.br\/wp-content\/uploads\/2022\/05\/121.2-Atualizacao-Maio.png\",\"contentUrl\":\"https:\/\/hsfamericana.com.br\/wp-content\/uploads\/2022\/05\/121.2-Atualizacao-Maio.png\",\"width\":900,\"height\":417},{\"@type\":\"BreadcrumbList\",\"@id\":\"https:\/\/hsfamericana.com.br\/index.php\/dia-mundial-do-lupus-conheca-a-doenca-e-suas-formas-de-tratamento\/#breadcrumb\",\"itemListElement\":[{\"@type\":\"ListItem\",\"position\":1,\"name\":\"In\u00edcio\",\"item\":\"https:\/\/hsfamericana.com.br\/\"},{\"@type\":\"ListItem\",\"position\":2,\"name\":\"Dia Mundial do L\u00fapus: Conhe\u00e7a a doen\u00e7a e suas formas de tratamento\"}]},{\"@type\":\"WebSite\",\"@id\":\"https:\/\/hsfamericana.com.br\/#website\",\"url\":\"https:\/\/hsfamericana.com.br\/\",\"name\":\"Hospital S\u00e3o Francisco de Americana\",\"description\":\"O mais completo da regi\u00e3o de Campinas\",\"potentialAction\":[{\"@type\":\"SearchAction\",\"target\":{\"@type\":\"EntryPoint\",\"urlTemplate\":\"https:\/\/hsfamericana.com.br\/?s={search_term_string}\"},\"query-input\":{\"@type\":\"PropertyValueSpecification\",\"valueRequired\":true,\"valueName\":\"search_term_string\"}}],\"inLanguage\":\"pt-BR\"},{\"@type\":\"Person\",\"@id\":\"https:\/\/hsfamericana.com.br\/#\/schema\/person\/3b12fcdd81c4d645a927c9ba010d1551\",\"name\":\"HSF Americana\",\"image\":{\"@type\":\"ImageObject\",\"inLanguage\":\"pt-BR\",\"@id\":\"https:\/\/hsfamericana.com.br\/#\/schema\/person\/image\/\",\"url\":\"https:\/\/secure.gravatar.com\/avatar\/5166f96d8390f878591229db68525bd3f5c9f157e02efd0ba33755d400e0b4f1?s=96&d=mm&r=g\",\"contentUrl\":\"https:\/\/secure.gravatar.com\/avatar\/5166f96d8390f878591229db68525bd3f5c9f157e02efd0ba33755d400e0b4f1?s=96&d=mm&r=g\",\"caption\":\"HSF Americana\"},\"sameAs\":[\"https:\/\/www.hsfamericana.com.br\"],\"url\":\"https:\/\/hsfamericana.com.br\/index.php\/author\/nogueira\/\"}]}<\/script>\n<!-- \/ Yoast SEO plugin. -->","yoast_head_json":{"title":"Dia Mundial do L\u00fapus: Conhe\u00e7a a doen\u00e7a e suas formas de tratamento &#8226; Hospital S\u00e3o Francisco de Americana","robots":{"index":"index","follow":"follow","max-snippet":"max-snippet:-1","max-image-preview":"max-image-preview:large","max-video-preview":"max-video-preview:-1"},"canonical":"https:\/\/hsfamericana.com.br\/index.php\/dia-mundial-do-lupus-conheca-a-doenca-e-suas-formas-de-tratamento\/","og_locale":"pt_BR","og_type":"article","og_title":"Dia Mundial do L\u00fapus: Conhe\u00e7a a doen\u00e7a e suas formas de tratamento &#8226; Hospital S\u00e3o Francisco de Americana","og_description":"Maio \u00e9 o m\u00eas em que a Organiza\u00e7\u00e3o Mundial da Sa\u00fade (OMS) se mobiliza para conscientizar todo o mundo sobre o l\u00fapus eritematoso sist\u00eamico (LES) ou l\u00fapus, como \u00e9 popularmente conhecido. Por se tratar de uma doen\u00e7a que sua verdadeira causa \u00e9 desconhecida, muitas pessoas ainda n\u00e3o entendem sobre a doen\u00e7a e nem como preveni-la. [&hellip;]","og_url":"https:\/\/hsfamericana.com.br\/index.php\/dia-mundial-do-lupus-conheca-a-doenca-e-suas-formas-de-tratamento\/","og_site_name":"Hospital S\u00e3o Francisco de Americana","article_published_time":"2022-05-02T12:07:35+00:00","article_modified_time":"2022-05-02T12:08:42+00:00","og_image":[{"width":900,"height":417,"url":"https:\/\/hsfamericana.com.br\/wp-content\/uploads\/2022\/05\/121.2-Atualizacao-Maio.png","type":"image\/png"}],"author":"HSF Americana","twitter_misc":{"Escrito por":"HSF Americana","Est. tempo de leitura":"3 minutos"},"schema":{"@context":"https:\/\/schema.org","@graph":[{"@type":"WebPage","@id":"https:\/\/hsfamericana.com.br\/index.php\/dia-mundial-do-lupus-conheca-a-doenca-e-suas-formas-de-tratamento\/","url":"https:\/\/hsfamericana.com.br\/index.php\/dia-mundial-do-lupus-conheca-a-doenca-e-suas-formas-de-tratamento\/","name":"Dia Mundial do L\u00fapus: Conhe\u00e7a a doen\u00e7a e suas formas de tratamento &#8226; Hospital S\u00e3o Francisco de Americana","isPartOf":{"@id":"https:\/\/hsfamericana.com.br\/#website"},"primaryImageOfPage":{"@id":"https:\/\/hsfamericana.com.br\/index.php\/dia-mundial-do-lupus-conheca-a-doenca-e-suas-formas-de-tratamento\/#primaryimage"},"image":{"@id":"https:\/\/hsfamericana.com.br\/index.php\/dia-mundial-do-lupus-conheca-a-doenca-e-suas-formas-de-tratamento\/#primaryimage"},"thumbnailUrl":"https:\/\/hsfamericana.com.br\/wp-content\/uploads\/2022\/05\/121.2-Atualizacao-Maio.png","datePublished":"2022-05-02T12:07:35+00:00","dateModified":"2022-05-02T12:08:42+00:00","author":{"@id":"https:\/\/hsfamericana.com.br\/#\/schema\/person\/3b12fcdd81c4d645a927c9ba010d1551"},"breadcrumb":{"@id":"https:\/\/hsfamericana.com.br\/index.php\/dia-mundial-do-lupus-conheca-a-doenca-e-suas-formas-de-tratamento\/#breadcrumb"},"inLanguage":"pt-BR","potentialAction":[{"@type":"ReadAction","target":["https:\/\/hsfamericana.com.br\/index.php\/dia-mundial-do-lupus-conheca-a-doenca-e-suas-formas-de-tratamento\/"]}]},{"@type":"ImageObject","inLanguage":"pt-BR","@id":"https:\/\/hsfamericana.com.br\/index.php\/dia-mundial-do-lupus-conheca-a-doenca-e-suas-formas-de-tratamento\/#primaryimage","url":"https:\/\/hsfamericana.com.br\/wp-content\/uploads\/2022\/05\/121.2-Atualizacao-Maio.png","contentUrl":"https:\/\/hsfamericana.com.br\/wp-content\/uploads\/2022\/05\/121.2-Atualizacao-Maio.png","width":900,"height":417},{"@type":"BreadcrumbList","@id":"https:\/\/hsfamericana.com.br\/index.php\/dia-mundial-do-lupus-conheca-a-doenca-e-suas-formas-de-tratamento\/#breadcrumb","itemListElement":[{"@type":"ListItem","position":1,"name":"In\u00edcio","item":"https:\/\/hsfamericana.com.br\/"},{"@type":"ListItem","position":2,"name":"Dia Mundial do L\u00fapus: Conhe\u00e7a a doen\u00e7a e suas formas de tratamento"}]},{"@type":"WebSite","@id":"https:\/\/hsfamericana.com.br\/#website","url":"https:\/\/hsfamericana.com.br\/","name":"Hospital S\u00e3o Francisco de Americana","description":"O mais completo da regi\u00e3o de Campinas","potentialAction":[{"@type":"SearchAction","target":{"@type":"EntryPoint","urlTemplate":"https:\/\/hsfamericana.com.br\/?s={search_term_string}"},"query-input":{"@type":"PropertyValueSpecification","valueRequired":true,"valueName":"search_term_string"}}],"inLanguage":"pt-BR"},{"@type":"Person","@id":"https:\/\/hsfamericana.com.br\/#\/schema\/person\/3b12fcdd81c4d645a927c9ba010d1551","name":"HSF Americana","image":{"@type":"ImageObject","inLanguage":"pt-BR","@id":"https:\/\/hsfamericana.com.br\/#\/schema\/person\/image\/","url":"https:\/\/secure.gravatar.com\/avatar\/5166f96d8390f878591229db68525bd3f5c9f157e02efd0ba33755d400e0b4f1?s=96&d=mm&r=g","contentUrl":"https:\/\/secure.gravatar.com\/avatar\/5166f96d8390f878591229db68525bd3f5c9f157e02efd0ba33755d400e0b4f1?s=96&d=mm&r=g","caption":"HSF Americana"},"sameAs":["https:\/\/www.hsfamericana.com.br"],"url":"https:\/\/hsfamericana.com.br\/index.php\/author\/nogueira\/"}]}},"_links":{"self":[{"href":"https:\/\/hsfamericana.com.br\/index.php\/wp-json\/wp\/v2\/posts\/4040","targetHints":{"allow":["GET"]}}],"collection":[{"href":"https:\/\/hsfamericana.com.br\/index.php\/wp-json\/wp\/v2\/posts"}],"about":[{"href":"https:\/\/hsfamericana.com.br\/index.php\/wp-json\/wp\/v2\/types\/post"}],"author":[{"embeddable":true,"href":"https:\/\/hsfamericana.com.br\/index.php\/wp-json\/wp\/v2\/users\/2"}],"replies":[{"embeddable":true,"href":"https:\/\/hsfamericana.com.br\/index.php\/wp-json\/wp\/v2\/comments?post=4040"}],"version-history":[{"count":1,"href":"https:\/\/hsfamericana.com.br\/index.php\/wp-json\/wp\/v2\/posts\/4040\/revisions"}],"predecessor-version":[{"id":4044,"href":"https:\/\/hsfamericana.com.br\/index.php\/wp-json\/wp\/v2\/posts\/4040\/revisions\/4044"}],"wp:featuredmedia":[{"embeddable":true,"href":"https:\/\/hsfamericana.com.br\/index.php\/wp-json\/wp\/v2\/media\/4042"}],"wp:attachment":[{"href":"https:\/\/hsfamericana.com.br\/index.php\/wp-json\/wp\/v2\/media?parent=4040"}],"wp:term":[{"taxonomy":"category","embeddable":true,"href":"https:\/\/hsfamericana.com.br\/index.php\/wp-json\/wp\/v2\/categories?post=4040"},{"taxonomy":"post_tag","embeddable":true,"href":"https:\/\/hsfamericana.com.br\/index.php\/wp-json\/wp\/v2\/tags?post=4040"}],"curies":[{"name":"wp","href":"https:\/\/api.w.org\/{rel}","templated":true}]}}