{"id":4117,"date":"2022-09-01T08:05:00","date_gmt":"2022-09-01T08:05:00","guid":{"rendered":"https:\/\/www.hsfamericana.com.br\/?p=4117"},"modified":"2022-09-01T13:29:21","modified_gmt":"2022-09-01T13:29:21","slug":"setembro-verde-uma-conscientizacao-sobre-doacao-de-orgaos","status":"publish","type":"post","link":"https:\/\/hsfamericana.com.br\/index.php\/setembro-verde-uma-conscientizacao-sobre-doacao-de-orgaos\/","title":{"rendered":"Setembro Verde: Uma conscientiza\u00e7\u00e3o sobre doa\u00e7\u00e3o de \u00f3rg\u00e3os"},"content":{"rendered":"<img loading=\"lazy\" decoding=\"async\" class=\"alignleft size-full wp-image-4118\" src=\"https:\/\/www.hsfamericana.com.br\/wp-content\/uploads\/2022\/08\/HSF-Americana-Noticia-Setembro.png\" alt=\"\" width=\"900\" height=\"417\" srcset=\"https:\/\/hsfamericana.com.br\/wp-content\/uploads\/2022\/08\/HSF-Americana-Noticia-Setembro.png 900w, https:\/\/hsfamericana.com.br\/wp-content\/uploads\/2022\/08\/HSF-Americana-Noticia-Setembro-768x355.png 768w\" sizes=\"auto, (max-width: 900px) 100vw, 900px\" \/>\n<p>Com certeza voc\u00ea j\u00e1 ouviu falar sobre a doa\u00e7\u00e3o de \u00f3rg\u00e3os e o quanto ela \u00e9 importante para salvar vidas, mas quantas vezes voc\u00ea j\u00e1 presenciou uma conversa sincera sobre o desejo de ser um doador entre seus familiares? O Setembro Verde \u00e9 uma campanha nacional de conscientiza\u00e7\u00e3o sobre a import\u00e2ncia de se tornar um doador e de manifestar esse desejo em vida.<\/p>\n<p>Os hospitais est\u00e3o repletos de pacientes que est\u00e3o na fila de espera por uma doa\u00e7\u00e3o de \u00f3rg\u00e3o, e essa espera pode levar at\u00e9 anos, j\u00e1 que o n\u00famero de doadores no Brasil ainda \u00e9 pequeno. Segundo os dados mais recentes divulgados pela Associa\u00e7\u00e3o Brasileira de Transplante de \u00d3rg\u00e3os, a cada 1 milh\u00e3o de pessoas, apenas 16 s\u00e3o doadoras.<\/p>\n<p><strong>Fila de espera<\/strong><\/p>\n<p>Quando um paciente \u00e9 diagnosticado com a necessidade de um transplante, o m\u00e9dico o registra na Fila \u00danica Nacional, monitorada pelo Sistema Nacional de Transplantes. Para realizar o transplante, \u00e9 analisado, al\u00e9m da ordem cronol\u00f3gica de inscri\u00e7\u00e3o na fila, as necessidades, tipo sangu\u00edneo e outras compatibilidades entre o doador e o receptor.<\/p>\n<p>Em casos de empate, \u00e9 dada a prefer\u00eancia \u00e0quele paciente com maior urg\u00eancia. Tamb\u00e9m existem crit\u00e9rios especiais, de acordo com o tipo ou tecido do \u00f3rg\u00e3o. As crian\u00e7as tamb\u00e9m t\u00eam prioridade quando o doador tamb\u00e9m \u00e9 uma crian\u00e7a ou quando concorre com outros adultos.<\/p>\n<p><strong>Como se tornar um doador de \u00f3rg\u00e3os?<\/strong><\/p>\n<p>Voc\u00ea pode ser um doador de \u00f3rg\u00e3os em vida ou somente ap\u00f3s a morte encef\u00e1lica, ou seja, quando ocorre a parada definitiva do c\u00e9rebro e do tronco cerebral, causando a fal\u00eancia de todo o organismo.<\/p>\n<p>No primeiro caso, quando a pessoa quer se tornar um doador ainda em vida, ela precisa ter \u00f3timas condi\u00e7\u00f5es de sa\u00fade, ser avaliada por um m\u00e9dico e conseguir uma autoriza\u00e7\u00e3o judicial.<\/p>\n<p>J\u00e1 para as mortes encef\u00e1licas, o meio mais eficiente \u00e9 ter uma conversa sincera com a sua fam\u00edlia expressando esse desejo, pois, no Brasil, s\u00f3 \u00e9 poss\u00edvel doar \u00f3rg\u00e3os de um falecido com a autoriza\u00e7\u00e3o de sua fam\u00edlia. A informa\u00e7\u00e3o de doador que pode constar no registro de identidade n\u00e3o tem valor se a fam\u00edlia n\u00e3o autorizar a doa\u00e7\u00e3o, portanto, converse!<strong>\u00a0<\/strong><\/p>\n<p><strong>Quem n\u00e3o pode doar?<\/strong><\/p>\n<p>N\u00e3o podem ser doadores de \u00f3rg\u00e3os as pessoas dos seguintes grupos:<\/p>\n<ul>\n<li>&#8211; Portadores de doen\u00e7as infectocontagiosas, como soropositivos ao HIV, hepatites B e C, Doen\u00e7a de Chagas, entre outras.<\/li>\n<li>&#8211; Pessoas com doen\u00e7as degenerativas, cr\u00f4nicas ou tumores malignos.<\/li>\n<li>&#8211; Pacientes em coma ou que tenham sepse ou insufici\u00eancia de m\u00faltiplos \u00f3rg\u00e3os e sistemas (IMOS).<\/li>\n<\/ul>\n<p>Seja um doador voc\u00ea tamb\u00e9m!<\/p>\n<p><strong>Fonte: <\/strong>HSF<\/p>\n","protected":false},"excerpt":{"rendered":"<p>Com certeza voc\u00ea j\u00e1 ouviu falar sobre a doa\u00e7\u00e3o de \u00f3rg\u00e3os e o quanto ela \u00e9 importante para salvar vidas, mas quantas vezes voc\u00ea j\u00e1 presenciou uma conversa sincera sobre o desejo de ser um doador entre seus familiares? O Setembro Verde \u00e9 uma campanha nacional de conscientiza\u00e7\u00e3o sobre a import\u00e2ncia de se tornar um [&hellip;]<\/p>\n","protected":false},"author":2,"featured_media":4118,"comment_status":"open","ping_status":"open","sticky":false,"template":"","format":"standard","meta":{"_acf_changed":false,"footnotes":""},"categories":[4],"tags":[105,238,50,24,37,23,239],"class_list":["post-4117","post","type-post","status-publish","format-standard","has-post-thumbnail","hentry","category-noticias","tag-doacao","tag-doacao-de-orgaos","tag-hospital","tag-hospital-sao-francisco","tag-hsf","tag-hsf-americana","tag-transplante-de-orgaos"],"acf":[],"yoast_head":"<!-- This site is optimized with the Yoast SEO plugin v25.2 - https:\/\/yoast.com\/wordpress\/plugins\/seo\/ -->\n<title>Setembro Verde: Uma conscientiza\u00e7\u00e3o sobre doa\u00e7\u00e3o de \u00f3rg\u00e3os &#8226; Hospital S\u00e3o Francisco de Americana<\/title>\n<meta name=\"robots\" content=\"index, follow, max-snippet:-1, max-image-preview:large, max-video-preview:-1\" \/>\n<link rel=\"canonical\" href=\"https:\/\/hsfamericana.com.br\/index.php\/setembro-verde-uma-conscientizacao-sobre-doacao-de-orgaos\/\" \/>\n<meta property=\"og:locale\" content=\"pt_BR\" \/>\n<meta property=\"og:type\" content=\"article\" \/>\n<meta property=\"og:title\" content=\"Setembro Verde: Uma conscientiza\u00e7\u00e3o sobre doa\u00e7\u00e3o de \u00f3rg\u00e3os &#8226; Hospital S\u00e3o Francisco de Americana\" \/>\n<meta property=\"og:description\" content=\"Com certeza voc\u00ea j\u00e1 ouviu falar sobre a doa\u00e7\u00e3o de \u00f3rg\u00e3os e o quanto ela \u00e9 importante para salvar vidas, mas quantas vezes voc\u00ea j\u00e1 presenciou uma conversa sincera sobre o desejo de ser um doador entre seus familiares? O Setembro Verde \u00e9 uma campanha nacional de conscientiza\u00e7\u00e3o sobre a import\u00e2ncia de se tornar um [&hellip;]\" \/>\n<meta property=\"og:url\" content=\"https:\/\/hsfamericana.com.br\/index.php\/setembro-verde-uma-conscientizacao-sobre-doacao-de-orgaos\/\" \/>\n<meta property=\"og:site_name\" content=\"Hospital S\u00e3o Francisco de Americana\" \/>\n<meta property=\"article:published_time\" content=\"2022-09-01T08:05:00+00:00\" \/>\n<meta property=\"article:modified_time\" content=\"2022-09-01T13:29:21+00:00\" \/>\n<meta property=\"og:image\" content=\"https:\/\/hsfamericana.com.br\/wp-content\/uploads\/2022\/08\/HSF-Americana-Noticia-Setembro.png\" \/>\n\t<meta property=\"og:image:width\" content=\"900\" \/>\n\t<meta property=\"og:image:height\" content=\"417\" \/>\n\t<meta property=\"og:image:type\" content=\"image\/png\" \/>\n<meta name=\"author\" content=\"HSF Americana\" \/>\n<meta name=\"twitter:label1\" content=\"Escrito por\" \/>\n\t<meta name=\"twitter:data1\" content=\"HSF Americana\" \/>\n\t<meta name=\"twitter:label2\" content=\"Est. tempo de leitura\" \/>\n\t<meta name=\"twitter:data2\" content=\"2 minutos\" \/>\n<script type=\"application\/ld+json\" class=\"yoast-schema-graph\">{\"@context\":\"https:\/\/schema.org\",\"@graph\":[{\"@type\":\"WebPage\",\"@id\":\"https:\/\/hsfamericana.com.br\/index.php\/setembro-verde-uma-conscientizacao-sobre-doacao-de-orgaos\/\",\"url\":\"https:\/\/hsfamericana.com.br\/index.php\/setembro-verde-uma-conscientizacao-sobre-doacao-de-orgaos\/\",\"name\":\"Setembro Verde: Uma conscientiza\u00e7\u00e3o sobre doa\u00e7\u00e3o de \u00f3rg\u00e3os &#8226; Hospital S\u00e3o Francisco de Americana\",\"isPartOf\":{\"@id\":\"https:\/\/hsfamericana.com.br\/#website\"},\"primaryImageOfPage\":{\"@id\":\"https:\/\/hsfamericana.com.br\/index.php\/setembro-verde-uma-conscientizacao-sobre-doacao-de-orgaos\/#primaryimage\"},\"image\":{\"@id\":\"https:\/\/hsfamericana.com.br\/index.php\/setembro-verde-uma-conscientizacao-sobre-doacao-de-orgaos\/#primaryimage\"},\"thumbnailUrl\":\"https:\/\/hsfamericana.com.br\/wp-content\/uploads\/2022\/08\/HSF-Americana-Noticia-Setembro.png\",\"datePublished\":\"2022-09-01T08:05:00+00:00\",\"dateModified\":\"2022-09-01T13:29:21+00:00\",\"author\":{\"@id\":\"https:\/\/hsfamericana.com.br\/#\/schema\/person\/3b12fcdd81c4d645a927c9ba010d1551\"},\"breadcrumb\":{\"@id\":\"https:\/\/hsfamericana.com.br\/index.php\/setembro-verde-uma-conscientizacao-sobre-doacao-de-orgaos\/#breadcrumb\"},\"inLanguage\":\"pt-BR\",\"potentialAction\":[{\"@type\":\"ReadAction\",\"target\":[\"https:\/\/hsfamericana.com.br\/index.php\/setembro-verde-uma-conscientizacao-sobre-doacao-de-orgaos\/\"]}]},{\"@type\":\"ImageObject\",\"inLanguage\":\"pt-BR\",\"@id\":\"https:\/\/hsfamericana.com.br\/index.php\/setembro-verde-uma-conscientizacao-sobre-doacao-de-orgaos\/#primaryimage\",\"url\":\"https:\/\/hsfamericana.com.br\/wp-content\/uploads\/2022\/08\/HSF-Americana-Noticia-Setembro.png\",\"contentUrl\":\"https:\/\/hsfamericana.com.br\/wp-content\/uploads\/2022\/08\/HSF-Americana-Noticia-Setembro.png\",\"width\":900,\"height\":417},{\"@type\":\"BreadcrumbList\",\"@id\":\"https:\/\/hsfamericana.com.br\/index.php\/setembro-verde-uma-conscientizacao-sobre-doacao-de-orgaos\/#breadcrumb\",\"itemListElement\":[{\"@type\":\"ListItem\",\"position\":1,\"name\":\"In\u00edcio\",\"item\":\"https:\/\/hsfamericana.com.br\/\"},{\"@type\":\"ListItem\",\"position\":2,\"name\":\"Setembro Verde: Uma conscientiza\u00e7\u00e3o sobre doa\u00e7\u00e3o de \u00f3rg\u00e3os\"}]},{\"@type\":\"WebSite\",\"@id\":\"https:\/\/hsfamericana.com.br\/#website\",\"url\":\"https:\/\/hsfamericana.com.br\/\",\"name\":\"Hospital S\u00e3o Francisco de Americana\",\"description\":\"O mais completo da regi\u00e3o de Campinas\",\"potentialAction\":[{\"@type\":\"SearchAction\",\"target\":{\"@type\":\"EntryPoint\",\"urlTemplate\":\"https:\/\/hsfamericana.com.br\/?s={search_term_string}\"},\"query-input\":{\"@type\":\"PropertyValueSpecification\",\"valueRequired\":true,\"valueName\":\"search_term_string\"}}],\"inLanguage\":\"pt-BR\"},{\"@type\":\"Person\",\"@id\":\"https:\/\/hsfamericana.com.br\/#\/schema\/person\/3b12fcdd81c4d645a927c9ba010d1551\",\"name\":\"HSF Americana\",\"image\":{\"@type\":\"ImageObject\",\"inLanguage\":\"pt-BR\",\"@id\":\"https:\/\/hsfamericana.com.br\/#\/schema\/person\/image\/\",\"url\":\"https:\/\/secure.gravatar.com\/avatar\/5166f96d8390f878591229db68525bd3f5c9f157e02efd0ba33755d400e0b4f1?s=96&d=mm&r=g\",\"contentUrl\":\"https:\/\/secure.gravatar.com\/avatar\/5166f96d8390f878591229db68525bd3f5c9f157e02efd0ba33755d400e0b4f1?s=96&d=mm&r=g\",\"caption\":\"HSF Americana\"},\"sameAs\":[\"https:\/\/www.hsfamericana.com.br\"],\"url\":\"https:\/\/hsfamericana.com.br\/index.php\/author\/nogueira\/\"}]}<\/script>\n<!-- \/ Yoast SEO plugin. -->","yoast_head_json":{"title":"Setembro Verde: Uma conscientiza\u00e7\u00e3o sobre doa\u00e7\u00e3o de \u00f3rg\u00e3os &#8226; Hospital S\u00e3o Francisco de Americana","robots":{"index":"index","follow":"follow","max-snippet":"max-snippet:-1","max-image-preview":"max-image-preview:large","max-video-preview":"max-video-preview:-1"},"canonical":"https:\/\/hsfamericana.com.br\/index.php\/setembro-verde-uma-conscientizacao-sobre-doacao-de-orgaos\/","og_locale":"pt_BR","og_type":"article","og_title":"Setembro Verde: Uma conscientiza\u00e7\u00e3o sobre doa\u00e7\u00e3o de \u00f3rg\u00e3os &#8226; Hospital S\u00e3o Francisco de Americana","og_description":"Com certeza voc\u00ea j\u00e1 ouviu falar sobre a doa\u00e7\u00e3o de \u00f3rg\u00e3os e o quanto ela \u00e9 importante para salvar vidas, mas quantas vezes voc\u00ea j\u00e1 presenciou uma conversa sincera sobre o desejo de ser um doador entre seus familiares? O Setembro Verde \u00e9 uma campanha nacional de conscientiza\u00e7\u00e3o sobre a import\u00e2ncia de se tornar um [&hellip;]","og_url":"https:\/\/hsfamericana.com.br\/index.php\/setembro-verde-uma-conscientizacao-sobre-doacao-de-orgaos\/","og_site_name":"Hospital S\u00e3o Francisco de Americana","article_published_time":"2022-09-01T08:05:00+00:00","article_modified_time":"2022-09-01T13:29:21+00:00","og_image":[{"width":900,"height":417,"url":"https:\/\/hsfamericana.com.br\/wp-content\/uploads\/2022\/08\/HSF-Americana-Noticia-Setembro.png","type":"image\/png"}],"author":"HSF Americana","twitter_misc":{"Escrito por":"HSF Americana","Est. tempo de leitura":"2 minutos"},"schema":{"@context":"https:\/\/schema.org","@graph":[{"@type":"WebPage","@id":"https:\/\/hsfamericana.com.br\/index.php\/setembro-verde-uma-conscientizacao-sobre-doacao-de-orgaos\/","url":"https:\/\/hsfamericana.com.br\/index.php\/setembro-verde-uma-conscientizacao-sobre-doacao-de-orgaos\/","name":"Setembro Verde: Uma conscientiza\u00e7\u00e3o sobre doa\u00e7\u00e3o de \u00f3rg\u00e3os &#8226; Hospital S\u00e3o Francisco de Americana","isPartOf":{"@id":"https:\/\/hsfamericana.com.br\/#website"},"primaryImageOfPage":{"@id":"https:\/\/hsfamericana.com.br\/index.php\/setembro-verde-uma-conscientizacao-sobre-doacao-de-orgaos\/#primaryimage"},"image":{"@id":"https:\/\/hsfamericana.com.br\/index.php\/setembro-verde-uma-conscientizacao-sobre-doacao-de-orgaos\/#primaryimage"},"thumbnailUrl":"https:\/\/hsfamericana.com.br\/wp-content\/uploads\/2022\/08\/HSF-Americana-Noticia-Setembro.png","datePublished":"2022-09-01T08:05:00+00:00","dateModified":"2022-09-01T13:29:21+00:00","author":{"@id":"https:\/\/hsfamericana.com.br\/#\/schema\/person\/3b12fcdd81c4d645a927c9ba010d1551"},"breadcrumb":{"@id":"https:\/\/hsfamericana.com.br\/index.php\/setembro-verde-uma-conscientizacao-sobre-doacao-de-orgaos\/#breadcrumb"},"inLanguage":"pt-BR","potentialAction":[{"@type":"ReadAction","target":["https:\/\/hsfamericana.com.br\/index.php\/setembro-verde-uma-conscientizacao-sobre-doacao-de-orgaos\/"]}]},{"@type":"ImageObject","inLanguage":"pt-BR","@id":"https:\/\/hsfamericana.com.br\/index.php\/setembro-verde-uma-conscientizacao-sobre-doacao-de-orgaos\/#primaryimage","url":"https:\/\/hsfamericana.com.br\/wp-content\/uploads\/2022\/08\/HSF-Americana-Noticia-Setembro.png","contentUrl":"https:\/\/hsfamericana.com.br\/wp-content\/uploads\/2022\/08\/HSF-Americana-Noticia-Setembro.png","width":900,"height":417},{"@type":"BreadcrumbList","@id":"https:\/\/hsfamericana.com.br\/index.php\/setembro-verde-uma-conscientizacao-sobre-doacao-de-orgaos\/#breadcrumb","itemListElement":[{"@type":"ListItem","position":1,"name":"In\u00edcio","item":"https:\/\/hsfamericana.com.br\/"},{"@type":"ListItem","position":2,"name":"Setembro Verde: Uma conscientiza\u00e7\u00e3o sobre doa\u00e7\u00e3o de \u00f3rg\u00e3os"}]},{"@type":"WebSite","@id":"https:\/\/hsfamericana.com.br\/#website","url":"https:\/\/hsfamericana.com.br\/","name":"Hospital S\u00e3o Francisco de Americana","description":"O mais completo da regi\u00e3o de Campinas","potentialAction":[{"@type":"SearchAction","target":{"@type":"EntryPoint","urlTemplate":"https:\/\/hsfamericana.com.br\/?s={search_term_string}"},"query-input":{"@type":"PropertyValueSpecification","valueRequired":true,"valueName":"search_term_string"}}],"inLanguage":"pt-BR"},{"@type":"Person","@id":"https:\/\/hsfamericana.com.br\/#\/schema\/person\/3b12fcdd81c4d645a927c9ba010d1551","name":"HSF Americana","image":{"@type":"ImageObject","inLanguage":"pt-BR","@id":"https:\/\/hsfamericana.com.br\/#\/schema\/person\/image\/","url":"https:\/\/secure.gravatar.com\/avatar\/5166f96d8390f878591229db68525bd3f5c9f157e02efd0ba33755d400e0b4f1?s=96&d=mm&r=g","contentUrl":"https:\/\/secure.gravatar.com\/avatar\/5166f96d8390f878591229db68525bd3f5c9f157e02efd0ba33755d400e0b4f1?s=96&d=mm&r=g","caption":"HSF Americana"},"sameAs":["https:\/\/www.hsfamericana.com.br"],"url":"https:\/\/hsfamericana.com.br\/index.php\/author\/nogueira\/"}]}},"_links":{"self":[{"href":"https:\/\/hsfamericana.com.br\/index.php\/wp-json\/wp\/v2\/posts\/4117","targetHints":{"allow":["GET"]}}],"collection":[{"href":"https:\/\/hsfamericana.com.br\/index.php\/wp-json\/wp\/v2\/posts"}],"about":[{"href":"https:\/\/hsfamericana.com.br\/index.php\/wp-json\/wp\/v2\/types\/post"}],"author":[{"embeddable":true,"href":"https:\/\/hsfamericana.com.br\/index.php\/wp-json\/wp\/v2\/users\/2"}],"replies":[{"embeddable":true,"href":"https:\/\/hsfamericana.com.br\/index.php\/wp-json\/wp\/v2\/comments?post=4117"}],"version-history":[{"count":1,"href":"https:\/\/hsfamericana.com.br\/index.php\/wp-json\/wp\/v2\/posts\/4117\/revisions"}],"predecessor-version":[{"id":4119,"href":"https:\/\/hsfamericana.com.br\/index.php\/wp-json\/wp\/v2\/posts\/4117\/revisions\/4119"}],"wp:featuredmedia":[{"embeddable":true,"href":"https:\/\/hsfamericana.com.br\/index.php\/wp-json\/wp\/v2\/media\/4118"}],"wp:attachment":[{"href":"https:\/\/hsfamericana.com.br\/index.php\/wp-json\/wp\/v2\/media?parent=4117"}],"wp:term":[{"taxonomy":"category","embeddable":true,"href":"https:\/\/hsfamericana.com.br\/index.php\/wp-json\/wp\/v2\/categories?post=4117"},{"taxonomy":"post_tag","embeddable":true,"href":"https:\/\/hsfamericana.com.br\/index.php\/wp-json\/wp\/v2\/tags?post=4117"}],"curies":[{"name":"wp","href":"https:\/\/api.w.org\/{rel}","templated":true}]}}