{"id":4128,"date":"2022-10-03T08:05:47","date_gmt":"2022-10-03T08:05:47","guid":{"rendered":"https:\/\/www.hsfamericana.com.br\/?p=4128"},"modified":"2022-10-03T12:12:43","modified_gmt":"2022-10-03T12:12:43","slug":"outubro-rosa-mes-da-prevencao-contra-o-cancer-de-mama","status":"publish","type":"post","link":"https:\/\/hsfamericana.com.br\/index.php\/outubro-rosa-mes-da-prevencao-contra-o-cancer-de-mama\/","title":{"rendered":"Outubro Rosa: M\u00eas da Preven\u00e7\u00e3o contra o c\u00e2ncer de mama"},"content":{"rendered":"<img loading=\"lazy\" decoding=\"async\" class=\"alignleft size-full wp-image-4129\" src=\"https:\/\/www.hsfamericana.com.br\/wp-content\/uploads\/2022\/09\/noticia.png\" alt=\"\" width=\"900\" height=\"417\" srcset=\"https:\/\/hsfamericana.com.br\/wp-content\/uploads\/2022\/09\/noticia.png 900w, https:\/\/hsfamericana.com.br\/wp-content\/uploads\/2022\/09\/noticia-768x355.png 768w\" sizes=\"auto, (max-width: 900px) 100vw, 900px\" \/>\n<p>O Outubro Rosa tem como principal objetivo compartilhar informa\u00e7\u00f5es e conscientizar sobre a import\u00e2ncia da preven\u00e7\u00e3o contra o c\u00e2ncer de mama atrav\u00e9s do autoexame e dos servi\u00e7os de diagn\u00f3stico para a descoberta precoce da doen\u00e7a, de forma a aumentar as chances de cura.<\/p>\n<p><strong>INCID\u00caNCIA E MORTALIDADE<\/strong><\/p>\n<p>Segundo dados do <a href=\"https:\/\/www.gov.br\/inca\/pt-br\" target=\"_blank\">INCA<\/a> (Instituto Nacional de C\u00e2ncer), no Brasil, excluindo os tumores de pele n\u00e3o melanoma, o c\u00e2ncer de mama \u00e9 o mais incidente em mulheres de todas as regi\u00f5es. Para o ano de 2022 foram estimados 66.280 casos novos, o que representa uma taxa ajustada de incid\u00eancia de 43,74 casos por 100 mil mulheres (INCA, 2019a).<\/p>\n<p>O c\u00e2ncer de mama \u00e9 a primeira causa de morte por c\u00e2ncer na popula\u00e7\u00e3o feminina em todas as regi\u00f5es do Brasil, exceto na regi\u00e3o Norte, onde o c\u00e2ncer do colo do \u00fatero ocupa essa posi\u00e7\u00e3o. A taxa de mortalidade por c\u00e2ncer de mama, ajustada pela popula\u00e7\u00e3o mundial, foi 11,84 \u00f3bitos\/100.000 mulheres, em 2020, com as maiores taxas nas regi\u00f5es Sudeste e Sul, com 12,64 e 12,79 \u00f3bitos\/100.000 mulheres, respectivamente (INCA, 2022).<\/p>\n<p><strong>FATORES DE RISCO E PREVEN\u00c7\u00c3O<\/strong><\/p>\n<p>De acordo com o Instituto, o c\u00e2ncer de mama n\u00e3o tem uma causa \u00fanica, diversos fatores est\u00e3o relacionados ao aumento da doen\u00e7a, como: idade, fatores end\u00f3crinos\/hist\u00f3ria reprodutiva, fatores comportamentais\/ambientais e fatores gen\u00e9ticos\/heredit\u00e1rios. O c\u00e2ncer de mama \u00e9 mais comum em mulheres mais velhas, sobretudo a partir dos 50 anos de idade.<\/p>\n<p>Dentre todos os fatores que contribuem para o desenvolvimento da doen\u00e7a, \u00e9 importante evitar o consumo de bebidas alco\u00f3licas e cigarros. Al\u00e9m disto, praticar atividade f\u00edsica, manter o peso corporal adequado e adotar uma alimenta\u00e7\u00e3o mais saud\u00e1vel tamb\u00e9m s\u00e3o essenciais para evitar o c\u00e2ncer de mama e ter uma rotina mais saud\u00e1vel.<\/p>\n<p><strong>SINAIS DE ALERTA<\/strong><\/p>\n<p>Os sinais do c\u00e2ncer de mama podem se manifestar de diversas formas. O sintoma mais comum \u00e9 aparecimento de um n\u00f3dulo ou massa. Conhe\u00e7a alguns sinais de alerta:<\/p>\n<ul>\n<li>&#8211; Incha\u00e7o de toda ou parte de uma mama (mesmo que n\u00e3o se sinta um n\u00f3dulo).<\/li>\n<li>&#8211; N\u00f3dulo \u00fanico endurecido.<\/li>\n<li>&#8211; Irrita\u00e7\u00e3o ou abaulamento de uma parte da mama.<\/li>\n<li>&#8211; Dor na mama ou mamilo.<\/li>\n<li>&#8211; Invers\u00e3o do mamilo.<\/li>\n<li>&#8211; Eritema (vermelhid\u00e3o) na pele.<\/li>\n<li>&#8211; Edema (incha\u00e7o) da pele.<\/li>\n<li>&#8211; Espessamento ou retra\u00e7\u00e3o da pele ou do mamilo.<\/li>\n<li>&#8211; Secre\u00e7\u00e3o sanguinolenta ou serosa pelos mamilos.<\/li>\n<li>&#8211; Linfonodos aumentados<\/li>\n<\/ul>\n<p>Lembrando que, qualquer altera\u00e7\u00e3o percebida, deve-se entrar em contato com o seu m\u00e9dico para a realiza\u00e7\u00e3o do exame cl\u00ednico.<\/p>\n<p><strong>CUIDE DA SUA SA\u00daDE<\/strong><\/p>\n<p>O diagn\u00f3stico precoce eleva para 95% as chances de cura do c\u00e2ncer de mama. Portanto, fa\u00e7a o autoexame e agende regularmente suas consultas m\u00e9dicas de rotina.<\/p>\n<p><strong>Fonte: <\/strong>HSF \/ INCA<\/p>\n","protected":false},"excerpt":{"rendered":"<p>O Outubro Rosa tem como principal objetivo compartilhar informa\u00e7\u00f5es e conscientizar sobre a import\u00e2ncia da preven\u00e7\u00e3o contra o c\u00e2ncer de mama atrav\u00e9s do autoexame e dos servi\u00e7os de diagn\u00f3stico para a descoberta precoce da doen\u00e7a, de forma a aumentar as chances de cura. INCID\u00caNCIA E MORTALIDADE Segundo dados do INCA (Instituto Nacional de C\u00e2ncer), no [&hellip;]<\/p>\n","protected":false},"author":2,"featured_media":4129,"comment_status":"open","ping_status":"open","sticky":false,"template":"","format":"standard","meta":{"_acf_changed":false,"footnotes":""},"categories":[4],"tags":[240,34,24,37,23,33,28,27],"class_list":["post-4128","post","type-post","status-publish","format-standard","has-post-thumbnail","hentry","category-noticias","tag-autoexame","tag-cancer-de-mama","tag-hospital-sao-francisco","tag-hsf","tag-hsf-americana","tag-outubro-rosa","tag-prevencao","tag-saude"],"acf":[],"yoast_head":"<!-- This site is optimized with the Yoast SEO plugin v25.2 - https:\/\/yoast.com\/wordpress\/plugins\/seo\/ -->\n<title>Outubro Rosa: M\u00eas da Preven\u00e7\u00e3o contra o c\u00e2ncer de mama &#8226; Hospital S\u00e3o Francisco de Americana<\/title>\n<meta name=\"robots\" content=\"index, follow, max-snippet:-1, max-image-preview:large, max-video-preview:-1\" \/>\n<link rel=\"canonical\" href=\"https:\/\/hsfamericana.com.br\/index.php\/outubro-rosa-mes-da-prevencao-contra-o-cancer-de-mama\/\" \/>\n<meta property=\"og:locale\" content=\"pt_BR\" \/>\n<meta property=\"og:type\" content=\"article\" \/>\n<meta property=\"og:title\" content=\"Outubro Rosa: M\u00eas da Preven\u00e7\u00e3o contra o c\u00e2ncer de mama &#8226; Hospital S\u00e3o Francisco de Americana\" \/>\n<meta property=\"og:description\" content=\"O Outubro Rosa tem como principal objetivo compartilhar informa\u00e7\u00f5es e conscientizar sobre a import\u00e2ncia da preven\u00e7\u00e3o contra o c\u00e2ncer de mama atrav\u00e9s do autoexame e dos servi\u00e7os de diagn\u00f3stico para a descoberta precoce da doen\u00e7a, de forma a aumentar as chances de cura. INCID\u00caNCIA E MORTALIDADE Segundo dados do INCA (Instituto Nacional de C\u00e2ncer), no [&hellip;]\" \/>\n<meta property=\"og:url\" content=\"https:\/\/hsfamericana.com.br\/index.php\/outubro-rosa-mes-da-prevencao-contra-o-cancer-de-mama\/\" \/>\n<meta property=\"og:site_name\" content=\"Hospital S\u00e3o Francisco de Americana\" \/>\n<meta property=\"article:published_time\" content=\"2022-10-03T08:05:47+00:00\" \/>\n<meta property=\"article:modified_time\" content=\"2022-10-03T12:12:43+00:00\" \/>\n<meta property=\"og:image\" content=\"https:\/\/hsfamericana.com.br\/wp-content\/uploads\/2022\/09\/noticia.png\" \/>\n\t<meta property=\"og:image:width\" content=\"900\" \/>\n\t<meta property=\"og:image:height\" content=\"417\" \/>\n\t<meta property=\"og:image:type\" content=\"image\/png\" \/>\n<meta name=\"author\" content=\"HSF Americana\" \/>\n<meta name=\"twitter:label1\" content=\"Escrito por\" \/>\n\t<meta name=\"twitter:data1\" content=\"HSF Americana\" \/>\n\t<meta name=\"twitter:label2\" content=\"Est. tempo de leitura\" \/>\n\t<meta name=\"twitter:data2\" content=\"2 minutos\" \/>\n<script type=\"application\/ld+json\" class=\"yoast-schema-graph\">{\"@context\":\"https:\/\/schema.org\",\"@graph\":[{\"@type\":\"WebPage\",\"@id\":\"https:\/\/hsfamericana.com.br\/index.php\/outubro-rosa-mes-da-prevencao-contra-o-cancer-de-mama\/\",\"url\":\"https:\/\/hsfamericana.com.br\/index.php\/outubro-rosa-mes-da-prevencao-contra-o-cancer-de-mama\/\",\"name\":\"Outubro Rosa: M\u00eas da Preven\u00e7\u00e3o contra o c\u00e2ncer de mama &#8226; Hospital S\u00e3o Francisco de Americana\",\"isPartOf\":{\"@id\":\"https:\/\/hsfamericana.com.br\/#website\"},\"primaryImageOfPage\":{\"@id\":\"https:\/\/hsfamericana.com.br\/index.php\/outubro-rosa-mes-da-prevencao-contra-o-cancer-de-mama\/#primaryimage\"},\"image\":{\"@id\":\"https:\/\/hsfamericana.com.br\/index.php\/outubro-rosa-mes-da-prevencao-contra-o-cancer-de-mama\/#primaryimage\"},\"thumbnailUrl\":\"https:\/\/hsfamericana.com.br\/wp-content\/uploads\/2022\/09\/noticia.png\",\"datePublished\":\"2022-10-03T08:05:47+00:00\",\"dateModified\":\"2022-10-03T12:12:43+00:00\",\"author\":{\"@id\":\"https:\/\/hsfamericana.com.br\/#\/schema\/person\/3b12fcdd81c4d645a927c9ba010d1551\"},\"breadcrumb\":{\"@id\":\"https:\/\/hsfamericana.com.br\/index.php\/outubro-rosa-mes-da-prevencao-contra-o-cancer-de-mama\/#breadcrumb\"},\"inLanguage\":\"pt-BR\",\"potentialAction\":[{\"@type\":\"ReadAction\",\"target\":[\"https:\/\/hsfamericana.com.br\/index.php\/outubro-rosa-mes-da-prevencao-contra-o-cancer-de-mama\/\"]}]},{\"@type\":\"ImageObject\",\"inLanguage\":\"pt-BR\",\"@id\":\"https:\/\/hsfamericana.com.br\/index.php\/outubro-rosa-mes-da-prevencao-contra-o-cancer-de-mama\/#primaryimage\",\"url\":\"https:\/\/hsfamericana.com.br\/wp-content\/uploads\/2022\/09\/noticia.png\",\"contentUrl\":\"https:\/\/hsfamericana.com.br\/wp-content\/uploads\/2022\/09\/noticia.png\",\"width\":900,\"height\":417},{\"@type\":\"BreadcrumbList\",\"@id\":\"https:\/\/hsfamericana.com.br\/index.php\/outubro-rosa-mes-da-prevencao-contra-o-cancer-de-mama\/#breadcrumb\",\"itemListElement\":[{\"@type\":\"ListItem\",\"position\":1,\"name\":\"In\u00edcio\",\"item\":\"https:\/\/hsfamericana.com.br\/\"},{\"@type\":\"ListItem\",\"position\":2,\"name\":\"Outubro Rosa: M\u00eas da Preven\u00e7\u00e3o contra o c\u00e2ncer de mama\"}]},{\"@type\":\"WebSite\",\"@id\":\"https:\/\/hsfamericana.com.br\/#website\",\"url\":\"https:\/\/hsfamericana.com.br\/\",\"name\":\"Hospital S\u00e3o Francisco de Americana\",\"description\":\"O mais completo da regi\u00e3o de Campinas\",\"potentialAction\":[{\"@type\":\"SearchAction\",\"target\":{\"@type\":\"EntryPoint\",\"urlTemplate\":\"https:\/\/hsfamericana.com.br\/?s={search_term_string}\"},\"query-input\":{\"@type\":\"PropertyValueSpecification\",\"valueRequired\":true,\"valueName\":\"search_term_string\"}}],\"inLanguage\":\"pt-BR\"},{\"@type\":\"Person\",\"@id\":\"https:\/\/hsfamericana.com.br\/#\/schema\/person\/3b12fcdd81c4d645a927c9ba010d1551\",\"name\":\"HSF Americana\",\"image\":{\"@type\":\"ImageObject\",\"inLanguage\":\"pt-BR\",\"@id\":\"https:\/\/hsfamericana.com.br\/#\/schema\/person\/image\/\",\"url\":\"https:\/\/secure.gravatar.com\/avatar\/5166f96d8390f878591229db68525bd3f5c9f157e02efd0ba33755d400e0b4f1?s=96&d=mm&r=g\",\"contentUrl\":\"https:\/\/secure.gravatar.com\/avatar\/5166f96d8390f878591229db68525bd3f5c9f157e02efd0ba33755d400e0b4f1?s=96&d=mm&r=g\",\"caption\":\"HSF Americana\"},\"sameAs\":[\"https:\/\/www.hsfamericana.com.br\"],\"url\":\"https:\/\/hsfamericana.com.br\/index.php\/author\/nogueira\/\"}]}<\/script>\n<!-- \/ Yoast SEO plugin. -->","yoast_head_json":{"title":"Outubro Rosa: M\u00eas da Preven\u00e7\u00e3o contra o c\u00e2ncer de mama &#8226; Hospital S\u00e3o Francisco de Americana","robots":{"index":"index","follow":"follow","max-snippet":"max-snippet:-1","max-image-preview":"max-image-preview:large","max-video-preview":"max-video-preview:-1"},"canonical":"https:\/\/hsfamericana.com.br\/index.php\/outubro-rosa-mes-da-prevencao-contra-o-cancer-de-mama\/","og_locale":"pt_BR","og_type":"article","og_title":"Outubro Rosa: M\u00eas da Preven\u00e7\u00e3o contra o c\u00e2ncer de mama &#8226; Hospital S\u00e3o Francisco de Americana","og_description":"O Outubro Rosa tem como principal objetivo compartilhar informa\u00e7\u00f5es e conscientizar sobre a import\u00e2ncia da preven\u00e7\u00e3o contra o c\u00e2ncer de mama atrav\u00e9s do autoexame e dos servi\u00e7os de diagn\u00f3stico para a descoberta precoce da doen\u00e7a, de forma a aumentar as chances de cura. INCID\u00caNCIA E MORTALIDADE Segundo dados do INCA (Instituto Nacional de C\u00e2ncer), no [&hellip;]","og_url":"https:\/\/hsfamericana.com.br\/index.php\/outubro-rosa-mes-da-prevencao-contra-o-cancer-de-mama\/","og_site_name":"Hospital S\u00e3o Francisco de Americana","article_published_time":"2022-10-03T08:05:47+00:00","article_modified_time":"2022-10-03T12:12:43+00:00","og_image":[{"width":900,"height":417,"url":"https:\/\/hsfamericana.com.br\/wp-content\/uploads\/2022\/09\/noticia.png","type":"image\/png"}],"author":"HSF Americana","twitter_misc":{"Escrito por":"HSF Americana","Est. tempo de leitura":"2 minutos"},"schema":{"@context":"https:\/\/schema.org","@graph":[{"@type":"WebPage","@id":"https:\/\/hsfamericana.com.br\/index.php\/outubro-rosa-mes-da-prevencao-contra-o-cancer-de-mama\/","url":"https:\/\/hsfamericana.com.br\/index.php\/outubro-rosa-mes-da-prevencao-contra-o-cancer-de-mama\/","name":"Outubro Rosa: M\u00eas da Preven\u00e7\u00e3o contra o c\u00e2ncer de mama &#8226; Hospital S\u00e3o Francisco de Americana","isPartOf":{"@id":"https:\/\/hsfamericana.com.br\/#website"},"primaryImageOfPage":{"@id":"https:\/\/hsfamericana.com.br\/index.php\/outubro-rosa-mes-da-prevencao-contra-o-cancer-de-mama\/#primaryimage"},"image":{"@id":"https:\/\/hsfamericana.com.br\/index.php\/outubro-rosa-mes-da-prevencao-contra-o-cancer-de-mama\/#primaryimage"},"thumbnailUrl":"https:\/\/hsfamericana.com.br\/wp-content\/uploads\/2022\/09\/noticia.png","datePublished":"2022-10-03T08:05:47+00:00","dateModified":"2022-10-03T12:12:43+00:00","author":{"@id":"https:\/\/hsfamericana.com.br\/#\/schema\/person\/3b12fcdd81c4d645a927c9ba010d1551"},"breadcrumb":{"@id":"https:\/\/hsfamericana.com.br\/index.php\/outubro-rosa-mes-da-prevencao-contra-o-cancer-de-mama\/#breadcrumb"},"inLanguage":"pt-BR","potentialAction":[{"@type":"ReadAction","target":["https:\/\/hsfamericana.com.br\/index.php\/outubro-rosa-mes-da-prevencao-contra-o-cancer-de-mama\/"]}]},{"@type":"ImageObject","inLanguage":"pt-BR","@id":"https:\/\/hsfamericana.com.br\/index.php\/outubro-rosa-mes-da-prevencao-contra-o-cancer-de-mama\/#primaryimage","url":"https:\/\/hsfamericana.com.br\/wp-content\/uploads\/2022\/09\/noticia.png","contentUrl":"https:\/\/hsfamericana.com.br\/wp-content\/uploads\/2022\/09\/noticia.png","width":900,"height":417},{"@type":"BreadcrumbList","@id":"https:\/\/hsfamericana.com.br\/index.php\/outubro-rosa-mes-da-prevencao-contra-o-cancer-de-mama\/#breadcrumb","itemListElement":[{"@type":"ListItem","position":1,"name":"In\u00edcio","item":"https:\/\/hsfamericana.com.br\/"},{"@type":"ListItem","position":2,"name":"Outubro Rosa: M\u00eas da Preven\u00e7\u00e3o contra o c\u00e2ncer de mama"}]},{"@type":"WebSite","@id":"https:\/\/hsfamericana.com.br\/#website","url":"https:\/\/hsfamericana.com.br\/","name":"Hospital S\u00e3o Francisco de Americana","description":"O mais completo da regi\u00e3o de Campinas","potentialAction":[{"@type":"SearchAction","target":{"@type":"EntryPoint","urlTemplate":"https:\/\/hsfamericana.com.br\/?s={search_term_string}"},"query-input":{"@type":"PropertyValueSpecification","valueRequired":true,"valueName":"search_term_string"}}],"inLanguage":"pt-BR"},{"@type":"Person","@id":"https:\/\/hsfamericana.com.br\/#\/schema\/person\/3b12fcdd81c4d645a927c9ba010d1551","name":"HSF Americana","image":{"@type":"ImageObject","inLanguage":"pt-BR","@id":"https:\/\/hsfamericana.com.br\/#\/schema\/person\/image\/","url":"https:\/\/secure.gravatar.com\/avatar\/5166f96d8390f878591229db68525bd3f5c9f157e02efd0ba33755d400e0b4f1?s=96&d=mm&r=g","contentUrl":"https:\/\/secure.gravatar.com\/avatar\/5166f96d8390f878591229db68525bd3f5c9f157e02efd0ba33755d400e0b4f1?s=96&d=mm&r=g","caption":"HSF Americana"},"sameAs":["https:\/\/www.hsfamericana.com.br"],"url":"https:\/\/hsfamericana.com.br\/index.php\/author\/nogueira\/"}]}},"_links":{"self":[{"href":"https:\/\/hsfamericana.com.br\/index.php\/wp-json\/wp\/v2\/posts\/4128","targetHints":{"allow":["GET"]}}],"collection":[{"href":"https:\/\/hsfamericana.com.br\/index.php\/wp-json\/wp\/v2\/posts"}],"about":[{"href":"https:\/\/hsfamericana.com.br\/index.php\/wp-json\/wp\/v2\/types\/post"}],"author":[{"embeddable":true,"href":"https:\/\/hsfamericana.com.br\/index.php\/wp-json\/wp\/v2\/users\/2"}],"replies":[{"embeddable":true,"href":"https:\/\/hsfamericana.com.br\/index.php\/wp-json\/wp\/v2\/comments?post=4128"}],"version-history":[{"count":2,"href":"https:\/\/hsfamericana.com.br\/index.php\/wp-json\/wp\/v2\/posts\/4128\/revisions"}],"predecessor-version":[{"id":4131,"href":"https:\/\/hsfamericana.com.br\/index.php\/wp-json\/wp\/v2\/posts\/4128\/revisions\/4131"}],"wp:featuredmedia":[{"embeddable":true,"href":"https:\/\/hsfamericana.com.br\/index.php\/wp-json\/wp\/v2\/media\/4129"}],"wp:attachment":[{"href":"https:\/\/hsfamericana.com.br\/index.php\/wp-json\/wp\/v2\/media?parent=4128"}],"wp:term":[{"taxonomy":"category","embeddable":true,"href":"https:\/\/hsfamericana.com.br\/index.php\/wp-json\/wp\/v2\/categories?post=4128"},{"taxonomy":"post_tag","embeddable":true,"href":"https:\/\/hsfamericana.com.br\/index.php\/wp-json\/wp\/v2\/tags?post=4128"}],"curies":[{"name":"wp","href":"https:\/\/api.w.org\/{rel}","templated":true}]}}