{"id":4230,"date":"2022-11-01T08:05:04","date_gmt":"2022-11-01T08:05:04","guid":{"rendered":"https:\/\/www.hsfamericana.com.br\/?p=4230"},"modified":"2022-11-01T11:29:21","modified_gmt":"2022-11-01T11:29:21","slug":"novembro-azul-juntos-pelo-combate-ao-cancer-de-prostata","status":"publish","type":"post","link":"https:\/\/hsfamericana.com.br\/index.php\/novembro-azul-juntos-pelo-combate-ao-cancer-de-prostata\/","title":{"rendered":"Novembro Azul: Juntos pelo combate ao c\u00e2ncer de pr\u00f3stata"},"content":{"rendered":"<img loading=\"lazy\" decoding=\"async\" class=\"alignleft size-full wp-image-4232\" src=\"https:\/\/www.hsfamericana.com.br\/wp-content\/uploads\/2022\/10\/363.1-HSF-Noticia.png\" alt=\"\" width=\"900\" height=\"417\" srcset=\"https:\/\/hsfamericana.com.br\/wp-content\/uploads\/2022\/10\/363.1-HSF-Noticia.png 900w, https:\/\/hsfamericana.com.br\/wp-content\/uploads\/2022\/10\/363.1-HSF-Noticia-768x355.png 768w\" sizes=\"auto, (max-width: 900px) 100vw, 900px\" \/>\n<p>Estima-se que entre os anos de 2020 e 2022, surgiram 66 mil novos casos de c\u00e2ncer de pr\u00f3stata no Brasil, segundo o INCA. O n\u00famero crescente nos faz enxergar as necessidades das campanhas de Novembro Azul, para incentivar homens a se cuidarem e buscarem o diagn\u00f3stico precoce para a doen\u00e7a.<\/p>\n<p>De acordo com especialistas, n\u00e3o existem medidas preventivas espec\u00edficas e assertivas para se evitar o c\u00e2ncer de pr\u00f3stata. Por isso, os homens devem, desde cedo, manter h\u00e1bitos saud\u00e1veis em suas vidas para reduzir as chances de desenvolver a doen\u00e7a.<\/p>\n<p><strong>O que \u00e9 o c\u00e2ncer de pr\u00f3stata?<\/strong><\/p>\n<p>A pr\u00f3stata \u00e9 uma gl\u00e2ndula presente na parte baixa do abd\u00f4men e que s\u00f3 os homens possuem. Sua fun\u00e7\u00e3o \u00e9 a produ\u00e7\u00e3o e armazenamento de s\u00eamen. Quando \u00e9 atingida pelo c\u00e2ncer, h\u00e1 uma multiplica\u00e7\u00e3o desordenada de suas c\u00e9lulas e a gl\u00e2ndula fica endurecida. O tumor \u00e9 o mais comum em homens acima de 50 anos.<\/p>\n<p><strong>Exames preventivos<\/strong><\/p>\n<p>Em fase inicial, pode n\u00e3o apresentar sintomas, por isso, os exames peri\u00f3dicos feitos por um m\u00e9dico urologista s\u00e3o a melhor forma de assegurar um tratamento adequado com maiores possibilidades de cura total.<\/p>\n<p>Os homens a partir dos 45 anos de idade devem procurar o profissional para conversar sobre o exame de toque retal e o exame de sangue PSA, utilizado para diagnosticar os n\u00edveis de Ant\u00edgenos Prost\u00e1ticos Espec\u00edficos, uma prote\u00edna produzida pela pr\u00f3stata que, em n\u00edveis elevados, pode significar c\u00e2ncer ou doen\u00e7as benignas no \u00f3rg\u00e3o.<\/p>\n<p>Somente uma biopsia \u00e9 realmente capaz de confirmar a presen\u00e7a do c\u00e2ncer.<\/p>\n<p><strong>Sintomas<\/strong><\/p>\n<p>Embora seja comum que o c\u00e2ncer de pr\u00f3stata n\u00e3o apresente sintomas em sua fase inicial, alguns desses sinais podem indicar a presen\u00e7a do tumor no organismo:<\/p>\n<ul>\n<li>&#8211; Dificuldade de urinar<\/li>\n<li>&#8211; Demora a come\u00e7ar e\/ou terminar de urinar<\/li>\n<li>&#8211; Sangue na urina<\/li>\n<li>&#8211; Diminui\u00e7\u00e3o do jato de urina<\/li>\n<li>&#8211; Necessidade de urinar mais vezes durante o dia ou a noite<\/li>\n<\/ul>\n<p>Esses sintomas tamb\u00e9m podem significar doen\u00e7as benignas na pr\u00f3stata, como a hiperblasia e a prostatite. Mesmo assim, ao reconhecer um desses sintomas, n\u00e3o demore a procurar o seu m\u00e9dico urologista. O diagn\u00f3stico precoce \u00e9 o que pode salvar sua vida!<\/p>\n<p><strong>Fonte: <\/strong>HSF \/ INCA<\/p>\n","protected":false},"excerpt":{"rendered":"<p>Estima-se que entre os anos de 2020 e 2022, surgiram 66 mil novos casos de c\u00e2ncer de pr\u00f3stata no Brasil, segundo o INCA. O n\u00famero crescente nos faz enxergar as necessidades das campanhas de Novembro Azul, para incentivar homens a se cuidarem e buscarem o diagn\u00f3stico precoce para a doen\u00e7a. De acordo com especialistas, n\u00e3o [&hellip;]<\/p>\n","protected":false},"author":2,"featured_media":4232,"comment_status":"open","ping_status":"open","sticky":false,"template":"","format":"standard","meta":{"_acf_changed":false,"footnotes":""},"categories":[4],"tags":[40,50,24,23,38,28,27,241],"class_list":["post-4230","post","type-post","status-publish","format-standard","has-post-thumbnail","hentry","category-noticias","tag-cancer-de-prostata","tag-hospital","tag-hospital-sao-francisco","tag-hsf-americana","tag-novembro-azul","tag-prevencao","tag-saude","tag-saude-do-homem"],"acf":[],"yoast_head":"<!-- This site is optimized with the Yoast SEO plugin v25.2 - https:\/\/yoast.com\/wordpress\/plugins\/seo\/ -->\n<title>Novembro Azul: Juntos pelo combate ao c\u00e2ncer de pr\u00f3stata &#8226; Hospital S\u00e3o Francisco de Americana<\/title>\n<meta name=\"robots\" content=\"index, follow, max-snippet:-1, max-image-preview:large, max-video-preview:-1\" \/>\n<link rel=\"canonical\" href=\"https:\/\/hsfamericana.com.br\/index.php\/novembro-azul-juntos-pelo-combate-ao-cancer-de-prostata\/\" \/>\n<meta property=\"og:locale\" content=\"pt_BR\" \/>\n<meta property=\"og:type\" content=\"article\" \/>\n<meta property=\"og:title\" content=\"Novembro Azul: Juntos pelo combate ao c\u00e2ncer de pr\u00f3stata &#8226; Hospital S\u00e3o Francisco de Americana\" \/>\n<meta property=\"og:description\" content=\"Estima-se que entre os anos de 2020 e 2022, surgiram 66 mil novos casos de c\u00e2ncer de pr\u00f3stata no Brasil, segundo o INCA. O n\u00famero crescente nos faz enxergar as necessidades das campanhas de Novembro Azul, para incentivar homens a se cuidarem e buscarem o diagn\u00f3stico precoce para a doen\u00e7a. De acordo com especialistas, n\u00e3o [&hellip;]\" \/>\n<meta property=\"og:url\" content=\"https:\/\/hsfamericana.com.br\/index.php\/novembro-azul-juntos-pelo-combate-ao-cancer-de-prostata\/\" \/>\n<meta property=\"og:site_name\" content=\"Hospital S\u00e3o Francisco de Americana\" \/>\n<meta property=\"article:published_time\" content=\"2022-11-01T08:05:04+00:00\" \/>\n<meta property=\"article:modified_time\" content=\"2022-11-01T11:29:21+00:00\" \/>\n<meta property=\"og:image\" content=\"https:\/\/hsfamericana.com.br\/wp-content\/uploads\/2022\/10\/363.1-HSF-Noticia.png\" \/>\n\t<meta property=\"og:image:width\" content=\"900\" \/>\n\t<meta property=\"og:image:height\" content=\"417\" \/>\n\t<meta property=\"og:image:type\" content=\"image\/png\" \/>\n<meta name=\"author\" content=\"HSF Americana\" \/>\n<meta name=\"twitter:label1\" content=\"Escrito por\" \/>\n\t<meta name=\"twitter:data1\" content=\"HSF Americana\" \/>\n\t<meta name=\"twitter:label2\" content=\"Est. tempo de leitura\" \/>\n\t<meta name=\"twitter:data2\" content=\"2 minutos\" \/>\n<script type=\"application\/ld+json\" class=\"yoast-schema-graph\">{\"@context\":\"https:\/\/schema.org\",\"@graph\":[{\"@type\":\"WebPage\",\"@id\":\"https:\/\/hsfamericana.com.br\/index.php\/novembro-azul-juntos-pelo-combate-ao-cancer-de-prostata\/\",\"url\":\"https:\/\/hsfamericana.com.br\/index.php\/novembro-azul-juntos-pelo-combate-ao-cancer-de-prostata\/\",\"name\":\"Novembro Azul: Juntos pelo combate ao c\u00e2ncer de pr\u00f3stata &#8226; Hospital S\u00e3o Francisco de Americana\",\"isPartOf\":{\"@id\":\"https:\/\/hsfamericana.com.br\/#website\"},\"primaryImageOfPage\":{\"@id\":\"https:\/\/hsfamericana.com.br\/index.php\/novembro-azul-juntos-pelo-combate-ao-cancer-de-prostata\/#primaryimage\"},\"image\":{\"@id\":\"https:\/\/hsfamericana.com.br\/index.php\/novembro-azul-juntos-pelo-combate-ao-cancer-de-prostata\/#primaryimage\"},\"thumbnailUrl\":\"https:\/\/hsfamericana.com.br\/wp-content\/uploads\/2022\/10\/363.1-HSF-Noticia.png\",\"datePublished\":\"2022-11-01T08:05:04+00:00\",\"dateModified\":\"2022-11-01T11:29:21+00:00\",\"author\":{\"@id\":\"https:\/\/hsfamericana.com.br\/#\/schema\/person\/3b12fcdd81c4d645a927c9ba010d1551\"},\"breadcrumb\":{\"@id\":\"https:\/\/hsfamericana.com.br\/index.php\/novembro-azul-juntos-pelo-combate-ao-cancer-de-prostata\/#breadcrumb\"},\"inLanguage\":\"pt-BR\",\"potentialAction\":[{\"@type\":\"ReadAction\",\"target\":[\"https:\/\/hsfamericana.com.br\/index.php\/novembro-azul-juntos-pelo-combate-ao-cancer-de-prostata\/\"]}]},{\"@type\":\"ImageObject\",\"inLanguage\":\"pt-BR\",\"@id\":\"https:\/\/hsfamericana.com.br\/index.php\/novembro-azul-juntos-pelo-combate-ao-cancer-de-prostata\/#primaryimage\",\"url\":\"https:\/\/hsfamericana.com.br\/wp-content\/uploads\/2022\/10\/363.1-HSF-Noticia.png\",\"contentUrl\":\"https:\/\/hsfamericana.com.br\/wp-content\/uploads\/2022\/10\/363.1-HSF-Noticia.png\",\"width\":900,\"height\":417},{\"@type\":\"BreadcrumbList\",\"@id\":\"https:\/\/hsfamericana.com.br\/index.php\/novembro-azul-juntos-pelo-combate-ao-cancer-de-prostata\/#breadcrumb\",\"itemListElement\":[{\"@type\":\"ListItem\",\"position\":1,\"name\":\"In\u00edcio\",\"item\":\"https:\/\/hsfamericana.com.br\/\"},{\"@type\":\"ListItem\",\"position\":2,\"name\":\"Novembro Azul: Juntos pelo combate ao c\u00e2ncer de pr\u00f3stata\"}]},{\"@type\":\"WebSite\",\"@id\":\"https:\/\/hsfamericana.com.br\/#website\",\"url\":\"https:\/\/hsfamericana.com.br\/\",\"name\":\"Hospital S\u00e3o Francisco de Americana\",\"description\":\"O mais completo da regi\u00e3o de Campinas\",\"potentialAction\":[{\"@type\":\"SearchAction\",\"target\":{\"@type\":\"EntryPoint\",\"urlTemplate\":\"https:\/\/hsfamericana.com.br\/?s={search_term_string}\"},\"query-input\":{\"@type\":\"PropertyValueSpecification\",\"valueRequired\":true,\"valueName\":\"search_term_string\"}}],\"inLanguage\":\"pt-BR\"},{\"@type\":\"Person\",\"@id\":\"https:\/\/hsfamericana.com.br\/#\/schema\/person\/3b12fcdd81c4d645a927c9ba010d1551\",\"name\":\"HSF Americana\",\"image\":{\"@type\":\"ImageObject\",\"inLanguage\":\"pt-BR\",\"@id\":\"https:\/\/hsfamericana.com.br\/#\/schema\/person\/image\/\",\"url\":\"https:\/\/secure.gravatar.com\/avatar\/5166f96d8390f878591229db68525bd3f5c9f157e02efd0ba33755d400e0b4f1?s=96&d=mm&r=g\",\"contentUrl\":\"https:\/\/secure.gravatar.com\/avatar\/5166f96d8390f878591229db68525bd3f5c9f157e02efd0ba33755d400e0b4f1?s=96&d=mm&r=g\",\"caption\":\"HSF Americana\"},\"sameAs\":[\"https:\/\/www.hsfamericana.com.br\"],\"url\":\"https:\/\/hsfamericana.com.br\/index.php\/author\/nogueira\/\"}]}<\/script>\n<!-- \/ Yoast SEO plugin. -->","yoast_head_json":{"title":"Novembro Azul: Juntos pelo combate ao c\u00e2ncer de pr\u00f3stata &#8226; Hospital S\u00e3o Francisco de Americana","robots":{"index":"index","follow":"follow","max-snippet":"max-snippet:-1","max-image-preview":"max-image-preview:large","max-video-preview":"max-video-preview:-1"},"canonical":"https:\/\/hsfamericana.com.br\/index.php\/novembro-azul-juntos-pelo-combate-ao-cancer-de-prostata\/","og_locale":"pt_BR","og_type":"article","og_title":"Novembro Azul: Juntos pelo combate ao c\u00e2ncer de pr\u00f3stata &#8226; Hospital S\u00e3o Francisco de Americana","og_description":"Estima-se que entre os anos de 2020 e 2022, surgiram 66 mil novos casos de c\u00e2ncer de pr\u00f3stata no Brasil, segundo o INCA. O n\u00famero crescente nos faz enxergar as necessidades das campanhas de Novembro Azul, para incentivar homens a se cuidarem e buscarem o diagn\u00f3stico precoce para a doen\u00e7a. De acordo com especialistas, n\u00e3o [&hellip;]","og_url":"https:\/\/hsfamericana.com.br\/index.php\/novembro-azul-juntos-pelo-combate-ao-cancer-de-prostata\/","og_site_name":"Hospital S\u00e3o Francisco de Americana","article_published_time":"2022-11-01T08:05:04+00:00","article_modified_time":"2022-11-01T11:29:21+00:00","og_image":[{"width":900,"height":417,"url":"https:\/\/hsfamericana.com.br\/wp-content\/uploads\/2022\/10\/363.1-HSF-Noticia.png","type":"image\/png"}],"author":"HSF Americana","twitter_misc":{"Escrito por":"HSF Americana","Est. tempo de leitura":"2 minutos"},"schema":{"@context":"https:\/\/schema.org","@graph":[{"@type":"WebPage","@id":"https:\/\/hsfamericana.com.br\/index.php\/novembro-azul-juntos-pelo-combate-ao-cancer-de-prostata\/","url":"https:\/\/hsfamericana.com.br\/index.php\/novembro-azul-juntos-pelo-combate-ao-cancer-de-prostata\/","name":"Novembro Azul: Juntos pelo combate ao c\u00e2ncer de pr\u00f3stata &#8226; Hospital S\u00e3o Francisco de Americana","isPartOf":{"@id":"https:\/\/hsfamericana.com.br\/#website"},"primaryImageOfPage":{"@id":"https:\/\/hsfamericana.com.br\/index.php\/novembro-azul-juntos-pelo-combate-ao-cancer-de-prostata\/#primaryimage"},"image":{"@id":"https:\/\/hsfamericana.com.br\/index.php\/novembro-azul-juntos-pelo-combate-ao-cancer-de-prostata\/#primaryimage"},"thumbnailUrl":"https:\/\/hsfamericana.com.br\/wp-content\/uploads\/2022\/10\/363.1-HSF-Noticia.png","datePublished":"2022-11-01T08:05:04+00:00","dateModified":"2022-11-01T11:29:21+00:00","author":{"@id":"https:\/\/hsfamericana.com.br\/#\/schema\/person\/3b12fcdd81c4d645a927c9ba010d1551"},"breadcrumb":{"@id":"https:\/\/hsfamericana.com.br\/index.php\/novembro-azul-juntos-pelo-combate-ao-cancer-de-prostata\/#breadcrumb"},"inLanguage":"pt-BR","potentialAction":[{"@type":"ReadAction","target":["https:\/\/hsfamericana.com.br\/index.php\/novembro-azul-juntos-pelo-combate-ao-cancer-de-prostata\/"]}]},{"@type":"ImageObject","inLanguage":"pt-BR","@id":"https:\/\/hsfamericana.com.br\/index.php\/novembro-azul-juntos-pelo-combate-ao-cancer-de-prostata\/#primaryimage","url":"https:\/\/hsfamericana.com.br\/wp-content\/uploads\/2022\/10\/363.1-HSF-Noticia.png","contentUrl":"https:\/\/hsfamericana.com.br\/wp-content\/uploads\/2022\/10\/363.1-HSF-Noticia.png","width":900,"height":417},{"@type":"BreadcrumbList","@id":"https:\/\/hsfamericana.com.br\/index.php\/novembro-azul-juntos-pelo-combate-ao-cancer-de-prostata\/#breadcrumb","itemListElement":[{"@type":"ListItem","position":1,"name":"In\u00edcio","item":"https:\/\/hsfamericana.com.br\/"},{"@type":"ListItem","position":2,"name":"Novembro Azul: Juntos pelo combate ao c\u00e2ncer de pr\u00f3stata"}]},{"@type":"WebSite","@id":"https:\/\/hsfamericana.com.br\/#website","url":"https:\/\/hsfamericana.com.br\/","name":"Hospital S\u00e3o Francisco de Americana","description":"O mais completo da regi\u00e3o de Campinas","potentialAction":[{"@type":"SearchAction","target":{"@type":"EntryPoint","urlTemplate":"https:\/\/hsfamericana.com.br\/?s={search_term_string}"},"query-input":{"@type":"PropertyValueSpecification","valueRequired":true,"valueName":"search_term_string"}}],"inLanguage":"pt-BR"},{"@type":"Person","@id":"https:\/\/hsfamericana.com.br\/#\/schema\/person\/3b12fcdd81c4d645a927c9ba010d1551","name":"HSF Americana","image":{"@type":"ImageObject","inLanguage":"pt-BR","@id":"https:\/\/hsfamericana.com.br\/#\/schema\/person\/image\/","url":"https:\/\/secure.gravatar.com\/avatar\/5166f96d8390f878591229db68525bd3f5c9f157e02efd0ba33755d400e0b4f1?s=96&d=mm&r=g","contentUrl":"https:\/\/secure.gravatar.com\/avatar\/5166f96d8390f878591229db68525bd3f5c9f157e02efd0ba33755d400e0b4f1?s=96&d=mm&r=g","caption":"HSF Americana"},"sameAs":["https:\/\/www.hsfamericana.com.br"],"url":"https:\/\/hsfamericana.com.br\/index.php\/author\/nogueira\/"}]}},"_links":{"self":[{"href":"https:\/\/hsfamericana.com.br\/index.php\/wp-json\/wp\/v2\/posts\/4230","targetHints":{"allow":["GET"]}}],"collection":[{"href":"https:\/\/hsfamericana.com.br\/index.php\/wp-json\/wp\/v2\/posts"}],"about":[{"href":"https:\/\/hsfamericana.com.br\/index.php\/wp-json\/wp\/v2\/types\/post"}],"author":[{"embeddable":true,"href":"https:\/\/hsfamericana.com.br\/index.php\/wp-json\/wp\/v2\/users\/2"}],"replies":[{"embeddable":true,"href":"https:\/\/hsfamericana.com.br\/index.php\/wp-json\/wp\/v2\/comments?post=4230"}],"version-history":[{"count":3,"href":"https:\/\/hsfamericana.com.br\/index.php\/wp-json\/wp\/v2\/posts\/4230\/revisions"}],"predecessor-version":[{"id":4234,"href":"https:\/\/hsfamericana.com.br\/index.php\/wp-json\/wp\/v2\/posts\/4230\/revisions\/4234"}],"wp:featuredmedia":[{"embeddable":true,"href":"https:\/\/hsfamericana.com.br\/index.php\/wp-json\/wp\/v2\/media\/4232"}],"wp:attachment":[{"href":"https:\/\/hsfamericana.com.br\/index.php\/wp-json\/wp\/v2\/media?parent=4230"}],"wp:term":[{"taxonomy":"category","embeddable":true,"href":"https:\/\/hsfamericana.com.br\/index.php\/wp-json\/wp\/v2\/categories?post=4230"},{"taxonomy":"post_tag","embeddable":true,"href":"https:\/\/hsfamericana.com.br\/index.php\/wp-json\/wp\/v2\/tags?post=4230"}],"curies":[{"name":"wp","href":"https:\/\/api.w.org\/{rel}","templated":true}]}}