{"id":4536,"date":"2023-08-01T11:49:41","date_gmt":"2023-08-01T11:49:41","guid":{"rendered":"https:\/\/www.hsfamericana.com.br\/?p=4536"},"modified":"2024-02-06T12:56:36","modified_gmt":"2024-02-06T12:56:36","slug":"agosto-dourado-mes-do-incentivo-ao-aleitamento-materno","status":"publish","type":"post","link":"https:\/\/hsfamericana.com.br\/index.php\/agosto-dourado-mes-do-incentivo-ao-aleitamento-materno\/","title":{"rendered":"Agosto dourado: m\u00eas do incentivo ao aleitamento materno"},"content":{"rendered":"<p>No m\u00eas de agosto \u00e9 realizada a campanha de incentivo ao aleitamento materno com o objetivo de conscientizar a popula\u00e7\u00e3o a respeito de seu valor que \u00e9 superior a qualquer outro leite na primeira inf\u00e2ncia.<\/p>\n<p>&nbsp;<\/p>\n<p>Segundos dados do Minist\u00e9rio da Sa\u00fade (OMS), a maioria das mulheres come\u00e7am a amamentar logo ap\u00f3s o parto, mas apenas 44% dos beb\u00eas recebem exclusivamente o leite materno at\u00e9 os seis meses. No Brasil, os dados se apresentam pr\u00f3ximos dessa m\u00e9dia mundial, com apenas 45,8% beb\u00eas amamentados at\u00e9 o sexto m\u00eas de vida, apontando um comportamento inquietante.\u00a0 Um relat\u00f3rio recente desse mesmo \u00f3rg\u00e3o p\u00fablico, apontou que ap\u00f3s o parto, as m\u00e3es desempenham um papel decisivo que, por falta de conhecimento, decidem dar f\u00f3rmula ao beb\u00ea no lugar do leite materno; outro fator tamb\u00e9m importante \u00e9 a escassez de leite e os seios machucados que, mesmo no processo de costume e aprendizagem, podem incomodar \u00e0s m\u00e3es, uma problem\u00e1tica frente \u00e0 uma nova realidade de vida que, sem o conhecimento da import\u00e2ncia do aleitamento materno, pode gerar preju\u00edzos futuros, uma vez que ele \u2013 al\u00e9m de saciar integralmente o beb\u00ea \u2013 carrega diversos outros componentes fundament\u00e1veis. S\u00e3o eles:<\/p>\n<p>&nbsp;<\/p>\n<ul>\n<li>Redu\u00e7\u00e3o dos riscos de diabetes, hipertens\u00e3o, hipercolesterol\u00eamica e obesidade na vida adulta;<\/li>\n<li>Favorecimento do desenvolvimento cognitivo e da fala;<\/li>\n<li>Prote\u00e7\u00e3o contra o c\u00e2ncer de mama;<\/li>\n<li>Preven\u00e7\u00e3o de riscos de mortes;<\/li>\n<li>Fortalecimento de v\u00ednculo afetivo entre m\u00e3e e filho.<\/li>\n<\/ul>\n<p>&nbsp;<\/p>\n<p>N\u00e3o apenas neste m\u00eas, mas no ano todo, \u00e9 extremamente importante se atentar \u00e0s necessidades do beb\u00ea para melhor desenvolvimento, sendo esse contato \u2013 o aleitamento materno \u2013 a principal, exercendo todos os pap\u00e9is que qualquer outro alimento poderia exercer. O exerc\u00edcio da amamenta\u00e7\u00e3o \u00e9 imensamente influenciado pelo meio onde a m\u00e3e est\u00e1 inserida e para o ato da amamenta\u00e7\u00e3o ser bem-sucedida, esta precisa constantemente de suporte e incentivo de profissionais de sa\u00fade, da sua fam\u00edlia e da comunidade.<\/p>\n<p>&nbsp;<\/p>\n<p><strong>Fonte:<\/strong> HSF. Organiza\u00e7\u00e3o Mundial de Sa\u00fade \u2013 OMS.<\/p>\n","protected":false},"excerpt":{"rendered":"<p>No m\u00eas de agosto \u00e9 realizada a campanha de incentivo ao aleitamento materno com o objetivo de conscientizar a popula\u00e7\u00e3o a respeito de seu valor que \u00e9 superior a qualquer outro leite na primeira inf\u00e2ncia. &nbsp; Segundos dados do Minist\u00e9rio da Sa\u00fade (OMS), a maioria das mulheres come\u00e7am a amamentar logo ap\u00f3s o parto, mas [&hellip;]<\/p>\n","protected":false},"author":2,"featured_media":4696,"comment_status":"open","ping_status":"open","sticky":false,"template":"","format":"standard","meta":{"_acf_changed":false,"footnotes":""},"categories":[4],"tags":[260,234,261,235,35,34,45,91,50,24,23,62,263,262,123,27,90,21],"class_list":["post-4536","post","type-post","status-publish","format-standard","has-post-thumbnail","hentry","category-noticias","tag-agosto","tag-agosto-dourado","tag-agosto-dourado-mes-do-incentivo-ao-aleitamento-materno","tag-aleitamento-materno","tag-campanha","tag-cancer-de-mama","tag-comemoracao","tag-diagnostico","tag-hospital","tag-hospital-sao-francisco","tag-hsf-americana","tag-humanizacao","tag-incentivo-ao-aleitamento-materno","tag-mes-do-incentivo-ao-aleitamento-materno","tag-qualidade-de-vida","tag-saude","tag-saude-da-mulher","tag-solidariedade"],"acf":[],"yoast_head":"<!-- This site is optimized with the Yoast SEO plugin v25.2 - https:\/\/yoast.com\/wordpress\/plugins\/seo\/ -->\n<title>Agosto dourado: m\u00eas do incentivo ao aleitamento materno &#8226; Hospital S\u00e3o Francisco de Americana<\/title>\n<meta name=\"robots\" content=\"index, follow, max-snippet:-1, max-image-preview:large, max-video-preview:-1\" \/>\n<link rel=\"canonical\" href=\"https:\/\/hsfamericana.com.br\/index.php\/agosto-dourado-mes-do-incentivo-ao-aleitamento-materno\/\" \/>\n<meta property=\"og:locale\" content=\"pt_BR\" \/>\n<meta property=\"og:type\" content=\"article\" \/>\n<meta property=\"og:title\" content=\"Agosto dourado: m\u00eas do incentivo ao aleitamento materno &#8226; Hospital S\u00e3o Francisco de Americana\" \/>\n<meta property=\"og:description\" content=\"No m\u00eas de agosto \u00e9 realizada a campanha de incentivo ao aleitamento materno com o objetivo de conscientizar a popula\u00e7\u00e3o a respeito de seu valor que \u00e9 superior a qualquer outro leite na primeira inf\u00e2ncia. &nbsp; Segundos dados do Minist\u00e9rio da Sa\u00fade (OMS), a maioria das mulheres come\u00e7am a amamentar logo ap\u00f3s o parto, mas [&hellip;]\" \/>\n<meta property=\"og:url\" content=\"https:\/\/hsfamericana.com.br\/index.php\/agosto-dourado-mes-do-incentivo-ao-aleitamento-materno\/\" \/>\n<meta property=\"og:site_name\" content=\"Hospital S\u00e3o Francisco de Americana\" \/>\n<meta property=\"article:published_time\" content=\"2023-08-01T11:49:41+00:00\" \/>\n<meta property=\"article:modified_time\" content=\"2024-02-06T12:56:36+00:00\" \/>\n<meta property=\"og:image\" content=\"https:\/\/hsfamericana.com.br\/wp-content\/uploads\/2023\/08\/679.-HSF-Not\u00edcia-Agosto.png\" \/>\n\t<meta property=\"og:image:width\" content=\"930\" \/>\n\t<meta property=\"og:image:height\" content=\"542\" \/>\n\t<meta property=\"og:image:type\" content=\"image\/png\" \/>\n<meta name=\"author\" content=\"HSF Americana\" \/>\n<meta name=\"twitter:label1\" content=\"Escrito por\" \/>\n\t<meta name=\"twitter:data1\" content=\"HSF Americana\" \/>\n\t<meta name=\"twitter:label2\" content=\"Est. tempo de leitura\" \/>\n\t<meta name=\"twitter:data2\" content=\"2 minutos\" \/>\n<script type=\"application\/ld+json\" class=\"yoast-schema-graph\">{\"@context\":\"https:\/\/schema.org\",\"@graph\":[{\"@type\":\"WebPage\",\"@id\":\"https:\/\/hsfamericana.com.br\/index.php\/agosto-dourado-mes-do-incentivo-ao-aleitamento-materno\/\",\"url\":\"https:\/\/hsfamericana.com.br\/index.php\/agosto-dourado-mes-do-incentivo-ao-aleitamento-materno\/\",\"name\":\"Agosto dourado: m\u00eas do incentivo ao aleitamento materno &#8226; Hospital S\u00e3o Francisco de Americana\",\"isPartOf\":{\"@id\":\"https:\/\/hsfamericana.com.br\/#website\"},\"primaryImageOfPage\":{\"@id\":\"https:\/\/hsfamericana.com.br\/index.php\/agosto-dourado-mes-do-incentivo-ao-aleitamento-materno\/#primaryimage\"},\"image\":{\"@id\":\"https:\/\/hsfamericana.com.br\/index.php\/agosto-dourado-mes-do-incentivo-ao-aleitamento-materno\/#primaryimage\"},\"thumbnailUrl\":\"https:\/\/hsfamericana.com.br\/wp-content\/uploads\/2023\/08\/679.-HSF-Not\u00edcia-Agosto.png\",\"datePublished\":\"2023-08-01T11:49:41+00:00\",\"dateModified\":\"2024-02-06T12:56:36+00:00\",\"author\":{\"@id\":\"https:\/\/hsfamericana.com.br\/#\/schema\/person\/3b12fcdd81c4d645a927c9ba010d1551\"},\"breadcrumb\":{\"@id\":\"https:\/\/hsfamericana.com.br\/index.php\/agosto-dourado-mes-do-incentivo-ao-aleitamento-materno\/#breadcrumb\"},\"inLanguage\":\"pt-BR\",\"potentialAction\":[{\"@type\":\"ReadAction\",\"target\":[\"https:\/\/hsfamericana.com.br\/index.php\/agosto-dourado-mes-do-incentivo-ao-aleitamento-materno\/\"]}]},{\"@type\":\"ImageObject\",\"inLanguage\":\"pt-BR\",\"@id\":\"https:\/\/hsfamericana.com.br\/index.php\/agosto-dourado-mes-do-incentivo-ao-aleitamento-materno\/#primaryimage\",\"url\":\"https:\/\/hsfamericana.com.br\/wp-content\/uploads\/2023\/08\/679.-HSF-Not\u00edcia-Agosto.png\",\"contentUrl\":\"https:\/\/hsfamericana.com.br\/wp-content\/uploads\/2023\/08\/679.-HSF-Not\u00edcia-Agosto.png\",\"width\":930,\"height\":542},{\"@type\":\"BreadcrumbList\",\"@id\":\"https:\/\/hsfamericana.com.br\/index.php\/agosto-dourado-mes-do-incentivo-ao-aleitamento-materno\/#breadcrumb\",\"itemListElement\":[{\"@type\":\"ListItem\",\"position\":1,\"name\":\"In\u00edcio\",\"item\":\"https:\/\/hsfamericana.com.br\/\"},{\"@type\":\"ListItem\",\"position\":2,\"name\":\"Agosto dourado: m\u00eas do incentivo ao aleitamento materno\"}]},{\"@type\":\"WebSite\",\"@id\":\"https:\/\/hsfamericana.com.br\/#website\",\"url\":\"https:\/\/hsfamericana.com.br\/\",\"name\":\"Hospital S\u00e3o Francisco de Americana\",\"description\":\"O mais completo da regi\u00e3o de Campinas\",\"potentialAction\":[{\"@type\":\"SearchAction\",\"target\":{\"@type\":\"EntryPoint\",\"urlTemplate\":\"https:\/\/hsfamericana.com.br\/?s={search_term_string}\"},\"query-input\":{\"@type\":\"PropertyValueSpecification\",\"valueRequired\":true,\"valueName\":\"search_term_string\"}}],\"inLanguage\":\"pt-BR\"},{\"@type\":\"Person\",\"@id\":\"https:\/\/hsfamericana.com.br\/#\/schema\/person\/3b12fcdd81c4d645a927c9ba010d1551\",\"name\":\"HSF Americana\",\"image\":{\"@type\":\"ImageObject\",\"inLanguage\":\"pt-BR\",\"@id\":\"https:\/\/hsfamericana.com.br\/#\/schema\/person\/image\/\",\"url\":\"https:\/\/secure.gravatar.com\/avatar\/5166f96d8390f878591229db68525bd3f5c9f157e02efd0ba33755d400e0b4f1?s=96&d=mm&r=g\",\"contentUrl\":\"https:\/\/secure.gravatar.com\/avatar\/5166f96d8390f878591229db68525bd3f5c9f157e02efd0ba33755d400e0b4f1?s=96&d=mm&r=g\",\"caption\":\"HSF Americana\"},\"sameAs\":[\"https:\/\/www.hsfamericana.com.br\"],\"url\":\"https:\/\/hsfamericana.com.br\/index.php\/author\/nogueira\/\"}]}<\/script>\n<!-- \/ Yoast SEO plugin. -->","yoast_head_json":{"title":"Agosto dourado: m\u00eas do incentivo ao aleitamento materno &#8226; Hospital S\u00e3o Francisco de Americana","robots":{"index":"index","follow":"follow","max-snippet":"max-snippet:-1","max-image-preview":"max-image-preview:large","max-video-preview":"max-video-preview:-1"},"canonical":"https:\/\/hsfamericana.com.br\/index.php\/agosto-dourado-mes-do-incentivo-ao-aleitamento-materno\/","og_locale":"pt_BR","og_type":"article","og_title":"Agosto dourado: m\u00eas do incentivo ao aleitamento materno &#8226; Hospital S\u00e3o Francisco de Americana","og_description":"No m\u00eas de agosto \u00e9 realizada a campanha de incentivo ao aleitamento materno com o objetivo de conscientizar a popula\u00e7\u00e3o a respeito de seu valor que \u00e9 superior a qualquer outro leite na primeira inf\u00e2ncia. &nbsp; Segundos dados do Minist\u00e9rio da Sa\u00fade (OMS), a maioria das mulheres come\u00e7am a amamentar logo ap\u00f3s o parto, mas [&hellip;]","og_url":"https:\/\/hsfamericana.com.br\/index.php\/agosto-dourado-mes-do-incentivo-ao-aleitamento-materno\/","og_site_name":"Hospital S\u00e3o Francisco de Americana","article_published_time":"2023-08-01T11:49:41+00:00","article_modified_time":"2024-02-06T12:56:36+00:00","og_image":[{"width":930,"height":542,"url":"https:\/\/hsfamericana.com.br\/wp-content\/uploads\/2023\/08\/679.-HSF-Not\u00edcia-Agosto.png","type":"image\/png"}],"author":"HSF Americana","twitter_misc":{"Escrito por":"HSF Americana","Est. tempo de leitura":"2 minutos"},"schema":{"@context":"https:\/\/schema.org","@graph":[{"@type":"WebPage","@id":"https:\/\/hsfamericana.com.br\/index.php\/agosto-dourado-mes-do-incentivo-ao-aleitamento-materno\/","url":"https:\/\/hsfamericana.com.br\/index.php\/agosto-dourado-mes-do-incentivo-ao-aleitamento-materno\/","name":"Agosto dourado: m\u00eas do incentivo ao aleitamento materno &#8226; Hospital S\u00e3o Francisco de Americana","isPartOf":{"@id":"https:\/\/hsfamericana.com.br\/#website"},"primaryImageOfPage":{"@id":"https:\/\/hsfamericana.com.br\/index.php\/agosto-dourado-mes-do-incentivo-ao-aleitamento-materno\/#primaryimage"},"image":{"@id":"https:\/\/hsfamericana.com.br\/index.php\/agosto-dourado-mes-do-incentivo-ao-aleitamento-materno\/#primaryimage"},"thumbnailUrl":"https:\/\/hsfamericana.com.br\/wp-content\/uploads\/2023\/08\/679.-HSF-Not\u00edcia-Agosto.png","datePublished":"2023-08-01T11:49:41+00:00","dateModified":"2024-02-06T12:56:36+00:00","author":{"@id":"https:\/\/hsfamericana.com.br\/#\/schema\/person\/3b12fcdd81c4d645a927c9ba010d1551"},"breadcrumb":{"@id":"https:\/\/hsfamericana.com.br\/index.php\/agosto-dourado-mes-do-incentivo-ao-aleitamento-materno\/#breadcrumb"},"inLanguage":"pt-BR","potentialAction":[{"@type":"ReadAction","target":["https:\/\/hsfamericana.com.br\/index.php\/agosto-dourado-mes-do-incentivo-ao-aleitamento-materno\/"]}]},{"@type":"ImageObject","inLanguage":"pt-BR","@id":"https:\/\/hsfamericana.com.br\/index.php\/agosto-dourado-mes-do-incentivo-ao-aleitamento-materno\/#primaryimage","url":"https:\/\/hsfamericana.com.br\/wp-content\/uploads\/2023\/08\/679.-HSF-Not\u00edcia-Agosto.png","contentUrl":"https:\/\/hsfamericana.com.br\/wp-content\/uploads\/2023\/08\/679.-HSF-Not\u00edcia-Agosto.png","width":930,"height":542},{"@type":"BreadcrumbList","@id":"https:\/\/hsfamericana.com.br\/index.php\/agosto-dourado-mes-do-incentivo-ao-aleitamento-materno\/#breadcrumb","itemListElement":[{"@type":"ListItem","position":1,"name":"In\u00edcio","item":"https:\/\/hsfamericana.com.br\/"},{"@type":"ListItem","position":2,"name":"Agosto dourado: m\u00eas do incentivo ao aleitamento materno"}]},{"@type":"WebSite","@id":"https:\/\/hsfamericana.com.br\/#website","url":"https:\/\/hsfamericana.com.br\/","name":"Hospital S\u00e3o Francisco de Americana","description":"O mais completo da regi\u00e3o de Campinas","potentialAction":[{"@type":"SearchAction","target":{"@type":"EntryPoint","urlTemplate":"https:\/\/hsfamericana.com.br\/?s={search_term_string}"},"query-input":{"@type":"PropertyValueSpecification","valueRequired":true,"valueName":"search_term_string"}}],"inLanguage":"pt-BR"},{"@type":"Person","@id":"https:\/\/hsfamericana.com.br\/#\/schema\/person\/3b12fcdd81c4d645a927c9ba010d1551","name":"HSF Americana","image":{"@type":"ImageObject","inLanguage":"pt-BR","@id":"https:\/\/hsfamericana.com.br\/#\/schema\/person\/image\/","url":"https:\/\/secure.gravatar.com\/avatar\/5166f96d8390f878591229db68525bd3f5c9f157e02efd0ba33755d400e0b4f1?s=96&d=mm&r=g","contentUrl":"https:\/\/secure.gravatar.com\/avatar\/5166f96d8390f878591229db68525bd3f5c9f157e02efd0ba33755d400e0b4f1?s=96&d=mm&r=g","caption":"HSF Americana"},"sameAs":["https:\/\/www.hsfamericana.com.br"],"url":"https:\/\/hsfamericana.com.br\/index.php\/author\/nogueira\/"}]}},"_links":{"self":[{"href":"https:\/\/hsfamericana.com.br\/index.php\/wp-json\/wp\/v2\/posts\/4536","targetHints":{"allow":["GET"]}}],"collection":[{"href":"https:\/\/hsfamericana.com.br\/index.php\/wp-json\/wp\/v2\/posts"}],"about":[{"href":"https:\/\/hsfamericana.com.br\/index.php\/wp-json\/wp\/v2\/types\/post"}],"author":[{"embeddable":true,"href":"https:\/\/hsfamericana.com.br\/index.php\/wp-json\/wp\/v2\/users\/2"}],"replies":[{"embeddable":true,"href":"https:\/\/hsfamericana.com.br\/index.php\/wp-json\/wp\/v2\/comments?post=4536"}],"version-history":[{"count":4,"href":"https:\/\/hsfamericana.com.br\/index.php\/wp-json\/wp\/v2\/posts\/4536\/revisions"}],"predecessor-version":[{"id":4541,"href":"https:\/\/hsfamericana.com.br\/index.php\/wp-json\/wp\/v2\/posts\/4536\/revisions\/4541"}],"wp:featuredmedia":[{"embeddable":true,"href":"https:\/\/hsfamericana.com.br\/index.php\/wp-json\/wp\/v2\/media\/4696"}],"wp:attachment":[{"href":"https:\/\/hsfamericana.com.br\/index.php\/wp-json\/wp\/v2\/media?parent=4536"}],"wp:term":[{"taxonomy":"category","embeddable":true,"href":"https:\/\/hsfamericana.com.br\/index.php\/wp-json\/wp\/v2\/categories?post=4536"},{"taxonomy":"post_tag","embeddable":true,"href":"https:\/\/hsfamericana.com.br\/index.php\/wp-json\/wp\/v2\/tags?post=4536"}],"curies":[{"name":"wp","href":"https:\/\/api.w.org\/{rel}","templated":true}]}}