{"id":4572,"date":"2023-10-02T12:48:26","date_gmt":"2023-10-02T12:48:26","guid":{"rendered":"https:\/\/www.hsfamericana.com.br\/?p=4572"},"modified":"2024-02-06T12:54:31","modified_gmt":"2024-02-06T12:54:31","slug":"cuidar-da-saude-e-um-gesto-valioso-previna-se-outubro-rosa-mes-da-conscientizacao-do-cancer-de-mama","status":"publish","type":"post","link":"https:\/\/hsfamericana.com.br\/index.php\/cuidar-da-saude-e-um-gesto-valioso-previna-se-outubro-rosa-mes-da-conscientizacao-do-cancer-de-mama\/","title":{"rendered":"Cuidar da sa\u00fade \u00e9 um gesto valioso, previna-se! Outubro Rosa: M\u00eas da Conscientiza\u00e7\u00e3o do C\u00e2ncer de Mama"},"content":{"rendered":"<img loading=\"lazy\" decoding=\"async\" class=\"alignleft size-full wp-image-4568\" src=\"https:\/\/www.hsfamericana.com.br\/wp-content\/uploads\/2023\/10\/BANNER-1.png\" alt=\"\" width=\"1384\" height=\"644\" \/>\n<p><em>A pr\u00e1tica do autoexame \u00e9 contraindicada para o rastreamento da doen\u00e7a; a mamografia \u00e9 o exame mais indicado para identificar a doen\u00e7a de forma precoce, aumentando as chances de cura.<\/em><\/p>\n<p>O m\u00eas de outubro, tamb\u00e9m conhecido como Outubro Rosa, tem como objetivo conscientizar \u00e0 popula\u00e7\u00e3o sobre a import\u00e2ncia do diagn\u00f3stico e da preven\u00e7\u00e3o do c\u00e2ncer de mama.<\/p>\n<p>A patologia que apresenta mais de 2 milh\u00f5es de novos casos anualmente, \u00e9 mais comum em mulheres (cerca de apenas 1% de indiv\u00edduos do g\u00eanero masculino a apresentam), sendo uma doen\u00e7a causada pela multiplica\u00e7\u00e3o desordenada de c\u00e9lulas anormais da mama, que forma um tumor com potencial de invadir outros \u00f3rg\u00e3os. Ela \u00e9 relativamente f\u00e1cil de identificar, j\u00e1 que \u00e9 acompanhada de um caro\u00e7o no seio ou embaixo dos bra\u00e7os, que pode \u2013 ou n\u00e3o \u2013 causar dores.<\/p>\n<p>O c\u00e2ncer de mama possui v\u00e1rios tipos, sendo alguns, capazes de se desenvolverem com facilidade, manifestando a import\u00e2ncia de consultar um profissional de sa\u00fade; o c\u00e2ncer de mama tamb\u00e9m pode apresentar outros sintomas, como:<\/p>\n<ul>\n<li>Retra\u00e7\u00f5es da pele e do mamilo;<\/li>\n<li>Mama com aspecto de casca de laranja;<\/li>\n<li>Sa\u00edda de secre\u00e7\u00f5es aquosas ou com sangue pelo mamilo;<\/li>\n<li>Vermelhid\u00e3o na pele da mama.<\/li>\n<\/ul>\n<p>Esta patologia tamb\u00e9m pode ser silenciosa, ou seja, se manifestar sem apresentar sintomas. O rastreamento do c\u00e2ncer de mama \u00e9 uma estrat\u00e9gia para evitar os danos \u00e0 sa\u00fade e reduzir a mortalidade pela doen\u00e7a, sendo indicado \u00e0s mulheres a partir de 40 anos de idade, com periodicidade (de 2 em 2 anos), a mamografia, e aos homens \u2013 em qualquer faixa et\u00e1ria quando houver a suspeita cl\u00ednica de ginecomastia ou n\u00f3dulos palp\u00e1veis \u2013 a mamografia diagn\u00f3stica e\/ou ultrassom de mama.<\/p>\n<p>O rastreamento do c\u00e2ncer de mama, n\u00e3o exclui a import\u00e2ncia das estrat\u00e9gias de preven\u00e7\u00e3o, como:<\/p>\n<ul>\n<li>Praticar exerc\u00edcios f\u00edsicos;<\/li>\n<li>Manter o peso corporal adequado;<\/li>\n<li>Possuir uma alimenta\u00e7\u00e3o saud\u00e1vel e equilibrada;<\/li>\n<li>Evitar ou reduzir o consumo de bebidas alco\u00f3licas.<\/li>\n<\/ul>\n<p><strong>Por que o autoexame deixou de ser recomendado?<\/strong><\/p>\n<p>De acordo com a Sociedade Brasileira de Mastologia (SBM), o autoexame deixou de ser recomendado para o rastreamento de c\u00e2ncer de mama h\u00e1 mais de dez anos por n\u00e3o ser capaz de descobrir tumores de at\u00e9 1 cent\u00edmetro.<\/p>\n<p>A organiza\u00e7\u00e3o enfatiza que, ao se auto apalpar e n\u00e3o identificar alguma altera\u00e7\u00e3o, muitas mulheres deixavam de procurar atendimento m\u00e9dico e de fazer o exame de detec\u00e7\u00e3o, resultando no agravamento e no aumento de mortalidade em detrimento da doen\u00e7a.\u00a0<\/p>\n<p><strong>O SEU CORPO \u00c9 O SEU ABRIGO, POR ISSO, N\u00c3O DEIXE DE CUIDAR DELE! <\/strong><\/p>\n<p>O HSF apoia esta causa e est\u00e1 dispon\u00edvel para te ajudar!<\/p>\n","protected":false},"excerpt":{"rendered":"<p>A pr\u00e1tica do autoexame \u00e9 contraindicada para o rastreamento da doen\u00e7a; a mamografia \u00e9 o exame mais indicado para identificar a doen\u00e7a de forma precoce, aumentando as chances de cura. O m\u00eas de outubro, tamb\u00e9m conhecido como Outubro Rosa, tem como objetivo conscientizar \u00e0 popula\u00e7\u00e3o sobre a import\u00e2ncia do diagn\u00f3stico e da preven\u00e7\u00e3o do c\u00e2ncer [&hellip;]<\/p>\n","protected":false},"author":2,"featured_media":4689,"comment_status":"open","ping_status":"open","sticky":false,"template":"","format":"standard","meta":{"_acf_changed":false,"footnotes":""},"categories":[4],"tags":[35,10,34,63,45,26,138,278,91,19,82,51,50,24,275,37,23,62,115,135,201,122,276,38,167,33,279,28,277,123,12,27,90,102,66,21,120,67,14],"class_list":["post-4572","post","type-post","status-publish","format-standard","has-post-thumbnail","hentry","category-noticias","tag-campanha","tag-cancer","tag-cancer-de-mama","tag-centro-cirurgico","tag-comemoracao","tag-coracao","tag-coronavirus","tag-cuidados-medicos","tag-diagnostico","tag-doacao-de-sangue","tag-doenca","tag-doencas","tag-hospital","tag-hospital-sao-francisco","tag-hospital-sao-francisco-de-americana","tag-hsf","tag-hsf-americana","tag-humanizacao","tag-idoso","tag-lupus","tag-mamografia","tag-maternidade","tag-mes-de-consicentizacao-do-cancer-de-mama","tag-novembro-azul","tag-oms","tag-outubro-rosa","tag-outubro-rosa-mes-de-conscientizacao-do-cancer-de-mama","tag-prevencao","tag-previna-se","tag-qualidade-de-vida","tag-sangue","tag-saude","tag-saude-da-mulher","tag-saude-mental","tag-sintomas","tag-solidariedade","tag-suicidio","tag-vacina","tag-vacinacao"],"acf":[],"yoast_head":"<!-- This site is optimized with the Yoast SEO plugin v25.2 - https:\/\/yoast.com\/wordpress\/plugins\/seo\/ -->\n<title>Cuidar da sa\u00fade \u00e9 um gesto valioso, previna-se! Outubro Rosa: M\u00eas da Conscientiza\u00e7\u00e3o do C\u00e2ncer de Mama &#8226; Hospital S\u00e3o Francisco de Americana<\/title>\n<meta name=\"robots\" content=\"index, follow, max-snippet:-1, max-image-preview:large, max-video-preview:-1\" \/>\n<link rel=\"canonical\" href=\"https:\/\/hsfamericana.com.br\/index.php\/cuidar-da-saude-e-um-gesto-valioso-previna-se-outubro-rosa-mes-da-conscientizacao-do-cancer-de-mama\/\" \/>\n<meta property=\"og:locale\" content=\"pt_BR\" \/>\n<meta property=\"og:type\" content=\"article\" \/>\n<meta property=\"og:title\" content=\"Cuidar da sa\u00fade \u00e9 um gesto valioso, previna-se! Outubro Rosa: M\u00eas da Conscientiza\u00e7\u00e3o do C\u00e2ncer de Mama &#8226; Hospital S\u00e3o Francisco de Americana\" \/>\n<meta property=\"og:description\" content=\"A pr\u00e1tica do autoexame \u00e9 contraindicada para o rastreamento da doen\u00e7a; a mamografia \u00e9 o exame mais indicado para identificar a doen\u00e7a de forma precoce, aumentando as chances de cura. O m\u00eas de outubro, tamb\u00e9m conhecido como Outubro Rosa, tem como objetivo conscientizar \u00e0 popula\u00e7\u00e3o sobre a import\u00e2ncia do diagn\u00f3stico e da preven\u00e7\u00e3o do c\u00e2ncer [&hellip;]\" \/>\n<meta property=\"og:url\" content=\"https:\/\/hsfamericana.com.br\/index.php\/cuidar-da-saude-e-um-gesto-valioso-previna-se-outubro-rosa-mes-da-conscientizacao-do-cancer-de-mama\/\" \/>\n<meta property=\"og:site_name\" content=\"Hospital S\u00e3o Francisco de Americana\" \/>\n<meta property=\"article:published_time\" content=\"2023-10-02T12:48:26+00:00\" \/>\n<meta property=\"article:modified_time\" content=\"2024-02-06T12:54:31+00:00\" \/>\n<meta property=\"og:image\" content=\"https:\/\/hsfamericana.com.br\/wp-content\/uploads\/2023\/10\/BANNER-1.png\" \/>\n\t<meta property=\"og:image:width\" content=\"1384\" \/>\n\t<meta property=\"og:image:height\" content=\"644\" \/>\n\t<meta property=\"og:image:type\" content=\"image\/png\" \/>\n<meta name=\"author\" content=\"HSF Americana\" \/>\n<meta name=\"twitter:label1\" content=\"Escrito por\" \/>\n\t<meta name=\"twitter:data1\" content=\"HSF Americana\" \/>\n\t<meta name=\"twitter:label2\" content=\"Est. tempo de leitura\" \/>\n\t<meta name=\"twitter:data2\" content=\"2 minutos\" \/>\n<script type=\"application\/ld+json\" class=\"yoast-schema-graph\">{\"@context\":\"https:\/\/schema.org\",\"@graph\":[{\"@type\":\"WebPage\",\"@id\":\"https:\/\/hsfamericana.com.br\/index.php\/cuidar-da-saude-e-um-gesto-valioso-previna-se-outubro-rosa-mes-da-conscientizacao-do-cancer-de-mama\/\",\"url\":\"https:\/\/hsfamericana.com.br\/index.php\/cuidar-da-saude-e-um-gesto-valioso-previna-se-outubro-rosa-mes-da-conscientizacao-do-cancer-de-mama\/\",\"name\":\"Cuidar da sa\u00fade \u00e9 um gesto valioso, previna-se! Outubro Rosa: M\u00eas da Conscientiza\u00e7\u00e3o do C\u00e2ncer de Mama &#8226; Hospital S\u00e3o Francisco de Americana\",\"isPartOf\":{\"@id\":\"https:\/\/hsfamericana.com.br\/#website\"},\"primaryImageOfPage\":{\"@id\":\"https:\/\/hsfamericana.com.br\/index.php\/cuidar-da-saude-e-um-gesto-valioso-previna-se-outubro-rosa-mes-da-conscientizacao-do-cancer-de-mama\/#primaryimage\"},\"image\":{\"@id\":\"https:\/\/hsfamericana.com.br\/index.php\/cuidar-da-saude-e-um-gesto-valioso-previna-se-outubro-rosa-mes-da-conscientizacao-do-cancer-de-mama\/#primaryimage\"},\"thumbnailUrl\":\"https:\/\/hsfamericana.com.br\/wp-content\/uploads\/2023\/10\/BANNER-1.png\",\"datePublished\":\"2023-10-02T12:48:26+00:00\",\"dateModified\":\"2024-02-06T12:54:31+00:00\",\"author\":{\"@id\":\"https:\/\/hsfamericana.com.br\/#\/schema\/person\/3b12fcdd81c4d645a927c9ba010d1551\"},\"breadcrumb\":{\"@id\":\"https:\/\/hsfamericana.com.br\/index.php\/cuidar-da-saude-e-um-gesto-valioso-previna-se-outubro-rosa-mes-da-conscientizacao-do-cancer-de-mama\/#breadcrumb\"},\"inLanguage\":\"pt-BR\",\"potentialAction\":[{\"@type\":\"ReadAction\",\"target\":[\"https:\/\/hsfamericana.com.br\/index.php\/cuidar-da-saude-e-um-gesto-valioso-previna-se-outubro-rosa-mes-da-conscientizacao-do-cancer-de-mama\/\"]}]},{\"@type\":\"ImageObject\",\"inLanguage\":\"pt-BR\",\"@id\":\"https:\/\/hsfamericana.com.br\/index.php\/cuidar-da-saude-e-um-gesto-valioso-previna-se-outubro-rosa-mes-da-conscientizacao-do-cancer-de-mama\/#primaryimage\",\"url\":\"https:\/\/hsfamericana.com.br\/wp-content\/uploads\/2023\/10\/BANNER-1.png\",\"contentUrl\":\"https:\/\/hsfamericana.com.br\/wp-content\/uploads\/2023\/10\/BANNER-1.png\",\"width\":1384,\"height\":644},{\"@type\":\"BreadcrumbList\",\"@id\":\"https:\/\/hsfamericana.com.br\/index.php\/cuidar-da-saude-e-um-gesto-valioso-previna-se-outubro-rosa-mes-da-conscientizacao-do-cancer-de-mama\/#breadcrumb\",\"itemListElement\":[{\"@type\":\"ListItem\",\"position\":1,\"name\":\"In\u00edcio\",\"item\":\"https:\/\/hsfamericana.com.br\/\"},{\"@type\":\"ListItem\",\"position\":2,\"name\":\"Cuidar da sa\u00fade \u00e9 um gesto valioso, previna-se! Outubro Rosa: M\u00eas da Conscientiza\u00e7\u00e3o do C\u00e2ncer de Mama\"}]},{\"@type\":\"WebSite\",\"@id\":\"https:\/\/hsfamericana.com.br\/#website\",\"url\":\"https:\/\/hsfamericana.com.br\/\",\"name\":\"Hospital S\u00e3o Francisco de Americana\",\"description\":\"O mais completo da regi\u00e3o de Campinas\",\"potentialAction\":[{\"@type\":\"SearchAction\",\"target\":{\"@type\":\"EntryPoint\",\"urlTemplate\":\"https:\/\/hsfamericana.com.br\/?s={search_term_string}\"},\"query-input\":{\"@type\":\"PropertyValueSpecification\",\"valueRequired\":true,\"valueName\":\"search_term_string\"}}],\"inLanguage\":\"pt-BR\"},{\"@type\":\"Person\",\"@id\":\"https:\/\/hsfamericana.com.br\/#\/schema\/person\/3b12fcdd81c4d645a927c9ba010d1551\",\"name\":\"HSF Americana\",\"image\":{\"@type\":\"ImageObject\",\"inLanguage\":\"pt-BR\",\"@id\":\"https:\/\/hsfamericana.com.br\/#\/schema\/person\/image\/\",\"url\":\"https:\/\/secure.gravatar.com\/avatar\/5166f96d8390f878591229db68525bd3f5c9f157e02efd0ba33755d400e0b4f1?s=96&d=mm&r=g\",\"contentUrl\":\"https:\/\/secure.gravatar.com\/avatar\/5166f96d8390f878591229db68525bd3f5c9f157e02efd0ba33755d400e0b4f1?s=96&d=mm&r=g\",\"caption\":\"HSF Americana\"},\"sameAs\":[\"https:\/\/www.hsfamericana.com.br\"],\"url\":\"https:\/\/hsfamericana.com.br\/index.php\/author\/nogueira\/\"}]}<\/script>\n<!-- \/ Yoast SEO plugin. -->","yoast_head_json":{"title":"Cuidar da sa\u00fade \u00e9 um gesto valioso, previna-se! Outubro Rosa: M\u00eas da Conscientiza\u00e7\u00e3o do C\u00e2ncer de Mama &#8226; Hospital S\u00e3o Francisco de Americana","robots":{"index":"index","follow":"follow","max-snippet":"max-snippet:-1","max-image-preview":"max-image-preview:large","max-video-preview":"max-video-preview:-1"},"canonical":"https:\/\/hsfamericana.com.br\/index.php\/cuidar-da-saude-e-um-gesto-valioso-previna-se-outubro-rosa-mes-da-conscientizacao-do-cancer-de-mama\/","og_locale":"pt_BR","og_type":"article","og_title":"Cuidar da sa\u00fade \u00e9 um gesto valioso, previna-se! Outubro Rosa: M\u00eas da Conscientiza\u00e7\u00e3o do C\u00e2ncer de Mama &#8226; Hospital S\u00e3o Francisco de Americana","og_description":"A pr\u00e1tica do autoexame \u00e9 contraindicada para o rastreamento da doen\u00e7a; a mamografia \u00e9 o exame mais indicado para identificar a doen\u00e7a de forma precoce, aumentando as chances de cura. O m\u00eas de outubro, tamb\u00e9m conhecido como Outubro Rosa, tem como objetivo conscientizar \u00e0 popula\u00e7\u00e3o sobre a import\u00e2ncia do diagn\u00f3stico e da preven\u00e7\u00e3o do c\u00e2ncer [&hellip;]","og_url":"https:\/\/hsfamericana.com.br\/index.php\/cuidar-da-saude-e-um-gesto-valioso-previna-se-outubro-rosa-mes-da-conscientizacao-do-cancer-de-mama\/","og_site_name":"Hospital S\u00e3o Francisco de Americana","article_published_time":"2023-10-02T12:48:26+00:00","article_modified_time":"2024-02-06T12:54:31+00:00","og_image":[{"width":1384,"height":644,"url":"https:\/\/hsfamericana.com.br\/wp-content\/uploads\/2023\/10\/BANNER-1.png","type":"image\/png"}],"author":"HSF Americana","twitter_misc":{"Escrito por":"HSF Americana","Est. tempo de leitura":"2 minutos"},"schema":{"@context":"https:\/\/schema.org","@graph":[{"@type":"WebPage","@id":"https:\/\/hsfamericana.com.br\/index.php\/cuidar-da-saude-e-um-gesto-valioso-previna-se-outubro-rosa-mes-da-conscientizacao-do-cancer-de-mama\/","url":"https:\/\/hsfamericana.com.br\/index.php\/cuidar-da-saude-e-um-gesto-valioso-previna-se-outubro-rosa-mes-da-conscientizacao-do-cancer-de-mama\/","name":"Cuidar da sa\u00fade \u00e9 um gesto valioso, previna-se! Outubro Rosa: M\u00eas da Conscientiza\u00e7\u00e3o do C\u00e2ncer de Mama &#8226; Hospital S\u00e3o Francisco de Americana","isPartOf":{"@id":"https:\/\/hsfamericana.com.br\/#website"},"primaryImageOfPage":{"@id":"https:\/\/hsfamericana.com.br\/index.php\/cuidar-da-saude-e-um-gesto-valioso-previna-se-outubro-rosa-mes-da-conscientizacao-do-cancer-de-mama\/#primaryimage"},"image":{"@id":"https:\/\/hsfamericana.com.br\/index.php\/cuidar-da-saude-e-um-gesto-valioso-previna-se-outubro-rosa-mes-da-conscientizacao-do-cancer-de-mama\/#primaryimage"},"thumbnailUrl":"https:\/\/hsfamericana.com.br\/wp-content\/uploads\/2023\/10\/BANNER-1.png","datePublished":"2023-10-02T12:48:26+00:00","dateModified":"2024-02-06T12:54:31+00:00","author":{"@id":"https:\/\/hsfamericana.com.br\/#\/schema\/person\/3b12fcdd81c4d645a927c9ba010d1551"},"breadcrumb":{"@id":"https:\/\/hsfamericana.com.br\/index.php\/cuidar-da-saude-e-um-gesto-valioso-previna-se-outubro-rosa-mes-da-conscientizacao-do-cancer-de-mama\/#breadcrumb"},"inLanguage":"pt-BR","potentialAction":[{"@type":"ReadAction","target":["https:\/\/hsfamericana.com.br\/index.php\/cuidar-da-saude-e-um-gesto-valioso-previna-se-outubro-rosa-mes-da-conscientizacao-do-cancer-de-mama\/"]}]},{"@type":"ImageObject","inLanguage":"pt-BR","@id":"https:\/\/hsfamericana.com.br\/index.php\/cuidar-da-saude-e-um-gesto-valioso-previna-se-outubro-rosa-mes-da-conscientizacao-do-cancer-de-mama\/#primaryimage","url":"https:\/\/hsfamericana.com.br\/wp-content\/uploads\/2023\/10\/BANNER-1.png","contentUrl":"https:\/\/hsfamericana.com.br\/wp-content\/uploads\/2023\/10\/BANNER-1.png","width":1384,"height":644},{"@type":"BreadcrumbList","@id":"https:\/\/hsfamericana.com.br\/index.php\/cuidar-da-saude-e-um-gesto-valioso-previna-se-outubro-rosa-mes-da-conscientizacao-do-cancer-de-mama\/#breadcrumb","itemListElement":[{"@type":"ListItem","position":1,"name":"In\u00edcio","item":"https:\/\/hsfamericana.com.br\/"},{"@type":"ListItem","position":2,"name":"Cuidar da sa\u00fade \u00e9 um gesto valioso, previna-se! Outubro Rosa: M\u00eas da Conscientiza\u00e7\u00e3o do C\u00e2ncer de Mama"}]},{"@type":"WebSite","@id":"https:\/\/hsfamericana.com.br\/#website","url":"https:\/\/hsfamericana.com.br\/","name":"Hospital S\u00e3o Francisco de Americana","description":"O mais completo da regi\u00e3o de Campinas","potentialAction":[{"@type":"SearchAction","target":{"@type":"EntryPoint","urlTemplate":"https:\/\/hsfamericana.com.br\/?s={search_term_string}"},"query-input":{"@type":"PropertyValueSpecification","valueRequired":true,"valueName":"search_term_string"}}],"inLanguage":"pt-BR"},{"@type":"Person","@id":"https:\/\/hsfamericana.com.br\/#\/schema\/person\/3b12fcdd81c4d645a927c9ba010d1551","name":"HSF Americana","image":{"@type":"ImageObject","inLanguage":"pt-BR","@id":"https:\/\/hsfamericana.com.br\/#\/schema\/person\/image\/","url":"https:\/\/secure.gravatar.com\/avatar\/5166f96d8390f878591229db68525bd3f5c9f157e02efd0ba33755d400e0b4f1?s=96&d=mm&r=g","contentUrl":"https:\/\/secure.gravatar.com\/avatar\/5166f96d8390f878591229db68525bd3f5c9f157e02efd0ba33755d400e0b4f1?s=96&d=mm&r=g","caption":"HSF Americana"},"sameAs":["https:\/\/www.hsfamericana.com.br"],"url":"https:\/\/hsfamericana.com.br\/index.php\/author\/nogueira\/"}]}},"_links":{"self":[{"href":"https:\/\/hsfamericana.com.br\/index.php\/wp-json\/wp\/v2\/posts\/4572","targetHints":{"allow":["GET"]}}],"collection":[{"href":"https:\/\/hsfamericana.com.br\/index.php\/wp-json\/wp\/v2\/posts"}],"about":[{"href":"https:\/\/hsfamericana.com.br\/index.php\/wp-json\/wp\/v2\/types\/post"}],"author":[{"embeddable":true,"href":"https:\/\/hsfamericana.com.br\/index.php\/wp-json\/wp\/v2\/users\/2"}],"replies":[{"embeddable":true,"href":"https:\/\/hsfamericana.com.br\/index.php\/wp-json\/wp\/v2\/comments?post=4572"}],"version-history":[{"count":5,"href":"https:\/\/hsfamericana.com.br\/index.php\/wp-json\/wp\/v2\/posts\/4572\/revisions"}],"predecessor-version":[{"id":4695,"href":"https:\/\/hsfamericana.com.br\/index.php\/wp-json\/wp\/v2\/posts\/4572\/revisions\/4695"}],"wp:featuredmedia":[{"embeddable":true,"href":"https:\/\/hsfamericana.com.br\/index.php\/wp-json\/wp\/v2\/media\/4689"}],"wp:attachment":[{"href":"https:\/\/hsfamericana.com.br\/index.php\/wp-json\/wp\/v2\/media?parent=4572"}],"wp:term":[{"taxonomy":"category","embeddable":true,"href":"https:\/\/hsfamericana.com.br\/index.php\/wp-json\/wp\/v2\/categories?post=4572"},{"taxonomy":"post_tag","embeddable":true,"href":"https:\/\/hsfamericana.com.br\/index.php\/wp-json\/wp\/v2\/tags?post=4572"}],"curies":[{"name":"wp","href":"https:\/\/api.w.org\/{rel}","templated":true}]}}