{"id":4584,"date":"2023-11-01T13:26:55","date_gmt":"2023-11-01T13:26:55","guid":{"rendered":"https:\/\/www.hsfamericana.com.br\/?p=4584"},"modified":"2023-11-01T13:26:55","modified_gmt":"2023-11-01T13:26:55","slug":"novembro-azul-mes-de-conscientizacao-e-prevencao-do-cancer-de-prostata","status":"publish","type":"post","link":"https:\/\/hsfamericana.com.br\/index.php\/novembro-azul-mes-de-conscientizacao-e-prevencao-do-cancer-de-prostata\/","title":{"rendered":"Novembro Azul: M\u00eas de Conscientiza\u00e7\u00e3o e Preven\u00e7\u00e3o do C\u00e2ncer de Pr\u00f3stata"},"content":{"rendered":"<blockquote>\n<p><em>De acordo com estat\u00edsticas m\u00e9dicas do Instituto Vencer o C\u00e2ncer, um em cada oito homens desenvolvem o c\u00e2ncer de pr\u00f3stata.<\/em><\/p>\n<\/blockquote>\n<p>A Campanha Novembro Azul foi iniciada em 2011, pelo Instituto Lado a Lado pela Vida, com o objetivo de alertar a sociedade sobre o c\u00e2ncer de pr\u00f3stata, hoje, respons\u00e1vel pelo maior n\u00famero de mortalidade de indiv\u00edduos do sexo masculino em todo o mundo (aproximadamente, 15 mil mortes por ano), e a import\u00e2ncia do diagn\u00f3stico precoce. \u00a0<\/p>\n<p>Na fase inicial, o c\u00e2ncer de pr\u00f3stata raramente apresenta sintomas, e quando os sintomas come\u00e7am a se manifestar, cerca de 95% dos tumores j\u00e1 est\u00e3o no estado progressivo, dificultando o tratamento da patologia.<\/p>\n<p>&nbsp;<\/p>\n<p><strong>O QUE \u00c9 A PR\u00d3STATA?<\/strong><\/p>\n<p>A pr\u00f3stata \u00e9 uma gl\u00e2ndula masculina que se localiza na parte de baixo do abd\u00f4men, abaixo da bexiga e \u00e0 frente do reto. Ela envolve uma parte da uretra, tubo na qual a urina \u00e9 armazenada na bexiga e eliminada, sendo ainda, a respons\u00e1vel por reproduzir parte do s\u00eamen, l\u00edquido espesso eliminado durante o ato sexual. O c\u00e2ncer de pr\u00f3stata d\u00e1-se quando c\u00e9lulas da pr\u00f3stata se multiplicam de forma anormal e formam o tumor.<\/p>\n<p>&nbsp;<\/p>\n<p><strong>DIAGN\u00d3STICO DO C\u00c2NCER DE PR\u00d3STATA<\/strong><\/p>\n<p>O c\u00e2ncer de colo retal \u00e9 diagnosticado a partir do exame de toque, que visa analisar o tamanho e a superf\u00edcie do reto; devido ao preconceito que envolve o exame, \u00e9 comum que muitos homens o ignorem, deixando passar as possibilidades do diagn\u00f3stico precoce e dos altos \u00edndices de chances de cura.\u00a0<\/p>\n<p>O exame de toque \u00e9 indicado para todo indiv\u00edduo do sexo masculino com idade igual ou superior a 45 anos e\/ou quando h\u00e1 ind\u00edcios de inflama\u00e7\u00e3o de pr\u00f3stata, como incontin\u00eancia urin\u00e1ria, sendo fundamental entender que a sa\u00fade e o bem-estar \u00e9 mais importante que o preconceito expl\u00edcito.<\/p>\n<p>&nbsp;<\/p>\n<p><strong>SINTOMAS DO C\u00c2NCER DE PR\u00d3STATA <\/strong><\/p>\n<p>Quando com sintomas, o c\u00e2ncer de pr\u00f3stata apresenta:<\/p>\n<ul>\n<li>Dificuldade para urinar;<\/li>\n<li>Sangue na urina;<\/li>\n<li>Demora para come\u00e7ar e\/ou terminar de urinar;<\/li>\n<li>Diminui\u00e7\u00e3o do jato de urina;<\/li>\n<li>Vontade de urinar mais vezes durante o dia ou \u00e0 noite.<\/li>\n<\/ul>\n<p><strong>PREVEN\u00c7\u00c3O <\/strong><\/p>\n<p>J\u00e1 foi comprovado que h\u00e1bitos saud\u00e1veis, como dieta rica em frutas, legumes e verduras, ajudam a diminuir o risco do c\u00e2ncer de pr\u00f3stata, al\u00e9m de outros fatores, como:<\/p>\n<ul>\n<li>Mantimento do peso corporal adequado;<\/li>\n<li>Pr\u00e1tica de exerc\u00edcios f\u00edsicos;<\/li>\n<li>Aus\u00eancia de h\u00e1bitos como fumar e\/ou beber.<\/li>\n<\/ul>\n<p><strong>SEJA O SEU MELHOR AMIGO E PREVINA-SE! <\/strong><\/p>\n<p>O Hospital S\u00e3o Francisco de Americana apoia essa causa.<\/p>\n","protected":false},"excerpt":{"rendered":"<p>De acordo com estat\u00edsticas m\u00e9dicas do Instituto Vencer o C\u00e2ncer, um em cada oito homens desenvolvem o c\u00e2ncer de pr\u00f3stata. A Campanha Novembro Azul foi iniciada em 2011, pelo Instituto Lado a Lado pela Vida, com o objetivo de alertar a sociedade sobre o c\u00e2ncer de pr\u00f3stata, hoje, respons\u00e1vel pelo maior n\u00famero de mortalidade de [&hellip;]<\/p>\n","protected":false},"author":2,"featured_media":4579,"comment_status":"open","ping_status":"open","sticky":false,"template":"","format":"standard","meta":{"_acf_changed":false,"footnotes":""},"categories":[4],"tags":[94,43,44,35,10,40,63,138,139,98,7,15,50,24,37,62,115,101,122,38,28,123,12,90,102,119,66,21,120,67,14],"class_list":["post-4584","post","type-post","status-publish","format-standard","has-post-thumbnail","hentry","category-noticias","tag-aids","tag-aniversariantes","tag-cafe-com-colaboradores","tag-campanha","tag-cancer","tag-cancer-de-prostata","tag-centro-cirurgico","tag-coronavirus","tag-covid-19","tag-dezembro-vermelho","tag-diabetes","tag-gripe","tag-hospital","tag-hospital-sao-francisco","tag-hsf","tag-humanizacao","tag-idoso","tag-janeiro-branco","tag-maternidade","tag-novembro-azul","tag-prevencao","tag-qualidade-de-vida","tag-sangue","tag-saude-da-mulher","tag-saude-mental","tag-setembro-amarelo","tag-sintomas","tag-solidariedade","tag-suicidio","tag-vacina","tag-vacinacao"],"acf":[],"yoast_head":"<!-- This site is optimized with the Yoast SEO plugin v25.2 - https:\/\/yoast.com\/wordpress\/plugins\/seo\/ -->\n<title>Novembro Azul: M\u00eas de Conscientiza\u00e7\u00e3o e Preven\u00e7\u00e3o do C\u00e2ncer de Pr\u00f3stata &#8226; Hospital S\u00e3o Francisco de Americana<\/title>\n<meta name=\"robots\" content=\"index, follow, max-snippet:-1, max-image-preview:large, max-video-preview:-1\" \/>\n<link rel=\"canonical\" href=\"https:\/\/hsfamericana.com.br\/index.php\/novembro-azul-mes-de-conscientizacao-e-prevencao-do-cancer-de-prostata\/\" \/>\n<meta property=\"og:locale\" content=\"pt_BR\" \/>\n<meta property=\"og:type\" content=\"article\" \/>\n<meta property=\"og:title\" content=\"Novembro Azul: M\u00eas de Conscientiza\u00e7\u00e3o e Preven\u00e7\u00e3o do C\u00e2ncer de Pr\u00f3stata &#8226; Hospital S\u00e3o Francisco de Americana\" \/>\n<meta property=\"og:description\" content=\"De acordo com estat\u00edsticas m\u00e9dicas do Instituto Vencer o C\u00e2ncer, um em cada oito homens desenvolvem o c\u00e2ncer de pr\u00f3stata. A Campanha Novembro Azul foi iniciada em 2011, pelo Instituto Lado a Lado pela Vida, com o objetivo de alertar a sociedade sobre o c\u00e2ncer de pr\u00f3stata, hoje, respons\u00e1vel pelo maior n\u00famero de mortalidade de [&hellip;]\" \/>\n<meta property=\"og:url\" content=\"https:\/\/hsfamericana.com.br\/index.php\/novembro-azul-mes-de-conscientizacao-e-prevencao-do-cancer-de-prostata\/\" \/>\n<meta property=\"og:site_name\" content=\"Hospital S\u00e3o Francisco de Americana\" \/>\n<meta property=\"article:published_time\" content=\"2023-11-01T13:26:55+00:00\" \/>\n<meta property=\"og:image\" content=\"https:\/\/hsfamericana.com.br\/wp-content\/uploads\/2023\/11\/830.2-hsf-banner-site-01.png\" \/>\n\t<meta property=\"og:image:width\" content=\"1384\" \/>\n\t<meta property=\"og:image:height\" content=\"644\" \/>\n\t<meta property=\"og:image:type\" content=\"image\/png\" \/>\n<meta name=\"author\" content=\"HSF Americana\" \/>\n<meta name=\"twitter:label1\" content=\"Escrito por\" \/>\n\t<meta name=\"twitter:data1\" content=\"HSF Americana\" \/>\n\t<meta name=\"twitter:label2\" content=\"Est. tempo de leitura\" \/>\n\t<meta name=\"twitter:data2\" content=\"2 minutos\" \/>\n<script type=\"application\/ld+json\" class=\"yoast-schema-graph\">{\"@context\":\"https:\/\/schema.org\",\"@graph\":[{\"@type\":\"WebPage\",\"@id\":\"https:\/\/hsfamericana.com.br\/index.php\/novembro-azul-mes-de-conscientizacao-e-prevencao-do-cancer-de-prostata\/\",\"url\":\"https:\/\/hsfamericana.com.br\/index.php\/novembro-azul-mes-de-conscientizacao-e-prevencao-do-cancer-de-prostata\/\",\"name\":\"Novembro Azul: M\u00eas de Conscientiza\u00e7\u00e3o e Preven\u00e7\u00e3o do C\u00e2ncer de Pr\u00f3stata &#8226; Hospital S\u00e3o Francisco de Americana\",\"isPartOf\":{\"@id\":\"https:\/\/hsfamericana.com.br\/#website\"},\"primaryImageOfPage\":{\"@id\":\"https:\/\/hsfamericana.com.br\/index.php\/novembro-azul-mes-de-conscientizacao-e-prevencao-do-cancer-de-prostata\/#primaryimage\"},\"image\":{\"@id\":\"https:\/\/hsfamericana.com.br\/index.php\/novembro-azul-mes-de-conscientizacao-e-prevencao-do-cancer-de-prostata\/#primaryimage\"},\"thumbnailUrl\":\"https:\/\/hsfamericana.com.br\/wp-content\/uploads\/2023\/11\/830.2-hsf-banner-site-01.png\",\"datePublished\":\"2023-11-01T13:26:55+00:00\",\"author\":{\"@id\":\"https:\/\/hsfamericana.com.br\/#\/schema\/person\/3b12fcdd81c4d645a927c9ba010d1551\"},\"breadcrumb\":{\"@id\":\"https:\/\/hsfamericana.com.br\/index.php\/novembro-azul-mes-de-conscientizacao-e-prevencao-do-cancer-de-prostata\/#breadcrumb\"},\"inLanguage\":\"pt-BR\",\"potentialAction\":[{\"@type\":\"ReadAction\",\"target\":[\"https:\/\/hsfamericana.com.br\/index.php\/novembro-azul-mes-de-conscientizacao-e-prevencao-do-cancer-de-prostata\/\"]}]},{\"@type\":\"ImageObject\",\"inLanguage\":\"pt-BR\",\"@id\":\"https:\/\/hsfamericana.com.br\/index.php\/novembro-azul-mes-de-conscientizacao-e-prevencao-do-cancer-de-prostata\/#primaryimage\",\"url\":\"https:\/\/hsfamericana.com.br\/wp-content\/uploads\/2023\/11\/830.2-hsf-banner-site-01.png\",\"contentUrl\":\"https:\/\/hsfamericana.com.br\/wp-content\/uploads\/2023\/11\/830.2-hsf-banner-site-01.png\",\"width\":1384,\"height\":644},{\"@type\":\"BreadcrumbList\",\"@id\":\"https:\/\/hsfamericana.com.br\/index.php\/novembro-azul-mes-de-conscientizacao-e-prevencao-do-cancer-de-prostata\/#breadcrumb\",\"itemListElement\":[{\"@type\":\"ListItem\",\"position\":1,\"name\":\"In\u00edcio\",\"item\":\"https:\/\/hsfamericana.com.br\/\"},{\"@type\":\"ListItem\",\"position\":2,\"name\":\"Novembro Azul: M\u00eas de Conscientiza\u00e7\u00e3o e Preven\u00e7\u00e3o do C\u00e2ncer de Pr\u00f3stata\"}]},{\"@type\":\"WebSite\",\"@id\":\"https:\/\/hsfamericana.com.br\/#website\",\"url\":\"https:\/\/hsfamericana.com.br\/\",\"name\":\"Hospital S\u00e3o Francisco de Americana\",\"description\":\"O mais completo da regi\u00e3o de Campinas\",\"potentialAction\":[{\"@type\":\"SearchAction\",\"target\":{\"@type\":\"EntryPoint\",\"urlTemplate\":\"https:\/\/hsfamericana.com.br\/?s={search_term_string}\"},\"query-input\":{\"@type\":\"PropertyValueSpecification\",\"valueRequired\":true,\"valueName\":\"search_term_string\"}}],\"inLanguage\":\"pt-BR\"},{\"@type\":\"Person\",\"@id\":\"https:\/\/hsfamericana.com.br\/#\/schema\/person\/3b12fcdd81c4d645a927c9ba010d1551\",\"name\":\"HSF Americana\",\"image\":{\"@type\":\"ImageObject\",\"inLanguage\":\"pt-BR\",\"@id\":\"https:\/\/hsfamericana.com.br\/#\/schema\/person\/image\/\",\"url\":\"https:\/\/secure.gravatar.com\/avatar\/5166f96d8390f878591229db68525bd3f5c9f157e02efd0ba33755d400e0b4f1?s=96&d=mm&r=g\",\"contentUrl\":\"https:\/\/secure.gravatar.com\/avatar\/5166f96d8390f878591229db68525bd3f5c9f157e02efd0ba33755d400e0b4f1?s=96&d=mm&r=g\",\"caption\":\"HSF Americana\"},\"sameAs\":[\"https:\/\/www.hsfamericana.com.br\"],\"url\":\"https:\/\/hsfamericana.com.br\/index.php\/author\/nogueira\/\"}]}<\/script>\n<!-- \/ Yoast SEO plugin. -->","yoast_head_json":{"title":"Novembro Azul: M\u00eas de Conscientiza\u00e7\u00e3o e Preven\u00e7\u00e3o do C\u00e2ncer de Pr\u00f3stata &#8226; Hospital S\u00e3o Francisco de Americana","robots":{"index":"index","follow":"follow","max-snippet":"max-snippet:-1","max-image-preview":"max-image-preview:large","max-video-preview":"max-video-preview:-1"},"canonical":"https:\/\/hsfamericana.com.br\/index.php\/novembro-azul-mes-de-conscientizacao-e-prevencao-do-cancer-de-prostata\/","og_locale":"pt_BR","og_type":"article","og_title":"Novembro Azul: M\u00eas de Conscientiza\u00e7\u00e3o e Preven\u00e7\u00e3o do C\u00e2ncer de Pr\u00f3stata &#8226; Hospital S\u00e3o Francisco de Americana","og_description":"De acordo com estat\u00edsticas m\u00e9dicas do Instituto Vencer o C\u00e2ncer, um em cada oito homens desenvolvem o c\u00e2ncer de pr\u00f3stata. A Campanha Novembro Azul foi iniciada em 2011, pelo Instituto Lado a Lado pela Vida, com o objetivo de alertar a sociedade sobre o c\u00e2ncer de pr\u00f3stata, hoje, respons\u00e1vel pelo maior n\u00famero de mortalidade de [&hellip;]","og_url":"https:\/\/hsfamericana.com.br\/index.php\/novembro-azul-mes-de-conscientizacao-e-prevencao-do-cancer-de-prostata\/","og_site_name":"Hospital S\u00e3o Francisco de Americana","article_published_time":"2023-11-01T13:26:55+00:00","og_image":[{"width":1384,"height":644,"url":"https:\/\/hsfamericana.com.br\/wp-content\/uploads\/2023\/11\/830.2-hsf-banner-site-01.png","type":"image\/png"}],"author":"HSF Americana","twitter_misc":{"Escrito por":"HSF Americana","Est. tempo de leitura":"2 minutos"},"schema":{"@context":"https:\/\/schema.org","@graph":[{"@type":"WebPage","@id":"https:\/\/hsfamericana.com.br\/index.php\/novembro-azul-mes-de-conscientizacao-e-prevencao-do-cancer-de-prostata\/","url":"https:\/\/hsfamericana.com.br\/index.php\/novembro-azul-mes-de-conscientizacao-e-prevencao-do-cancer-de-prostata\/","name":"Novembro Azul: M\u00eas de Conscientiza\u00e7\u00e3o e Preven\u00e7\u00e3o do C\u00e2ncer de Pr\u00f3stata &#8226; Hospital S\u00e3o Francisco de Americana","isPartOf":{"@id":"https:\/\/hsfamericana.com.br\/#website"},"primaryImageOfPage":{"@id":"https:\/\/hsfamericana.com.br\/index.php\/novembro-azul-mes-de-conscientizacao-e-prevencao-do-cancer-de-prostata\/#primaryimage"},"image":{"@id":"https:\/\/hsfamericana.com.br\/index.php\/novembro-azul-mes-de-conscientizacao-e-prevencao-do-cancer-de-prostata\/#primaryimage"},"thumbnailUrl":"https:\/\/hsfamericana.com.br\/wp-content\/uploads\/2023\/11\/830.2-hsf-banner-site-01.png","datePublished":"2023-11-01T13:26:55+00:00","author":{"@id":"https:\/\/hsfamericana.com.br\/#\/schema\/person\/3b12fcdd81c4d645a927c9ba010d1551"},"breadcrumb":{"@id":"https:\/\/hsfamericana.com.br\/index.php\/novembro-azul-mes-de-conscientizacao-e-prevencao-do-cancer-de-prostata\/#breadcrumb"},"inLanguage":"pt-BR","potentialAction":[{"@type":"ReadAction","target":["https:\/\/hsfamericana.com.br\/index.php\/novembro-azul-mes-de-conscientizacao-e-prevencao-do-cancer-de-prostata\/"]}]},{"@type":"ImageObject","inLanguage":"pt-BR","@id":"https:\/\/hsfamericana.com.br\/index.php\/novembro-azul-mes-de-conscientizacao-e-prevencao-do-cancer-de-prostata\/#primaryimage","url":"https:\/\/hsfamericana.com.br\/wp-content\/uploads\/2023\/11\/830.2-hsf-banner-site-01.png","contentUrl":"https:\/\/hsfamericana.com.br\/wp-content\/uploads\/2023\/11\/830.2-hsf-banner-site-01.png","width":1384,"height":644},{"@type":"BreadcrumbList","@id":"https:\/\/hsfamericana.com.br\/index.php\/novembro-azul-mes-de-conscientizacao-e-prevencao-do-cancer-de-prostata\/#breadcrumb","itemListElement":[{"@type":"ListItem","position":1,"name":"In\u00edcio","item":"https:\/\/hsfamericana.com.br\/"},{"@type":"ListItem","position":2,"name":"Novembro Azul: M\u00eas de Conscientiza\u00e7\u00e3o e Preven\u00e7\u00e3o do C\u00e2ncer de Pr\u00f3stata"}]},{"@type":"WebSite","@id":"https:\/\/hsfamericana.com.br\/#website","url":"https:\/\/hsfamericana.com.br\/","name":"Hospital S\u00e3o Francisco de Americana","description":"O mais completo da regi\u00e3o de Campinas","potentialAction":[{"@type":"SearchAction","target":{"@type":"EntryPoint","urlTemplate":"https:\/\/hsfamericana.com.br\/?s={search_term_string}"},"query-input":{"@type":"PropertyValueSpecification","valueRequired":true,"valueName":"search_term_string"}}],"inLanguage":"pt-BR"},{"@type":"Person","@id":"https:\/\/hsfamericana.com.br\/#\/schema\/person\/3b12fcdd81c4d645a927c9ba010d1551","name":"HSF Americana","image":{"@type":"ImageObject","inLanguage":"pt-BR","@id":"https:\/\/hsfamericana.com.br\/#\/schema\/person\/image\/","url":"https:\/\/secure.gravatar.com\/avatar\/5166f96d8390f878591229db68525bd3f5c9f157e02efd0ba33755d400e0b4f1?s=96&d=mm&r=g","contentUrl":"https:\/\/secure.gravatar.com\/avatar\/5166f96d8390f878591229db68525bd3f5c9f157e02efd0ba33755d400e0b4f1?s=96&d=mm&r=g","caption":"HSF Americana"},"sameAs":["https:\/\/www.hsfamericana.com.br"],"url":"https:\/\/hsfamericana.com.br\/index.php\/author\/nogueira\/"}]}},"_links":{"self":[{"href":"https:\/\/hsfamericana.com.br\/index.php\/wp-json\/wp\/v2\/posts\/4584","targetHints":{"allow":["GET"]}}],"collection":[{"href":"https:\/\/hsfamericana.com.br\/index.php\/wp-json\/wp\/v2\/posts"}],"about":[{"href":"https:\/\/hsfamericana.com.br\/index.php\/wp-json\/wp\/v2\/types\/post"}],"author":[{"embeddable":true,"href":"https:\/\/hsfamericana.com.br\/index.php\/wp-json\/wp\/v2\/users\/2"}],"replies":[{"embeddable":true,"href":"https:\/\/hsfamericana.com.br\/index.php\/wp-json\/wp\/v2\/comments?post=4584"}],"version-history":[{"count":2,"href":"https:\/\/hsfamericana.com.br\/index.php\/wp-json\/wp\/v2\/posts\/4584\/revisions"}],"predecessor-version":[{"id":4587,"href":"https:\/\/hsfamericana.com.br\/index.php\/wp-json\/wp\/v2\/posts\/4584\/revisions\/4587"}],"wp:featuredmedia":[{"embeddable":true,"href":"https:\/\/hsfamericana.com.br\/index.php\/wp-json\/wp\/v2\/media\/4579"}],"wp:attachment":[{"href":"https:\/\/hsfamericana.com.br\/index.php\/wp-json\/wp\/v2\/media?parent=4584"}],"wp:term":[{"taxonomy":"category","embeddable":true,"href":"https:\/\/hsfamericana.com.br\/index.php\/wp-json\/wp\/v2\/categories?post=4584"},{"taxonomy":"post_tag","embeddable":true,"href":"https:\/\/hsfamericana.com.br\/index.php\/wp-json\/wp\/v2\/tags?post=4584"}],"curies":[{"name":"wp","href":"https:\/\/api.w.org\/{rel}","templated":true}]}}