{"id":4610,"date":"2024-01-03T14:29:07","date_gmt":"2024-01-03T14:29:07","guid":{"rendered":"https:\/\/www.hsfamericana.com.br\/?p=4610"},"modified":"2024-02-06T12:46:23","modified_gmt":"2024-02-06T12:46:23","slug":"janeiro-branco-e-roxo-mes-de-alerta-a-conscientizacao-sobre-a-saude-mental-e-a-hanseniase","status":"publish","type":"post","link":"https:\/\/hsfamericana.com.br\/index.php\/janeiro-branco-e-roxo-mes-de-alerta-a-conscientizacao-sobre-a-saude-mental-e-a-hanseniase\/","title":{"rendered":"Janeiro branco e roxo: m\u00eas de alerta \u00e0 conscientiza\u00e7\u00e3o sobre a sa\u00fade mental e a hansen\u00edase"},"content":{"rendered":"<p>No primeiro m\u00eas do ano, as cores branco e roxo representam duas importantes campanhas de conscientiza\u00e7\u00e3o sobre a import\u00e2ncia dos cuidados com a sa\u00fade mental e o combate \u00e0 hansen\u00edase.<\/p>\n<p>&nbsp;<\/p>\n<p><strong>Janeiro branco\u00a0<\/strong><\/p>\n<p>Janeiro Branco \u00e9 uma campanha presente no calend\u00e1rio do Minist\u00e9rio de Sa\u00fade (MS) e, segundo dados fornecidos por ele, os \u00edndices de pessoas com transtornos mentais, principalmente depress\u00e3o e ansiedade, aumentaram nos \u00faltimos anos.<\/p>\n<p>A pandemia de Covid-19 foi um fator contribuinte para o aumento desses casos. A mudan\u00e7a na rotina, o isolamento social, o medo da infec\u00e7\u00e3o, as preocupa\u00e7\u00f5es econ\u00f4micas, como tamb\u00e9m a readapta\u00e7\u00e3o no processo da volta \u00e0s atividades, aumentou o sofrimento mental.<\/p>\n<p>A Campanha foi criada em 2014 por psic\u00f3logos brasileiros para conscientizar a popula\u00e7\u00e3o sobre a import\u00e2ncia da sa\u00fade mental. Vale destacar que janeiro n\u00e3o foi escolhido \u00e0 toa, e sim com uma maneira estrat\u00e9gica de incentivar as pessoas a refletirem sobre suas vidas.<\/p>\n<p>O come\u00e7o de um novo ano remete ao come\u00e7o de um novo ciclo, janeiro \u00e9 o primeiro dos doze meses do ano e \u00e9 nele que as metas s\u00e3o tra\u00e7adas, incluindo novos h\u00e1bitos e cuidados com a sa\u00fade mental. Por isso, \u00e9 considerado um m\u00eas ideal para dialogar sobre os cuidados com a sa\u00fade mental.<\/p>\n<p>&nbsp;<\/p>\n<p>Problemas de sa\u00fade mental mais frequentes:<\/p>\n<ul>\n<li>Ansiedade;<\/li>\n<li>Mal-estar psicol\u00f3gico ou stress continuado;<\/li>\n<li>Depress\u00e3o;<\/li>\n<li>Depend\u00eancia de \u00e1lcool e outras drogas;<\/li>\n<li>Perturba\u00e7\u00f5es psic\u00f3ticas, como a esquizofrenia;<\/li>\n<li>Atraso mental;<\/li>\n<li>Dem\u00eancias.<\/li>\n<\/ul>\n<p>As pessoas afetadas por problemas de sa\u00fade mental s\u00e3o, na maior parte das vezes, incompreendidas, estigmatizadas, exclu\u00eddas ou marginalizadas, devido ao preconceito e a falta de conhecimento, por isso \u00e9 importante esclarecer e desmistificar alguns falsos conceitos, como:<\/p>\n<ul>\n<li>As doen\u00e7as mentais s\u00e3o fruto da imagina\u00e7\u00e3o;<\/li>\n<li>As doen\u00e7as mentais n\u00e3o t\u00eam cura;<\/li>\n<li>As pessoas com problemas mentais s\u00e3o pouco inteligentes, pregui\u00e7osas, imprevis\u00edveis ou perigosas.<\/li>\n<\/ul>\n<p><strong>Janeiro roxo<\/strong><\/p>\n<p>O janeiro roxo \u00e9 uma campanha que tem como objetivo alertar e conscientizar a sociedade sobre o combate \u00e0 hansen\u00edase. A doen\u00e7a \u00e9 cercada de preconceitos e estigmas por ser contagiosa, mas tem controle e tratamento realizados gratuitamente pelo Sistema \u00danico de Sa\u00fade (SUS).<\/p>\n<p>O enfrentamento \u00e0 hansen\u00edase \u00e9 um dos principais desafios da sa\u00fade p\u00fablica no Brasil e o diagn\u00f3stico precoce \u00e9 fundamental para a redu\u00e7\u00e3o da transmiss\u00e3o e do risco de desenvolvimento de incapacidades f\u00edsicas. Para contribuir com o diagn\u00f3stico precoce da doen\u00e7a, em 2022, foram inclu\u00eddos ao SUS tr\u00eas novos testes de apoio ao diagn\u00f3stico e um para a detec\u00e7\u00e3o de resist\u00eancia da doen\u00e7a.<\/p>\n<p>A hansen\u00edase \u00e9 uma doen\u00e7a cr\u00f4nica infecciosa causada pela bact\u00e9ria <em>Mycobacterium leprae<\/em> e est\u00e1 associada a les\u00f5es na pele, como manchas esbranqui\u00e7adas ou avermelhadas, ressecamento e perda de sensibilidade. O diagn\u00f3stico feito de maneira tardia pode deixar graves sequelas, especialmente incapacidade f\u00edsica com deformidades em m\u00e3os e p\u00e9s, podendo levar tamb\u00e9m \u00e0 cegueira. Quem sofre com a doen\u00e7a, al\u00e9m de todos os problemas de sa\u00fade, ainda precisa conviver com o preconceito.<\/p>\n<p>Em 1976, o Brasil foi o \u00fanico pa\u00eds do mundo que fez a mudan\u00e7a do nome da doen\u00e7a de \u201clepra\u201d para \u201chansen\u00edase\u201d. A medida veio com o objetivo de diminuir o estigma milenar associado \u00e0 doen\u00e7a.<\/p>\n<p><strong>Fonte:<\/strong> HSF.<\/p>\n","protected":false},"excerpt":{"rendered":"<p>No primeiro m\u00eas do ano, as cores branco e roxo representam duas importantes campanhas de conscientiza\u00e7\u00e3o sobre a import\u00e2ncia dos cuidados com a sa\u00fade mental e o combate \u00e0 hansen\u00edase. &nbsp; Janeiro branco\u00a0 Janeiro Branco \u00e9 uma campanha presente no calend\u00e1rio do Minist\u00e9rio de Sa\u00fade (MS) e, segundo dados fornecidos por ele, os \u00edndices de [&hellip;]<\/p>\n","protected":false},"author":2,"featured_media":4686,"comment_status":"open","ping_status":"open","sticky":false,"template":"","format":"standard","meta":{"_acf_changed":false,"footnotes":""},"categories":[4],"tags":[94,35,63,45,138,91,82,51,50,24,37,23,62,101,288,287,167,28,123,27,90,102,66,21,67],"class_list":["post-4610","post","type-post","status-publish","format-standard","has-post-thumbnail","hentry","category-noticias","tag-aids","tag-campanha","tag-centro-cirurgico","tag-comemoracao","tag-coronavirus","tag-diagnostico","tag-doenca","tag-doencas","tag-hospital","tag-hospital-sao-francisco","tag-hsf","tag-hsf-americana","tag-humanizacao","tag-janeiro-branco","tag-janeiro-branco-e-roxo","tag-janeiro-roxo","tag-oms","tag-prevencao","tag-qualidade-de-vida","tag-saude","tag-saude-da-mulher","tag-saude-mental","tag-sintomas","tag-solidariedade","tag-vacina"],"acf":[],"yoast_head":"<!-- This site is optimized with the Yoast SEO plugin v25.2 - https:\/\/yoast.com\/wordpress\/plugins\/seo\/ -->\n<title>Janeiro branco e roxo: m\u00eas de alerta \u00e0 conscientiza\u00e7\u00e3o sobre a sa\u00fade mental e a hansen\u00edase &#8226; Hospital S\u00e3o Francisco de Americana<\/title>\n<meta name=\"robots\" content=\"index, follow, max-snippet:-1, max-image-preview:large, max-video-preview:-1\" \/>\n<link rel=\"canonical\" href=\"https:\/\/hsfamericana.com.br\/index.php\/janeiro-branco-e-roxo-mes-de-alerta-a-conscientizacao-sobre-a-saude-mental-e-a-hanseniase\/\" \/>\n<meta property=\"og:locale\" content=\"pt_BR\" \/>\n<meta property=\"og:type\" content=\"article\" \/>\n<meta property=\"og:title\" content=\"Janeiro branco e roxo: m\u00eas de alerta \u00e0 conscientiza\u00e7\u00e3o sobre a sa\u00fade mental e a hansen\u00edase &#8226; Hospital S\u00e3o Francisco de Americana\" \/>\n<meta property=\"og:description\" content=\"No primeiro m\u00eas do ano, as cores branco e roxo representam duas importantes campanhas de conscientiza\u00e7\u00e3o sobre a import\u00e2ncia dos cuidados com a sa\u00fade mental e o combate \u00e0 hansen\u00edase. &nbsp; Janeiro branco\u00a0 Janeiro Branco \u00e9 uma campanha presente no calend\u00e1rio do Minist\u00e9rio de Sa\u00fade (MS) e, segundo dados fornecidos por ele, os \u00edndices de [&hellip;]\" \/>\n<meta property=\"og:url\" content=\"https:\/\/hsfamericana.com.br\/index.php\/janeiro-branco-e-roxo-mes-de-alerta-a-conscientizacao-sobre-a-saude-mental-e-a-hanseniase\/\" \/>\n<meta property=\"og:site_name\" content=\"Hospital S\u00e3o Francisco de Americana\" \/>\n<meta property=\"article:published_time\" content=\"2024-01-03T14:29:07+00:00\" \/>\n<meta property=\"article:modified_time\" content=\"2024-02-06T12:46:23+00:00\" \/>\n<meta property=\"og:image\" content=\"https:\/\/hsfamericana.com.br\/wp-content\/uploads\/2024\/01\/893.2-HSF_banner-site_3.png\" \/>\n\t<meta property=\"og:image:width\" content=\"1384\" \/>\n\t<meta property=\"og:image:height\" content=\"644\" \/>\n\t<meta property=\"og:image:type\" content=\"image\/png\" \/>\n<meta name=\"author\" content=\"HSF Americana\" \/>\n<meta name=\"twitter:label1\" content=\"Escrito por\" \/>\n\t<meta name=\"twitter:data1\" content=\"HSF Americana\" \/>\n\t<meta name=\"twitter:label2\" content=\"Est. tempo de leitura\" \/>\n\t<meta name=\"twitter:data2\" content=\"3 minutos\" \/>\n<script type=\"application\/ld+json\" class=\"yoast-schema-graph\">{\"@context\":\"https:\/\/schema.org\",\"@graph\":[{\"@type\":\"WebPage\",\"@id\":\"https:\/\/hsfamericana.com.br\/index.php\/janeiro-branco-e-roxo-mes-de-alerta-a-conscientizacao-sobre-a-saude-mental-e-a-hanseniase\/\",\"url\":\"https:\/\/hsfamericana.com.br\/index.php\/janeiro-branco-e-roxo-mes-de-alerta-a-conscientizacao-sobre-a-saude-mental-e-a-hanseniase\/\",\"name\":\"Janeiro branco e roxo: m\u00eas de alerta \u00e0 conscientiza\u00e7\u00e3o sobre a sa\u00fade mental e a hansen\u00edase &#8226; Hospital S\u00e3o Francisco de Americana\",\"isPartOf\":{\"@id\":\"https:\/\/hsfamericana.com.br\/#website\"},\"primaryImageOfPage\":{\"@id\":\"https:\/\/hsfamericana.com.br\/index.php\/janeiro-branco-e-roxo-mes-de-alerta-a-conscientizacao-sobre-a-saude-mental-e-a-hanseniase\/#primaryimage\"},\"image\":{\"@id\":\"https:\/\/hsfamericana.com.br\/index.php\/janeiro-branco-e-roxo-mes-de-alerta-a-conscientizacao-sobre-a-saude-mental-e-a-hanseniase\/#primaryimage\"},\"thumbnailUrl\":\"https:\/\/hsfamericana.com.br\/wp-content\/uploads\/2024\/01\/893.2-HSF_banner-site_3.png\",\"datePublished\":\"2024-01-03T14:29:07+00:00\",\"dateModified\":\"2024-02-06T12:46:23+00:00\",\"author\":{\"@id\":\"https:\/\/hsfamericana.com.br\/#\/schema\/person\/3b12fcdd81c4d645a927c9ba010d1551\"},\"breadcrumb\":{\"@id\":\"https:\/\/hsfamericana.com.br\/index.php\/janeiro-branco-e-roxo-mes-de-alerta-a-conscientizacao-sobre-a-saude-mental-e-a-hanseniase\/#breadcrumb\"},\"inLanguage\":\"pt-BR\",\"potentialAction\":[{\"@type\":\"ReadAction\",\"target\":[\"https:\/\/hsfamericana.com.br\/index.php\/janeiro-branco-e-roxo-mes-de-alerta-a-conscientizacao-sobre-a-saude-mental-e-a-hanseniase\/\"]}]},{\"@type\":\"ImageObject\",\"inLanguage\":\"pt-BR\",\"@id\":\"https:\/\/hsfamericana.com.br\/index.php\/janeiro-branco-e-roxo-mes-de-alerta-a-conscientizacao-sobre-a-saude-mental-e-a-hanseniase\/#primaryimage\",\"url\":\"https:\/\/hsfamericana.com.br\/wp-content\/uploads\/2024\/01\/893.2-HSF_banner-site_3.png\",\"contentUrl\":\"https:\/\/hsfamericana.com.br\/wp-content\/uploads\/2024\/01\/893.2-HSF_banner-site_3.png\",\"width\":1384,\"height\":644},{\"@type\":\"BreadcrumbList\",\"@id\":\"https:\/\/hsfamericana.com.br\/index.php\/janeiro-branco-e-roxo-mes-de-alerta-a-conscientizacao-sobre-a-saude-mental-e-a-hanseniase\/#breadcrumb\",\"itemListElement\":[{\"@type\":\"ListItem\",\"position\":1,\"name\":\"In\u00edcio\",\"item\":\"https:\/\/hsfamericana.com.br\/\"},{\"@type\":\"ListItem\",\"position\":2,\"name\":\"Janeiro branco e roxo: m\u00eas de alerta \u00e0 conscientiza\u00e7\u00e3o sobre a sa\u00fade mental e a hansen\u00edase\"}]},{\"@type\":\"WebSite\",\"@id\":\"https:\/\/hsfamericana.com.br\/#website\",\"url\":\"https:\/\/hsfamericana.com.br\/\",\"name\":\"Hospital S\u00e3o Francisco de Americana\",\"description\":\"O mais completo da regi\u00e3o de Campinas\",\"potentialAction\":[{\"@type\":\"SearchAction\",\"target\":{\"@type\":\"EntryPoint\",\"urlTemplate\":\"https:\/\/hsfamericana.com.br\/?s={search_term_string}\"},\"query-input\":{\"@type\":\"PropertyValueSpecification\",\"valueRequired\":true,\"valueName\":\"search_term_string\"}}],\"inLanguage\":\"pt-BR\"},{\"@type\":\"Person\",\"@id\":\"https:\/\/hsfamericana.com.br\/#\/schema\/person\/3b12fcdd81c4d645a927c9ba010d1551\",\"name\":\"HSF Americana\",\"image\":{\"@type\":\"ImageObject\",\"inLanguage\":\"pt-BR\",\"@id\":\"https:\/\/hsfamericana.com.br\/#\/schema\/person\/image\/\",\"url\":\"https:\/\/secure.gravatar.com\/avatar\/5166f96d8390f878591229db68525bd3f5c9f157e02efd0ba33755d400e0b4f1?s=96&d=mm&r=g\",\"contentUrl\":\"https:\/\/secure.gravatar.com\/avatar\/5166f96d8390f878591229db68525bd3f5c9f157e02efd0ba33755d400e0b4f1?s=96&d=mm&r=g\",\"caption\":\"HSF Americana\"},\"sameAs\":[\"https:\/\/www.hsfamericana.com.br\"],\"url\":\"https:\/\/hsfamericana.com.br\/index.php\/author\/nogueira\/\"}]}<\/script>\n<!-- \/ Yoast SEO plugin. -->","yoast_head_json":{"title":"Janeiro branco e roxo: m\u00eas de alerta \u00e0 conscientiza\u00e7\u00e3o sobre a sa\u00fade mental e a hansen\u00edase &#8226; Hospital S\u00e3o Francisco de Americana","robots":{"index":"index","follow":"follow","max-snippet":"max-snippet:-1","max-image-preview":"max-image-preview:large","max-video-preview":"max-video-preview:-1"},"canonical":"https:\/\/hsfamericana.com.br\/index.php\/janeiro-branco-e-roxo-mes-de-alerta-a-conscientizacao-sobre-a-saude-mental-e-a-hanseniase\/","og_locale":"pt_BR","og_type":"article","og_title":"Janeiro branco e roxo: m\u00eas de alerta \u00e0 conscientiza\u00e7\u00e3o sobre a sa\u00fade mental e a hansen\u00edase &#8226; Hospital S\u00e3o Francisco de Americana","og_description":"No primeiro m\u00eas do ano, as cores branco e roxo representam duas importantes campanhas de conscientiza\u00e7\u00e3o sobre a import\u00e2ncia dos cuidados com a sa\u00fade mental e o combate \u00e0 hansen\u00edase. &nbsp; Janeiro branco\u00a0 Janeiro Branco \u00e9 uma campanha presente no calend\u00e1rio do Minist\u00e9rio de Sa\u00fade (MS) e, segundo dados fornecidos por ele, os \u00edndices de [&hellip;]","og_url":"https:\/\/hsfamericana.com.br\/index.php\/janeiro-branco-e-roxo-mes-de-alerta-a-conscientizacao-sobre-a-saude-mental-e-a-hanseniase\/","og_site_name":"Hospital S\u00e3o Francisco de Americana","article_published_time":"2024-01-03T14:29:07+00:00","article_modified_time":"2024-02-06T12:46:23+00:00","og_image":[{"width":1384,"height":644,"url":"https:\/\/hsfamericana.com.br\/wp-content\/uploads\/2024\/01\/893.2-HSF_banner-site_3.png","type":"image\/png"}],"author":"HSF Americana","twitter_misc":{"Escrito por":"HSF Americana","Est. tempo de leitura":"3 minutos"},"schema":{"@context":"https:\/\/schema.org","@graph":[{"@type":"WebPage","@id":"https:\/\/hsfamericana.com.br\/index.php\/janeiro-branco-e-roxo-mes-de-alerta-a-conscientizacao-sobre-a-saude-mental-e-a-hanseniase\/","url":"https:\/\/hsfamericana.com.br\/index.php\/janeiro-branco-e-roxo-mes-de-alerta-a-conscientizacao-sobre-a-saude-mental-e-a-hanseniase\/","name":"Janeiro branco e roxo: m\u00eas de alerta \u00e0 conscientiza\u00e7\u00e3o sobre a sa\u00fade mental e a hansen\u00edase &#8226; Hospital S\u00e3o Francisco de Americana","isPartOf":{"@id":"https:\/\/hsfamericana.com.br\/#website"},"primaryImageOfPage":{"@id":"https:\/\/hsfamericana.com.br\/index.php\/janeiro-branco-e-roxo-mes-de-alerta-a-conscientizacao-sobre-a-saude-mental-e-a-hanseniase\/#primaryimage"},"image":{"@id":"https:\/\/hsfamericana.com.br\/index.php\/janeiro-branco-e-roxo-mes-de-alerta-a-conscientizacao-sobre-a-saude-mental-e-a-hanseniase\/#primaryimage"},"thumbnailUrl":"https:\/\/hsfamericana.com.br\/wp-content\/uploads\/2024\/01\/893.2-HSF_banner-site_3.png","datePublished":"2024-01-03T14:29:07+00:00","dateModified":"2024-02-06T12:46:23+00:00","author":{"@id":"https:\/\/hsfamericana.com.br\/#\/schema\/person\/3b12fcdd81c4d645a927c9ba010d1551"},"breadcrumb":{"@id":"https:\/\/hsfamericana.com.br\/index.php\/janeiro-branco-e-roxo-mes-de-alerta-a-conscientizacao-sobre-a-saude-mental-e-a-hanseniase\/#breadcrumb"},"inLanguage":"pt-BR","potentialAction":[{"@type":"ReadAction","target":["https:\/\/hsfamericana.com.br\/index.php\/janeiro-branco-e-roxo-mes-de-alerta-a-conscientizacao-sobre-a-saude-mental-e-a-hanseniase\/"]}]},{"@type":"ImageObject","inLanguage":"pt-BR","@id":"https:\/\/hsfamericana.com.br\/index.php\/janeiro-branco-e-roxo-mes-de-alerta-a-conscientizacao-sobre-a-saude-mental-e-a-hanseniase\/#primaryimage","url":"https:\/\/hsfamericana.com.br\/wp-content\/uploads\/2024\/01\/893.2-HSF_banner-site_3.png","contentUrl":"https:\/\/hsfamericana.com.br\/wp-content\/uploads\/2024\/01\/893.2-HSF_banner-site_3.png","width":1384,"height":644},{"@type":"BreadcrumbList","@id":"https:\/\/hsfamericana.com.br\/index.php\/janeiro-branco-e-roxo-mes-de-alerta-a-conscientizacao-sobre-a-saude-mental-e-a-hanseniase\/#breadcrumb","itemListElement":[{"@type":"ListItem","position":1,"name":"In\u00edcio","item":"https:\/\/hsfamericana.com.br\/"},{"@type":"ListItem","position":2,"name":"Janeiro branco e roxo: m\u00eas de alerta \u00e0 conscientiza\u00e7\u00e3o sobre a sa\u00fade mental e a hansen\u00edase"}]},{"@type":"WebSite","@id":"https:\/\/hsfamericana.com.br\/#website","url":"https:\/\/hsfamericana.com.br\/","name":"Hospital S\u00e3o Francisco de Americana","description":"O mais completo da regi\u00e3o de Campinas","potentialAction":[{"@type":"SearchAction","target":{"@type":"EntryPoint","urlTemplate":"https:\/\/hsfamericana.com.br\/?s={search_term_string}"},"query-input":{"@type":"PropertyValueSpecification","valueRequired":true,"valueName":"search_term_string"}}],"inLanguage":"pt-BR"},{"@type":"Person","@id":"https:\/\/hsfamericana.com.br\/#\/schema\/person\/3b12fcdd81c4d645a927c9ba010d1551","name":"HSF Americana","image":{"@type":"ImageObject","inLanguage":"pt-BR","@id":"https:\/\/hsfamericana.com.br\/#\/schema\/person\/image\/","url":"https:\/\/secure.gravatar.com\/avatar\/5166f96d8390f878591229db68525bd3f5c9f157e02efd0ba33755d400e0b4f1?s=96&d=mm&r=g","contentUrl":"https:\/\/secure.gravatar.com\/avatar\/5166f96d8390f878591229db68525bd3f5c9f157e02efd0ba33755d400e0b4f1?s=96&d=mm&r=g","caption":"HSF Americana"},"sameAs":["https:\/\/www.hsfamericana.com.br"],"url":"https:\/\/hsfamericana.com.br\/index.php\/author\/nogueira\/"}]}},"_links":{"self":[{"href":"https:\/\/hsfamericana.com.br\/index.php\/wp-json\/wp\/v2\/posts\/4610","targetHints":{"allow":["GET"]}}],"collection":[{"href":"https:\/\/hsfamericana.com.br\/index.php\/wp-json\/wp\/v2\/posts"}],"about":[{"href":"https:\/\/hsfamericana.com.br\/index.php\/wp-json\/wp\/v2\/types\/post"}],"author":[{"embeddable":true,"href":"https:\/\/hsfamericana.com.br\/index.php\/wp-json\/wp\/v2\/users\/2"}],"replies":[{"embeddable":true,"href":"https:\/\/hsfamericana.com.br\/index.php\/wp-json\/wp\/v2\/comments?post=4610"}],"version-history":[{"count":14,"href":"https:\/\/hsfamericana.com.br\/index.php\/wp-json\/wp\/v2\/posts\/4610\/revisions"}],"predecessor-version":[{"id":4687,"href":"https:\/\/hsfamericana.com.br\/index.php\/wp-json\/wp\/v2\/posts\/4610\/revisions\/4687"}],"wp:featuredmedia":[{"embeddable":true,"href":"https:\/\/hsfamericana.com.br\/index.php\/wp-json\/wp\/v2\/media\/4686"}],"wp:attachment":[{"href":"https:\/\/hsfamericana.com.br\/index.php\/wp-json\/wp\/v2\/media?parent=4610"}],"wp:term":[{"taxonomy":"category","embeddable":true,"href":"https:\/\/hsfamericana.com.br\/index.php\/wp-json\/wp\/v2\/categories?post=4610"},{"taxonomy":"post_tag","embeddable":true,"href":"https:\/\/hsfamericana.com.br\/index.php\/wp-json\/wp\/v2\/tags?post=4610"}],"curies":[{"name":"wp","href":"https:\/\/api.w.org\/{rel}","templated":true}]}}