{"id":4829,"date":"2024-03-27T15:50:37","date_gmt":"2024-03-27T15:50:37","guid":{"rendered":"https:\/\/www.hsfamericana.com.br\/?p=4829"},"modified":"2024-03-27T15:50:37","modified_gmt":"2024-03-27T15:50:37","slug":"o-hospital-sao-francisco-de-americana-inaugura-praca-francisco-matarazzo-revitalizada-e-novo-ambulatorio-de-especialidades","status":"publish","type":"post","link":"https:\/\/hsfamericana.com.br\/index.php\/o-hospital-sao-francisco-de-americana-inaugura-praca-francisco-matarazzo-revitalizada-e-novo-ambulatorio-de-especialidades\/","title":{"rendered":"O Hospital s\u00e3o Francisco de Americana  Inaugura Pra\u00e7a Francisco Matarazzo Revitalizada e Novo Ambulat\u00f3rio de Especialidades"},"content":{"rendered":"<p>O Hospital s\u00e3o Francisco de Americana inaugurou a Pra\u00e7a Francisco Matarazzo totalmente revitalizada. A obra ocorreu em parceria com a Prefeitura atrav\u00e9s do Programa \u201cAdote uma Pra\u00e7a\u201d e colabora\u00e7\u00e3o de doadores espont\u00e2neos que contribu\u00edram para que esse projeto se conclu\u00edsse. \u201cA inaugura\u00e7\u00e3o ocorreu no \u00faltimo dia 16 juntamente com a inaugura\u00e7\u00e3o do novo \u201cAmbulat\u00f3rio de Especialidades\u201d, situado no 1\u00b0 andar do pr\u00e9dio anexo, um espa\u00e7o totalmente amplo e moderno interligado por uma passarela batizada de <em>\u201cPASSARELA DOS PROVEDORES<\/em>\u201d.<\/p>\n<p>O evento foi conduzido pelo presidente do hospital, Sr. Douglas Guzzo, e contou com a participa\u00e7\u00e3o de mun\u00edcipios, autoridades, convidados especiais e empres\u00e1rios, e foi dividido em duas etapas. Primeiro, a entrega da pra\u00e7a que est\u00e1 ainda mais bonita, com novo paisagismo, ilumina\u00e7\u00e3o, al\u00e9m do amplo estacionamento que trar\u00e1 melhor acessibilidade aos usu\u00e1rios do hospital.<\/p>\n<p>&nbsp;<\/p>\n<img loading=\"lazy\" decoding=\"async\" class=\"aligncenter wp-image-4835 size-medium\" src=\"https:\/\/www.hsfamericana.com.br\/wp-content\/uploads\/2024\/03\/praca-3-300x300.jpg\" alt=\"\" width=\"300\" height=\"300\" srcset=\"https:\/\/hsfamericana.com.br\/wp-content\/uploads\/2024\/03\/praca-3-300x300.jpg 300w, https:\/\/hsfamericana.com.br\/wp-content\/uploads\/2024\/03\/praca-3-150x150.jpg 150w, https:\/\/hsfamericana.com.br\/wp-content\/uploads\/2024\/03\/praca-3-1024x1024.jpg 1024w\" sizes=\"auto, (max-width: 300px) 100vw, 300px\" \/>\n<p style=\"text-align: center;\"><span style=\"font-size: 10pt;\"> <img loading=\"lazy\" decoding=\"async\" class=\"aligncenter wp-image-4836 size-medium\" src=\"https:\/\/www.hsfamericana.com.br\/wp-content\/uploads\/2024\/03\/praca-4-300x300.jpg\" alt=\"\" width=\"300\" height=\"300\" srcset=\"https:\/\/hsfamericana.com.br\/wp-content\/uploads\/2024\/03\/praca-4-300x300.jpg 300w, https:\/\/hsfamericana.com.br\/wp-content\/uploads\/2024\/03\/praca-4-150x150.jpg 150w, https:\/\/hsfamericana.com.br\/wp-content\/uploads\/2024\/03\/praca-4-1024x1024.jpg 1024w\" sizes=\"auto, (max-width: 300px) 100vw, 300px\" \/><\/span><\/p>\n<p style=\"text-align: left;\">Logo em seguida, os convidados foram guiados a conhecer o primeiro piso do pr\u00e9dio anexo, o novo \u201cAmbulat\u00f3rio de Especialidades\u201d, o espa\u00e7o conta com 9 consult\u00f3rios e 2 salas de cirurgias amplamente compostas por equipamentos de \u00faltima gera\u00e7\u00e3o com grandes aparatos tecnol\u00f3gicos, al\u00e9m de ampla recep\u00e7\u00e3o para acomodar at\u00e9 60 pessoas; o evento foi finalizado formalmente com um coffe break para os convidados.<\/p>\n<img loading=\"lazy\" decoding=\"async\" class=\"wp-image-4842 size-medium alignleft\" src=\"https:\/\/www.hsfamericana.com.br\/wp-content\/uploads\/2024\/03\/DSV8699-300x300.jpg\" alt=\"\" width=\"300\" height=\"300\" srcset=\"https:\/\/hsfamericana.com.br\/wp-content\/uploads\/2024\/03\/DSV8699-300x300.jpg 300w, https:\/\/hsfamericana.com.br\/wp-content\/uploads\/2024\/03\/DSV8699-150x150.jpg 150w, https:\/\/hsfamericana.com.br\/wp-content\/uploads\/2024\/03\/DSV8699-1024x1024.jpg 1024w\" sizes=\"auto, (max-width: 300px) 100vw, 300px\" \/>\n<img loading=\"lazy\" decoding=\"async\" class=\"wp-image-4837 size-medium alignleft\" src=\"https:\/\/www.hsfamericana.com.br\/wp-content\/uploads\/2024\/03\/DSV8793-300x300.jpg\" alt=\"\" width=\"300\" height=\"300\" srcset=\"https:\/\/hsfamericana.com.br\/wp-content\/uploads\/2024\/03\/DSV8793-300x300.jpg 300w, https:\/\/hsfamericana.com.br\/wp-content\/uploads\/2024\/03\/DSV8793-150x150.jpg 150w, https:\/\/hsfamericana.com.br\/wp-content\/uploads\/2024\/03\/DSV8793-1024x1024.jpg 1024w\" sizes=\"auto, (max-width: 300px) 100vw, 300px\" \/> <img loading=\"lazy\" decoding=\"async\" class=\"alignleft wp-image-4838 size-medium\" src=\"https:\/\/www.hsfamericana.com.br\/wp-content\/uploads\/2024\/03\/DSV8804-300x300.jpg\" alt=\"\" width=\"300\" height=\"300\" srcset=\"https:\/\/hsfamericana.com.br\/wp-content\/uploads\/2024\/03\/DSV8804-300x300.jpg 300w, https:\/\/hsfamericana.com.br\/wp-content\/uploads\/2024\/03\/DSV8804-150x150.jpg 150w, https:\/\/hsfamericana.com.br\/wp-content\/uploads\/2024\/03\/DSV8804-1024x1024.jpg 1024w\" sizes=\"auto, (max-width: 300px) 100vw, 300px\" \/> <img loading=\"lazy\" decoding=\"async\" class=\"alignleft wp-image-4839 size-medium\" src=\"https:\/\/www.hsfamericana.com.br\/wp-content\/uploads\/2024\/03\/DSV8806-300x300.jpg\" alt=\"\" width=\"300\" height=\"300\" srcset=\"https:\/\/hsfamericana.com.br\/wp-content\/uploads\/2024\/03\/DSV8806-300x300.jpg 300w, https:\/\/hsfamericana.com.br\/wp-content\/uploads\/2024\/03\/DSV8806-150x150.jpg 150w, https:\/\/hsfamericana.com.br\/wp-content\/uploads\/2024\/03\/DSV8806-1024x1024.jpg 1024w\" sizes=\"auto, (max-width: 300px) 100vw, 300px\" \/> <img loading=\"lazy\" decoding=\"async\" class=\"alignleft wp-image-4840 size-medium\" src=\"https:\/\/www.hsfamericana.com.br\/wp-content\/uploads\/2024\/03\/DSV8811-300x300.jpg\" alt=\"\" width=\"300\" height=\"300\" srcset=\"https:\/\/hsfamericana.com.br\/wp-content\/uploads\/2024\/03\/DSV8811-300x300.jpg 300w, https:\/\/hsfamericana.com.br\/wp-content\/uploads\/2024\/03\/DSV8811-150x150.jpg 150w, https:\/\/hsfamericana.com.br\/wp-content\/uploads\/2024\/03\/DSV8811-1024x1024.jpg 1024w\" sizes=\"auto, (max-width: 300px) 100vw, 300px\" \/> <img loading=\"lazy\" decoding=\"async\" class=\"alignleft wp-image-4841 size-medium\" src=\"https:\/\/www.hsfamericana.com.br\/wp-content\/uploads\/2024\/03\/DSV8859-300x300.jpg\" alt=\"\" width=\"300\" height=\"300\" srcset=\"https:\/\/hsfamericana.com.br\/wp-content\/uploads\/2024\/03\/DSV8859-300x300.jpg 300w, https:\/\/hsfamericana.com.br\/wp-content\/uploads\/2024\/03\/DSV8859-150x150.jpg 150w, https:\/\/hsfamericana.com.br\/wp-content\/uploads\/2024\/03\/DSV8859-1024x1024.jpg 1024w\" sizes=\"auto, (max-width: 300px) 100vw, 300px\" \/>\n<p>&nbsp;<\/p>\n<p>&nbsp;<\/p>\n<p>&nbsp;<\/p>\n<p>&nbsp;<\/p>\n<p>&nbsp;<\/p>\n<p>&nbsp;<\/p>\n<p>&nbsp;<\/p>\n<p>&nbsp;<\/p>\n<p>&nbsp;<\/p>\n<p>&nbsp;<\/p>\n<p>&nbsp;<\/p>\n<p>&nbsp;<\/p>\n<p>&nbsp;<\/p>\n<p>&nbsp;<\/p>\n<p>&nbsp;<\/p>\n<p>&nbsp;<\/p>\n<p>&nbsp;<\/p>\n<p>&nbsp;<\/p>\n<p>&nbsp;<\/p>\n<p>&nbsp;<\/p>\n<p>&nbsp;<\/p>\n<p>&nbsp;<\/p>\n<p>&nbsp;<\/p>\n<p>&nbsp;<\/p>\n","protected":false},"excerpt":{"rendered":"<p>O Hospital s\u00e3o Francisco de Americana inaugurou a Pra\u00e7a Francisco Matarazzo totalmente revitalizada. A obra ocorreu em parceria com a Prefeitura atrav\u00e9s do Programa \u201cAdote uma Pra\u00e7a\u201d e colabora\u00e7\u00e3o de doadores espont\u00e2neos que contribu\u00edram para que esse projeto se conclu\u00edsse. \u201cA inaugura\u00e7\u00e3o ocorreu no \u00faltimo dia 16 juntamente com a inaugura\u00e7\u00e3o do novo \u201cAmbulat\u00f3rio de [&hellip;]<\/p>\n","protected":false},"author":2,"featured_media":4855,"comment_status":"open","ping_status":"open","sticky":false,"template":"","format":"standard","meta":{"_acf_changed":false,"footnotes":""},"categories":[4],"tags":[302,50,24,200,275,37,23,301,303,28,123,27,66,21,120],"class_list":["post-4829","post","type-post","status-publish","format-standard","has-post-thumbnail","hentry","category-noticias","tag-ambulatorio-de-especialidades","tag-hospital","tag-hospital-sao-francisco","tag-hospital-sao-francisco-americana","tag-hospital-sao-francisco-de-americana","tag-hsf","tag-hsf-americana","tag-inauguracao","tag-praca-sao-francisco-matarazzo","tag-prevencao","tag-qualidade-de-vida","tag-saude","tag-sintomas","tag-solidariedade","tag-suicidio"],"acf":[],"yoast_head":"<!-- This site is optimized with the Yoast SEO plugin v25.2 - https:\/\/yoast.com\/wordpress\/plugins\/seo\/ -->\n<title>O Hospital s\u00e3o Francisco de Americana Inaugura Pra\u00e7a Francisco Matarazzo Revitalizada e Novo Ambulat\u00f3rio de Especialidades &#8226; Hospital S\u00e3o Francisco de Americana<\/title>\n<meta name=\"robots\" content=\"index, follow, max-snippet:-1, max-image-preview:large, max-video-preview:-1\" \/>\n<link rel=\"canonical\" href=\"https:\/\/hsfamericana.com.br\/index.php\/o-hospital-sao-francisco-de-americana-inaugura-praca-francisco-matarazzo-revitalizada-e-novo-ambulatorio-de-especialidades\/\" \/>\n<meta property=\"og:locale\" content=\"pt_BR\" \/>\n<meta property=\"og:type\" content=\"article\" \/>\n<meta property=\"og:title\" content=\"O Hospital s\u00e3o Francisco de Americana Inaugura Pra\u00e7a Francisco Matarazzo Revitalizada e Novo Ambulat\u00f3rio de Especialidades &#8226; Hospital S\u00e3o Francisco de Americana\" \/>\n<meta property=\"og:description\" content=\"O Hospital s\u00e3o Francisco de Americana inaugurou a Pra\u00e7a Francisco Matarazzo totalmente revitalizada. A obra ocorreu em parceria com a Prefeitura atrav\u00e9s do Programa \u201cAdote uma Pra\u00e7a\u201d e colabora\u00e7\u00e3o de doadores espont\u00e2neos que contribu\u00edram para que esse projeto se conclu\u00edsse. \u201cA inaugura\u00e7\u00e3o ocorreu no \u00faltimo dia 16 juntamente com a inaugura\u00e7\u00e3o do novo \u201cAmbulat\u00f3rio de [&hellip;]\" \/>\n<meta property=\"og:url\" content=\"https:\/\/hsfamericana.com.br\/index.php\/o-hospital-sao-francisco-de-americana-inaugura-praca-francisco-matarazzo-revitalizada-e-novo-ambulatorio-de-especialidades\/\" \/>\n<meta property=\"og:site_name\" content=\"Hospital S\u00e3o Francisco de Americana\" \/>\n<meta property=\"article:published_time\" content=\"2024-03-27T15:50:37+00:00\" \/>\n<meta property=\"og:image\" content=\"https:\/\/hsfamericana.com.br\/wp-content\/uploads\/2024\/03\/949.6-hsf_noticias-extra_banner_930x542.png\" \/>\n\t<meta property=\"og:image:width\" content=\"930\" \/>\n\t<meta property=\"og:image:height\" content=\"542\" \/>\n\t<meta property=\"og:image:type\" content=\"image\/png\" \/>\n<meta name=\"author\" content=\"HSF Americana\" \/>\n<meta name=\"twitter:label1\" content=\"Escrito por\" \/>\n\t<meta name=\"twitter:data1\" content=\"HSF Americana\" \/>\n\t<meta name=\"twitter:label2\" content=\"Est. tempo de leitura\" \/>\n\t<meta name=\"twitter:data2\" content=\"1 minuto\" \/>\n<script type=\"application\/ld+json\" class=\"yoast-schema-graph\">{\"@context\":\"https:\/\/schema.org\",\"@graph\":[{\"@type\":\"WebPage\",\"@id\":\"https:\/\/hsfamericana.com.br\/index.php\/o-hospital-sao-francisco-de-americana-inaugura-praca-francisco-matarazzo-revitalizada-e-novo-ambulatorio-de-especialidades\/\",\"url\":\"https:\/\/hsfamericana.com.br\/index.php\/o-hospital-sao-francisco-de-americana-inaugura-praca-francisco-matarazzo-revitalizada-e-novo-ambulatorio-de-especialidades\/\",\"name\":\"O Hospital s\u00e3o Francisco de Americana Inaugura Pra\u00e7a Francisco Matarazzo Revitalizada e Novo Ambulat\u00f3rio de Especialidades &#8226; Hospital S\u00e3o Francisco de Americana\",\"isPartOf\":{\"@id\":\"https:\/\/hsfamericana.com.br\/#website\"},\"primaryImageOfPage\":{\"@id\":\"https:\/\/hsfamericana.com.br\/index.php\/o-hospital-sao-francisco-de-americana-inaugura-praca-francisco-matarazzo-revitalizada-e-novo-ambulatorio-de-especialidades\/#primaryimage\"},\"image\":{\"@id\":\"https:\/\/hsfamericana.com.br\/index.php\/o-hospital-sao-francisco-de-americana-inaugura-praca-francisco-matarazzo-revitalizada-e-novo-ambulatorio-de-especialidades\/#primaryimage\"},\"thumbnailUrl\":\"https:\/\/hsfamericana.com.br\/wp-content\/uploads\/2024\/03\/949.6-hsf_noticias-extra_banner_930x542.png\",\"datePublished\":\"2024-03-27T15:50:37+00:00\",\"author\":{\"@id\":\"https:\/\/hsfamericana.com.br\/#\/schema\/person\/3b12fcdd81c4d645a927c9ba010d1551\"},\"breadcrumb\":{\"@id\":\"https:\/\/hsfamericana.com.br\/index.php\/o-hospital-sao-francisco-de-americana-inaugura-praca-francisco-matarazzo-revitalizada-e-novo-ambulatorio-de-especialidades\/#breadcrumb\"},\"inLanguage\":\"pt-BR\",\"potentialAction\":[{\"@type\":\"ReadAction\",\"target\":[\"https:\/\/hsfamericana.com.br\/index.php\/o-hospital-sao-francisco-de-americana-inaugura-praca-francisco-matarazzo-revitalizada-e-novo-ambulatorio-de-especialidades\/\"]}]},{\"@type\":\"ImageObject\",\"inLanguage\":\"pt-BR\",\"@id\":\"https:\/\/hsfamericana.com.br\/index.php\/o-hospital-sao-francisco-de-americana-inaugura-praca-francisco-matarazzo-revitalizada-e-novo-ambulatorio-de-especialidades\/#primaryimage\",\"url\":\"https:\/\/hsfamericana.com.br\/wp-content\/uploads\/2024\/03\/949.6-hsf_noticias-extra_banner_930x542.png\",\"contentUrl\":\"https:\/\/hsfamericana.com.br\/wp-content\/uploads\/2024\/03\/949.6-hsf_noticias-extra_banner_930x542.png\",\"width\":930,\"height\":542},{\"@type\":\"BreadcrumbList\",\"@id\":\"https:\/\/hsfamericana.com.br\/index.php\/o-hospital-sao-francisco-de-americana-inaugura-praca-francisco-matarazzo-revitalizada-e-novo-ambulatorio-de-especialidades\/#breadcrumb\",\"itemListElement\":[{\"@type\":\"ListItem\",\"position\":1,\"name\":\"In\u00edcio\",\"item\":\"https:\/\/hsfamericana.com.br\/\"},{\"@type\":\"ListItem\",\"position\":2,\"name\":\"O Hospital s\u00e3o Francisco de Americana Inaugura Pra\u00e7a Francisco Matarazzo Revitalizada e Novo Ambulat\u00f3rio de Especialidades\"}]},{\"@type\":\"WebSite\",\"@id\":\"https:\/\/hsfamericana.com.br\/#website\",\"url\":\"https:\/\/hsfamericana.com.br\/\",\"name\":\"Hospital S\u00e3o Francisco de Americana\",\"description\":\"O mais completo da regi\u00e3o de Campinas\",\"potentialAction\":[{\"@type\":\"SearchAction\",\"target\":{\"@type\":\"EntryPoint\",\"urlTemplate\":\"https:\/\/hsfamericana.com.br\/?s={search_term_string}\"},\"query-input\":{\"@type\":\"PropertyValueSpecification\",\"valueRequired\":true,\"valueName\":\"search_term_string\"}}],\"inLanguage\":\"pt-BR\"},{\"@type\":\"Person\",\"@id\":\"https:\/\/hsfamericana.com.br\/#\/schema\/person\/3b12fcdd81c4d645a927c9ba010d1551\",\"name\":\"HSF Americana\",\"image\":{\"@type\":\"ImageObject\",\"inLanguage\":\"pt-BR\",\"@id\":\"https:\/\/hsfamericana.com.br\/#\/schema\/person\/image\/\",\"url\":\"https:\/\/secure.gravatar.com\/avatar\/5166f96d8390f878591229db68525bd3f5c9f157e02efd0ba33755d400e0b4f1?s=96&d=mm&r=g\",\"contentUrl\":\"https:\/\/secure.gravatar.com\/avatar\/5166f96d8390f878591229db68525bd3f5c9f157e02efd0ba33755d400e0b4f1?s=96&d=mm&r=g\",\"caption\":\"HSF Americana\"},\"sameAs\":[\"https:\/\/www.hsfamericana.com.br\"],\"url\":\"https:\/\/hsfamericana.com.br\/index.php\/author\/nogueira\/\"}]}<\/script>\n<!-- \/ Yoast SEO plugin. -->","yoast_head_json":{"title":"O Hospital s\u00e3o Francisco de Americana Inaugura Pra\u00e7a Francisco Matarazzo Revitalizada e Novo Ambulat\u00f3rio de Especialidades &#8226; Hospital S\u00e3o Francisco de Americana","robots":{"index":"index","follow":"follow","max-snippet":"max-snippet:-1","max-image-preview":"max-image-preview:large","max-video-preview":"max-video-preview:-1"},"canonical":"https:\/\/hsfamericana.com.br\/index.php\/o-hospital-sao-francisco-de-americana-inaugura-praca-francisco-matarazzo-revitalizada-e-novo-ambulatorio-de-especialidades\/","og_locale":"pt_BR","og_type":"article","og_title":"O Hospital s\u00e3o Francisco de Americana Inaugura Pra\u00e7a Francisco Matarazzo Revitalizada e Novo Ambulat\u00f3rio de Especialidades &#8226; Hospital S\u00e3o Francisco de Americana","og_description":"O Hospital s\u00e3o Francisco de Americana inaugurou a Pra\u00e7a Francisco Matarazzo totalmente revitalizada. A obra ocorreu em parceria com a Prefeitura atrav\u00e9s do Programa \u201cAdote uma Pra\u00e7a\u201d e colabora\u00e7\u00e3o de doadores espont\u00e2neos que contribu\u00edram para que esse projeto se conclu\u00edsse. \u201cA inaugura\u00e7\u00e3o ocorreu no \u00faltimo dia 16 juntamente com a inaugura\u00e7\u00e3o do novo \u201cAmbulat\u00f3rio de [&hellip;]","og_url":"https:\/\/hsfamericana.com.br\/index.php\/o-hospital-sao-francisco-de-americana-inaugura-praca-francisco-matarazzo-revitalizada-e-novo-ambulatorio-de-especialidades\/","og_site_name":"Hospital S\u00e3o Francisco de Americana","article_published_time":"2024-03-27T15:50:37+00:00","og_image":[{"width":930,"height":542,"url":"https:\/\/hsfamericana.com.br\/wp-content\/uploads\/2024\/03\/949.6-hsf_noticias-extra_banner_930x542.png","type":"image\/png"}],"author":"HSF Americana","twitter_misc":{"Escrito por":"HSF Americana","Est. tempo de leitura":"1 minuto"},"schema":{"@context":"https:\/\/schema.org","@graph":[{"@type":"WebPage","@id":"https:\/\/hsfamericana.com.br\/index.php\/o-hospital-sao-francisco-de-americana-inaugura-praca-francisco-matarazzo-revitalizada-e-novo-ambulatorio-de-especialidades\/","url":"https:\/\/hsfamericana.com.br\/index.php\/o-hospital-sao-francisco-de-americana-inaugura-praca-francisco-matarazzo-revitalizada-e-novo-ambulatorio-de-especialidades\/","name":"O Hospital s\u00e3o Francisco de Americana Inaugura Pra\u00e7a Francisco Matarazzo Revitalizada e Novo Ambulat\u00f3rio de Especialidades &#8226; Hospital S\u00e3o Francisco de Americana","isPartOf":{"@id":"https:\/\/hsfamericana.com.br\/#website"},"primaryImageOfPage":{"@id":"https:\/\/hsfamericana.com.br\/index.php\/o-hospital-sao-francisco-de-americana-inaugura-praca-francisco-matarazzo-revitalizada-e-novo-ambulatorio-de-especialidades\/#primaryimage"},"image":{"@id":"https:\/\/hsfamericana.com.br\/index.php\/o-hospital-sao-francisco-de-americana-inaugura-praca-francisco-matarazzo-revitalizada-e-novo-ambulatorio-de-especialidades\/#primaryimage"},"thumbnailUrl":"https:\/\/hsfamericana.com.br\/wp-content\/uploads\/2024\/03\/949.6-hsf_noticias-extra_banner_930x542.png","datePublished":"2024-03-27T15:50:37+00:00","author":{"@id":"https:\/\/hsfamericana.com.br\/#\/schema\/person\/3b12fcdd81c4d645a927c9ba010d1551"},"breadcrumb":{"@id":"https:\/\/hsfamericana.com.br\/index.php\/o-hospital-sao-francisco-de-americana-inaugura-praca-francisco-matarazzo-revitalizada-e-novo-ambulatorio-de-especialidades\/#breadcrumb"},"inLanguage":"pt-BR","potentialAction":[{"@type":"ReadAction","target":["https:\/\/hsfamericana.com.br\/index.php\/o-hospital-sao-francisco-de-americana-inaugura-praca-francisco-matarazzo-revitalizada-e-novo-ambulatorio-de-especialidades\/"]}]},{"@type":"ImageObject","inLanguage":"pt-BR","@id":"https:\/\/hsfamericana.com.br\/index.php\/o-hospital-sao-francisco-de-americana-inaugura-praca-francisco-matarazzo-revitalizada-e-novo-ambulatorio-de-especialidades\/#primaryimage","url":"https:\/\/hsfamericana.com.br\/wp-content\/uploads\/2024\/03\/949.6-hsf_noticias-extra_banner_930x542.png","contentUrl":"https:\/\/hsfamericana.com.br\/wp-content\/uploads\/2024\/03\/949.6-hsf_noticias-extra_banner_930x542.png","width":930,"height":542},{"@type":"BreadcrumbList","@id":"https:\/\/hsfamericana.com.br\/index.php\/o-hospital-sao-francisco-de-americana-inaugura-praca-francisco-matarazzo-revitalizada-e-novo-ambulatorio-de-especialidades\/#breadcrumb","itemListElement":[{"@type":"ListItem","position":1,"name":"In\u00edcio","item":"https:\/\/hsfamericana.com.br\/"},{"@type":"ListItem","position":2,"name":"O Hospital s\u00e3o Francisco de Americana Inaugura Pra\u00e7a Francisco Matarazzo Revitalizada e Novo Ambulat\u00f3rio de Especialidades"}]},{"@type":"WebSite","@id":"https:\/\/hsfamericana.com.br\/#website","url":"https:\/\/hsfamericana.com.br\/","name":"Hospital S\u00e3o Francisco de Americana","description":"O mais completo da regi\u00e3o de Campinas","potentialAction":[{"@type":"SearchAction","target":{"@type":"EntryPoint","urlTemplate":"https:\/\/hsfamericana.com.br\/?s={search_term_string}"},"query-input":{"@type":"PropertyValueSpecification","valueRequired":true,"valueName":"search_term_string"}}],"inLanguage":"pt-BR"},{"@type":"Person","@id":"https:\/\/hsfamericana.com.br\/#\/schema\/person\/3b12fcdd81c4d645a927c9ba010d1551","name":"HSF Americana","image":{"@type":"ImageObject","inLanguage":"pt-BR","@id":"https:\/\/hsfamericana.com.br\/#\/schema\/person\/image\/","url":"https:\/\/secure.gravatar.com\/avatar\/5166f96d8390f878591229db68525bd3f5c9f157e02efd0ba33755d400e0b4f1?s=96&d=mm&r=g","contentUrl":"https:\/\/secure.gravatar.com\/avatar\/5166f96d8390f878591229db68525bd3f5c9f157e02efd0ba33755d400e0b4f1?s=96&d=mm&r=g","caption":"HSF Americana"},"sameAs":["https:\/\/www.hsfamericana.com.br"],"url":"https:\/\/hsfamericana.com.br\/index.php\/author\/nogueira\/"}]}},"_links":{"self":[{"href":"https:\/\/hsfamericana.com.br\/index.php\/wp-json\/wp\/v2\/posts\/4829","targetHints":{"allow":["GET"]}}],"collection":[{"href":"https:\/\/hsfamericana.com.br\/index.php\/wp-json\/wp\/v2\/posts"}],"about":[{"href":"https:\/\/hsfamericana.com.br\/index.php\/wp-json\/wp\/v2\/types\/post"}],"author":[{"embeddable":true,"href":"https:\/\/hsfamericana.com.br\/index.php\/wp-json\/wp\/v2\/users\/2"}],"replies":[{"embeddable":true,"href":"https:\/\/hsfamericana.com.br\/index.php\/wp-json\/wp\/v2\/comments?post=4829"}],"version-history":[{"count":12,"href":"https:\/\/hsfamericana.com.br\/index.php\/wp-json\/wp\/v2\/posts\/4829\/revisions"}],"predecessor-version":[{"id":4856,"href":"https:\/\/hsfamericana.com.br\/index.php\/wp-json\/wp\/v2\/posts\/4829\/revisions\/4856"}],"wp:featuredmedia":[{"embeddable":true,"href":"https:\/\/hsfamericana.com.br\/index.php\/wp-json\/wp\/v2\/media\/4855"}],"wp:attachment":[{"href":"https:\/\/hsfamericana.com.br\/index.php\/wp-json\/wp\/v2\/media?parent=4829"}],"wp:term":[{"taxonomy":"category","embeddable":true,"href":"https:\/\/hsfamericana.com.br\/index.php\/wp-json\/wp\/v2\/categories?post=4829"},{"taxonomy":"post_tag","embeddable":true,"href":"https:\/\/hsfamericana.com.br\/index.php\/wp-json\/wp\/v2\/tags?post=4829"}],"curies":[{"name":"wp","href":"https:\/\/api.w.org\/{rel}","templated":true}]}}