{"id":4857,"date":"2024-04-01T11:59:49","date_gmt":"2024-04-01T11:59:49","guid":{"rendered":"https:\/\/www.hsfamericana.com.br\/?p=4857"},"modified":"2024-04-01T11:59:49","modified_gmt":"2024-04-01T11:59:49","slug":"abril-azul-mes-de-conscientizacao-sobre-o-autismo","status":"publish","type":"post","link":"https:\/\/hsfamericana.com.br\/index.php\/abril-azul-mes-de-conscientizacao-sobre-o-autismo\/","title":{"rendered":"Abril Azul: M\u00eas de Conscientiza\u00e7\u00e3o sobre o Autismo"},"content":{"rendered":"<blockquote>\n<p><em>A campanha\u00a0foi estabelecida pela Organiza\u00e7\u00e3o das Na\u00e7\u00f5es Unidas como uma forma de conscientizar as pessoas sobre o autismo.<\/em><\/p>\n<\/blockquote>\n<p>&nbsp;<\/p>\n<img loading=\"lazy\" decoding=\"async\" class=\"size-full wp-image-4867 aligncenter\" src=\"https:\/\/www.hsfamericana.com.br\/wp-content\/uploads\/2024\/04\/965.2-hsf_noticias_banner_930x542.png\" alt=\"\" width=\"930\" height=\"542\" srcset=\"https:\/\/hsfamericana.com.br\/wp-content\/uploads\/2024\/04\/965.2-hsf_noticias_banner_930x542.png 930w, https:\/\/hsfamericana.com.br\/wp-content\/uploads\/2024\/04\/965.2-hsf_noticias_banner_930x542-768x447.png 768w\" sizes=\"auto, (max-width: 930px) 100vw, 930px\" \/>\n<p>&nbsp;<\/p>\n<p>O abril azul \u00e9 uma campanha de conscientiza\u00e7\u00e3o global sobre o autismo e em apoio \u00e0s pessoas com Transtorno do Espectro do Autismo (TEA) e suas fam\u00edlias. A campanha envolve atividades como eventos de que visam informar, arrecada\u00e7\u00e3o de fundos para organiza\u00e7\u00f5es relacionadas ao autismo e divulga\u00e7\u00e3o de informa\u00e7\u00f5es educativas. Isso tem sido fundamental para mudar atitudes e garantir que as necessidades das pessoas com autismo sejam reconhecidas e atendidas em todo o mundo.<\/p>\n<p>&nbsp;<\/p>\n<p><strong>TRANSTORNO DE ESPECTRO AUTISTA <\/strong><\/p>\n<p>O Transtorno do Espectro do Autismo (TEA) \u00e9 uma condi\u00e7\u00e3o neurol\u00f3gica que afeta o desenvolvimento do c\u00e9rebro, resultando em diferen\u00e7as significativas na comunica\u00e7\u00e3o, intera\u00e7\u00e3o social, comportamento e interesses. \u00c9 chamado de &#8220;espectro&#8221; porque os sintomas e a gravidade do autismo podem variar muito de pessoa para pessoa, desde casos leves at\u00e9 casos mais graves.<\/p>\n<p>Especialistas identificam o TEA como um transtorno at\u00edpico, em que cada portador(a) manifesta sinais e sintomas diferentes, sendo alguns dos sintomas mais frequentes a dificuldade na comunica\u00e7\u00e3o verbal e n\u00e3o verbal, dificuldades na intera\u00e7\u00e3o social, padr\u00f5es restritos e repetitivos de comportamento, interesses ou atividades, hipersensibilidade ou hipoatividade sensorial, e dificuldades na compreens\u00e3o de emo\u00e7\u00f5es e empatia.<\/p>\n<p>Ressalta-se ainda que o TEA apresenta n\u00edveis, classificados da seguinte forma:<\/p>\n<ul>\n<li>N\u00edvel 1: Indiv\u00edduos com TEA no N\u00edvel 1 necessitam de suporte relativamente baixo. Eles apresentam dificuldades sociais percept\u00edveis, mas ainda conseguem funcionar de forma independente em algumas \u00e1reas.<\/li>\n<li>N\u00edvel 2: Indiv\u00edduos com TEA no N\u00edvel 2 necessitam de um suporte mais substancial. Eles apresentam defici\u00eancias mais pronunciadas na comunica\u00e7\u00e3o social e na intera\u00e7\u00e3o social, al\u00e9m de comportamentos repetitivos mais significativos.<\/li>\n<li>N\u00edvel 3: Indiv\u00edduos com TEA no N\u00edvel 3 necessitam de um suporte muito substancial. Apresentam defici\u00eancias graves na comunica\u00e7\u00e3o social e na intera\u00e7\u00e3o social, bem como comportamentos repetitivos significativos.<\/li>\n<\/ul>\n<p><strong>TRANSTORNO DE ESPECTRO AUTISTA NO BRASIL<\/strong><\/p>\n<p>No Brasil, estimativas sugerem que a preval\u00eancia do autismo pode estar em torno de 1% da popula\u00e7\u00e3o, no entanto, esse n\u00famero pode variar, visto que nos \u00faltimos anos t\u00eam sido realizadas pesquisas para informa\u00e7\u00f5es mais espec\u00edficas; al\u00e9m disso, \u00e9 importante ressaltar que a conscientiza\u00e7\u00e3o sobre o autismo tem aumentado nos \u00faltimos anos, o que pode levar a um aumento no n\u00famero de diagn\u00f3sticos.<\/p>\n<p>&nbsp;<\/p>\n<p><strong>\u201cILUMINE EM AZUL\u201d <\/strong><\/p>\n<p>O autismo n\u00e3o \u00e9 o inimigo. O preconceito \u00e9! Neste m\u00eas de abril, fa\u00e7a diferente e junte-se a n\u00f3s nessa luta que tem como objetivo reunir e integrar pessoas.\u00a0\u00a0<\/p>\n<p>&nbsp;<\/p>\n<p><strong>Fonte:<\/strong> HSF.<\/p>\n","protected":false},"excerpt":{"rendered":"<p>A campanha\u00a0foi estabelecida pela Organiza\u00e7\u00e3o das Na\u00e7\u00f5es Unidas como uma forma de conscientizar as pessoas sobre o autismo. &nbsp; &nbsp; O abril azul \u00e9 uma campanha de conscientiza\u00e7\u00e3o global sobre o autismo e em apoio \u00e0s pessoas com Transtorno do Espectro do Autismo (TEA) e suas fam\u00edlias. A campanha envolve atividades como eventos de que [&hellip;]<\/p>\n","protected":false},"author":2,"featured_media":4867,"comment_status":"open","ping_status":"open","sticky":false,"template":"","format":"standard","meta":{"_acf_changed":false,"footnotes":""},"categories":[4],"tags":[304,307,214,306,35,45,26,82,51,24,37,23,305,123,27,102,66,21,216],"class_list":["post-4857","post","type-post","status-publish","format-standard","has-post-thumbnail","hentry","category-noticias","tag-abril-azul","tag-abril-azul-mes-de-conscientizacao-sobre-o-autismo","tag-autismo","tag-autista","tag-campanha","tag-comemoracao","tag-coracao","tag-doenca","tag-doencas","tag-hospital-sao-francisco","tag-hsf","tag-hsf-americana","tag-mes-de-conscientizacao-sobre-o-autismo","tag-qualidade-de-vida","tag-saude","tag-saude-mental","tag-sintomas","tag-solidariedade","tag-tea"],"acf":[],"yoast_head":"<!-- This site is optimized with the Yoast SEO plugin v25.2 - https:\/\/yoast.com\/wordpress\/plugins\/seo\/ -->\n<title>Abril Azul: M\u00eas de Conscientiza\u00e7\u00e3o sobre o Autismo &#8226; Hospital S\u00e3o Francisco de Americana<\/title>\n<meta name=\"robots\" content=\"index, follow, max-snippet:-1, max-image-preview:large, max-video-preview:-1\" \/>\n<link rel=\"canonical\" href=\"https:\/\/hsfamericana.com.br\/index.php\/abril-azul-mes-de-conscientizacao-sobre-o-autismo\/\" \/>\n<meta property=\"og:locale\" content=\"pt_BR\" \/>\n<meta property=\"og:type\" content=\"article\" \/>\n<meta property=\"og:title\" content=\"Abril Azul: M\u00eas de Conscientiza\u00e7\u00e3o sobre o Autismo &#8226; Hospital S\u00e3o Francisco de Americana\" \/>\n<meta property=\"og:description\" content=\"A campanha\u00a0foi estabelecida pela Organiza\u00e7\u00e3o das Na\u00e7\u00f5es Unidas como uma forma de conscientizar as pessoas sobre o autismo. &nbsp; &nbsp; O abril azul \u00e9 uma campanha de conscientiza\u00e7\u00e3o global sobre o autismo e em apoio \u00e0s pessoas com Transtorno do Espectro do Autismo (TEA) e suas fam\u00edlias. A campanha envolve atividades como eventos de que [&hellip;]\" \/>\n<meta property=\"og:url\" content=\"https:\/\/hsfamericana.com.br\/index.php\/abril-azul-mes-de-conscientizacao-sobre-o-autismo\/\" \/>\n<meta property=\"og:site_name\" content=\"Hospital S\u00e3o Francisco de Americana\" \/>\n<meta property=\"article:published_time\" content=\"2024-04-01T11:59:49+00:00\" \/>\n<meta property=\"og:image\" content=\"https:\/\/hsfamericana.com.br\/wp-content\/uploads\/2024\/04\/965.2-hsf_noticias_banner_930x542.png\" \/>\n\t<meta property=\"og:image:width\" content=\"930\" \/>\n\t<meta property=\"og:image:height\" content=\"542\" \/>\n\t<meta property=\"og:image:type\" content=\"image\/png\" \/>\n<meta name=\"author\" content=\"HSF Americana\" \/>\n<meta name=\"twitter:label1\" content=\"Escrito por\" \/>\n\t<meta name=\"twitter:data1\" content=\"HSF Americana\" \/>\n\t<meta name=\"twitter:label2\" content=\"Est. tempo de leitura\" \/>\n\t<meta name=\"twitter:data2\" content=\"2 minutos\" \/>\n<script type=\"application\/ld+json\" class=\"yoast-schema-graph\">{\"@context\":\"https:\/\/schema.org\",\"@graph\":[{\"@type\":\"WebPage\",\"@id\":\"https:\/\/hsfamericana.com.br\/index.php\/abril-azul-mes-de-conscientizacao-sobre-o-autismo\/\",\"url\":\"https:\/\/hsfamericana.com.br\/index.php\/abril-azul-mes-de-conscientizacao-sobre-o-autismo\/\",\"name\":\"Abril Azul: M\u00eas de Conscientiza\u00e7\u00e3o sobre o Autismo &#8226; Hospital S\u00e3o Francisco de Americana\",\"isPartOf\":{\"@id\":\"https:\/\/hsfamericana.com.br\/#website\"},\"primaryImageOfPage\":{\"@id\":\"https:\/\/hsfamericana.com.br\/index.php\/abril-azul-mes-de-conscientizacao-sobre-o-autismo\/#primaryimage\"},\"image\":{\"@id\":\"https:\/\/hsfamericana.com.br\/index.php\/abril-azul-mes-de-conscientizacao-sobre-o-autismo\/#primaryimage\"},\"thumbnailUrl\":\"https:\/\/hsfamericana.com.br\/wp-content\/uploads\/2024\/04\/965.2-hsf_noticias_banner_930x542.png\",\"datePublished\":\"2024-04-01T11:59:49+00:00\",\"author\":{\"@id\":\"https:\/\/hsfamericana.com.br\/#\/schema\/person\/3b12fcdd81c4d645a927c9ba010d1551\"},\"breadcrumb\":{\"@id\":\"https:\/\/hsfamericana.com.br\/index.php\/abril-azul-mes-de-conscientizacao-sobre-o-autismo\/#breadcrumb\"},\"inLanguage\":\"pt-BR\",\"potentialAction\":[{\"@type\":\"ReadAction\",\"target\":[\"https:\/\/hsfamericana.com.br\/index.php\/abril-azul-mes-de-conscientizacao-sobre-o-autismo\/\"]}]},{\"@type\":\"ImageObject\",\"inLanguage\":\"pt-BR\",\"@id\":\"https:\/\/hsfamericana.com.br\/index.php\/abril-azul-mes-de-conscientizacao-sobre-o-autismo\/#primaryimage\",\"url\":\"https:\/\/hsfamericana.com.br\/wp-content\/uploads\/2024\/04\/965.2-hsf_noticias_banner_930x542.png\",\"contentUrl\":\"https:\/\/hsfamericana.com.br\/wp-content\/uploads\/2024\/04\/965.2-hsf_noticias_banner_930x542.png\",\"width\":930,\"height\":542},{\"@type\":\"BreadcrumbList\",\"@id\":\"https:\/\/hsfamericana.com.br\/index.php\/abril-azul-mes-de-conscientizacao-sobre-o-autismo\/#breadcrumb\",\"itemListElement\":[{\"@type\":\"ListItem\",\"position\":1,\"name\":\"In\u00edcio\",\"item\":\"https:\/\/hsfamericana.com.br\/\"},{\"@type\":\"ListItem\",\"position\":2,\"name\":\"Abril Azul: M\u00eas de Conscientiza\u00e7\u00e3o sobre o Autismo\"}]},{\"@type\":\"WebSite\",\"@id\":\"https:\/\/hsfamericana.com.br\/#website\",\"url\":\"https:\/\/hsfamericana.com.br\/\",\"name\":\"Hospital S\u00e3o Francisco de Americana\",\"description\":\"O mais completo da regi\u00e3o de Campinas\",\"potentialAction\":[{\"@type\":\"SearchAction\",\"target\":{\"@type\":\"EntryPoint\",\"urlTemplate\":\"https:\/\/hsfamericana.com.br\/?s={search_term_string}\"},\"query-input\":{\"@type\":\"PropertyValueSpecification\",\"valueRequired\":true,\"valueName\":\"search_term_string\"}}],\"inLanguage\":\"pt-BR\"},{\"@type\":\"Person\",\"@id\":\"https:\/\/hsfamericana.com.br\/#\/schema\/person\/3b12fcdd81c4d645a927c9ba010d1551\",\"name\":\"HSF Americana\",\"image\":{\"@type\":\"ImageObject\",\"inLanguage\":\"pt-BR\",\"@id\":\"https:\/\/hsfamericana.com.br\/#\/schema\/person\/image\/\",\"url\":\"https:\/\/secure.gravatar.com\/avatar\/5166f96d8390f878591229db68525bd3f5c9f157e02efd0ba33755d400e0b4f1?s=96&d=mm&r=g\",\"contentUrl\":\"https:\/\/secure.gravatar.com\/avatar\/5166f96d8390f878591229db68525bd3f5c9f157e02efd0ba33755d400e0b4f1?s=96&d=mm&r=g\",\"caption\":\"HSF Americana\"},\"sameAs\":[\"https:\/\/www.hsfamericana.com.br\"],\"url\":\"https:\/\/hsfamericana.com.br\/index.php\/author\/nogueira\/\"}]}<\/script>\n<!-- \/ Yoast SEO plugin. -->","yoast_head_json":{"title":"Abril Azul: M\u00eas de Conscientiza\u00e7\u00e3o sobre o Autismo &#8226; Hospital S\u00e3o Francisco de Americana","robots":{"index":"index","follow":"follow","max-snippet":"max-snippet:-1","max-image-preview":"max-image-preview:large","max-video-preview":"max-video-preview:-1"},"canonical":"https:\/\/hsfamericana.com.br\/index.php\/abril-azul-mes-de-conscientizacao-sobre-o-autismo\/","og_locale":"pt_BR","og_type":"article","og_title":"Abril Azul: M\u00eas de Conscientiza\u00e7\u00e3o sobre o Autismo &#8226; Hospital S\u00e3o Francisco de Americana","og_description":"A campanha\u00a0foi estabelecida pela Organiza\u00e7\u00e3o das Na\u00e7\u00f5es Unidas como uma forma de conscientizar as pessoas sobre o autismo. &nbsp; &nbsp; O abril azul \u00e9 uma campanha de conscientiza\u00e7\u00e3o global sobre o autismo e em apoio \u00e0s pessoas com Transtorno do Espectro do Autismo (TEA) e suas fam\u00edlias. A campanha envolve atividades como eventos de que [&hellip;]","og_url":"https:\/\/hsfamericana.com.br\/index.php\/abril-azul-mes-de-conscientizacao-sobre-o-autismo\/","og_site_name":"Hospital S\u00e3o Francisco de Americana","article_published_time":"2024-04-01T11:59:49+00:00","og_image":[{"width":930,"height":542,"url":"https:\/\/hsfamericana.com.br\/wp-content\/uploads\/2024\/04\/965.2-hsf_noticias_banner_930x542.png","type":"image\/png"}],"author":"HSF Americana","twitter_misc":{"Escrito por":"HSF Americana","Est. tempo de leitura":"2 minutos"},"schema":{"@context":"https:\/\/schema.org","@graph":[{"@type":"WebPage","@id":"https:\/\/hsfamericana.com.br\/index.php\/abril-azul-mes-de-conscientizacao-sobre-o-autismo\/","url":"https:\/\/hsfamericana.com.br\/index.php\/abril-azul-mes-de-conscientizacao-sobre-o-autismo\/","name":"Abril Azul: M\u00eas de Conscientiza\u00e7\u00e3o sobre o Autismo &#8226; Hospital S\u00e3o Francisco de Americana","isPartOf":{"@id":"https:\/\/hsfamericana.com.br\/#website"},"primaryImageOfPage":{"@id":"https:\/\/hsfamericana.com.br\/index.php\/abril-azul-mes-de-conscientizacao-sobre-o-autismo\/#primaryimage"},"image":{"@id":"https:\/\/hsfamericana.com.br\/index.php\/abril-azul-mes-de-conscientizacao-sobre-o-autismo\/#primaryimage"},"thumbnailUrl":"https:\/\/hsfamericana.com.br\/wp-content\/uploads\/2024\/04\/965.2-hsf_noticias_banner_930x542.png","datePublished":"2024-04-01T11:59:49+00:00","author":{"@id":"https:\/\/hsfamericana.com.br\/#\/schema\/person\/3b12fcdd81c4d645a927c9ba010d1551"},"breadcrumb":{"@id":"https:\/\/hsfamericana.com.br\/index.php\/abril-azul-mes-de-conscientizacao-sobre-o-autismo\/#breadcrumb"},"inLanguage":"pt-BR","potentialAction":[{"@type":"ReadAction","target":["https:\/\/hsfamericana.com.br\/index.php\/abril-azul-mes-de-conscientizacao-sobre-o-autismo\/"]}]},{"@type":"ImageObject","inLanguage":"pt-BR","@id":"https:\/\/hsfamericana.com.br\/index.php\/abril-azul-mes-de-conscientizacao-sobre-o-autismo\/#primaryimage","url":"https:\/\/hsfamericana.com.br\/wp-content\/uploads\/2024\/04\/965.2-hsf_noticias_banner_930x542.png","contentUrl":"https:\/\/hsfamericana.com.br\/wp-content\/uploads\/2024\/04\/965.2-hsf_noticias_banner_930x542.png","width":930,"height":542},{"@type":"BreadcrumbList","@id":"https:\/\/hsfamericana.com.br\/index.php\/abril-azul-mes-de-conscientizacao-sobre-o-autismo\/#breadcrumb","itemListElement":[{"@type":"ListItem","position":1,"name":"In\u00edcio","item":"https:\/\/hsfamericana.com.br\/"},{"@type":"ListItem","position":2,"name":"Abril Azul: M\u00eas de Conscientiza\u00e7\u00e3o sobre o Autismo"}]},{"@type":"WebSite","@id":"https:\/\/hsfamericana.com.br\/#website","url":"https:\/\/hsfamericana.com.br\/","name":"Hospital S\u00e3o Francisco de Americana","description":"O mais completo da regi\u00e3o de Campinas","potentialAction":[{"@type":"SearchAction","target":{"@type":"EntryPoint","urlTemplate":"https:\/\/hsfamericana.com.br\/?s={search_term_string}"},"query-input":{"@type":"PropertyValueSpecification","valueRequired":true,"valueName":"search_term_string"}}],"inLanguage":"pt-BR"},{"@type":"Person","@id":"https:\/\/hsfamericana.com.br\/#\/schema\/person\/3b12fcdd81c4d645a927c9ba010d1551","name":"HSF Americana","image":{"@type":"ImageObject","inLanguage":"pt-BR","@id":"https:\/\/hsfamericana.com.br\/#\/schema\/person\/image\/","url":"https:\/\/secure.gravatar.com\/avatar\/5166f96d8390f878591229db68525bd3f5c9f157e02efd0ba33755d400e0b4f1?s=96&d=mm&r=g","contentUrl":"https:\/\/secure.gravatar.com\/avatar\/5166f96d8390f878591229db68525bd3f5c9f157e02efd0ba33755d400e0b4f1?s=96&d=mm&r=g","caption":"HSF Americana"},"sameAs":["https:\/\/www.hsfamericana.com.br"],"url":"https:\/\/hsfamericana.com.br\/index.php\/author\/nogueira\/"}]}},"_links":{"self":[{"href":"https:\/\/hsfamericana.com.br\/index.php\/wp-json\/wp\/v2\/posts\/4857","targetHints":{"allow":["GET"]}}],"collection":[{"href":"https:\/\/hsfamericana.com.br\/index.php\/wp-json\/wp\/v2\/posts"}],"about":[{"href":"https:\/\/hsfamericana.com.br\/index.php\/wp-json\/wp\/v2\/types\/post"}],"author":[{"embeddable":true,"href":"https:\/\/hsfamericana.com.br\/index.php\/wp-json\/wp\/v2\/users\/2"}],"replies":[{"embeddable":true,"href":"https:\/\/hsfamericana.com.br\/index.php\/wp-json\/wp\/v2\/comments?post=4857"}],"version-history":[{"count":16,"href":"https:\/\/hsfamericana.com.br\/index.php\/wp-json\/wp\/v2\/posts\/4857\/revisions"}],"predecessor-version":[{"id":4876,"href":"https:\/\/hsfamericana.com.br\/index.php\/wp-json\/wp\/v2\/posts\/4857\/revisions\/4876"}],"wp:featuredmedia":[{"embeddable":true,"href":"https:\/\/hsfamericana.com.br\/index.php\/wp-json\/wp\/v2\/media\/4867"}],"wp:attachment":[{"href":"https:\/\/hsfamericana.com.br\/index.php\/wp-json\/wp\/v2\/media?parent=4857"}],"wp:term":[{"taxonomy":"category","embeddable":true,"href":"https:\/\/hsfamericana.com.br\/index.php\/wp-json\/wp\/v2\/categories?post=4857"},{"taxonomy":"post_tag","embeddable":true,"href":"https:\/\/hsfamericana.com.br\/index.php\/wp-json\/wp\/v2\/tags?post=4857"}],"curies":[{"name":"wp","href":"https:\/\/api.w.org\/{rel}","templated":true}]}}