{"id":5347,"date":"2024-07-17T11:56:45","date_gmt":"2024-07-17T11:56:45","guid":{"rendered":"https:\/\/www.hsfamericana.com.br\/?p=5347"},"modified":"2024-07-17T11:58:08","modified_gmt":"2024-07-17T11:58:08","slug":"hospital-sao-francisco-revista-comemorativa-de-80-anos","status":"publish","type":"post","link":"https:\/\/hsfamericana.com.br\/index.php\/hospital-sao-francisco-revista-comemorativa-de-80-anos\/","title":{"rendered":"Hospital S\u00e3o Francisco lan\u00e7a revista comemorativa de 80 anos"},"content":{"rendered":"<a href=\"https:\/\/www.hsfamericana.com.br\/index.php\/revista80anos\/\"><img loading=\"lazy\" decoding=\"async\" class=\"alignleft wp-image-5353 size-full\" src=\"https:\/\/www.hsfamericana.com.br\/wp-content\/uploads\/2024\/07\/HSF-Banner-Revista-80-Anos-Capa.png\" alt=\"\" width=\"930\" height=\"542\" srcset=\"https:\/\/hsfamericana.com.br\/wp-content\/uploads\/2024\/07\/HSF-Banner-Revista-80-Anos-Capa.png 930w, https:\/\/hsfamericana.com.br\/wp-content\/uploads\/2024\/07\/HSF-Banner-Revista-80-Anos-Capa-768x447.png 768w\" sizes=\"auto, (max-width: 930px) 100vw, 930px\" \/><\/a>\n<p><em>Com hist\u00f3rias e depoimentos de parceiros, amigos e colaboradores que marcaram a cronologia do HSF.<\/em><\/p>\n<p>No dia 29 de junho, o <a href=\"https:\/\/www.hsfamericana.com.br\/\">Hospital S\u00e3o Francisco de Americana<\/a> teve o privil\u00e9gio de receber em seu novo ambulat\u00f3rio, amigos, parceiros e colaboradores para o lan\u00e7amento de sua <a href=\"https:\/\/www.hsfamericana.com.br\/index.php\/revista80anos\/\">revista comemorativa de 80 anos<\/a>. Foi uma manh\u00e3 marcada por momentos de nostalgia, alegria e at\u00e9 mesmo algumas l\u00e1grimas, que deixaram ainda mais n\u00edtido como o HSF \u00e9 importante para todos.<\/p>\n<p>O lan\u00e7amento da revista marca o <a href=\"https:\/\/www.hsfamericana.com.br\/\">anivers\u00e1rio de 80 anos <\/a>do Hospital S\u00e3o Francisco. 80 anos de hist\u00f3ria ilustrada por cada paciente, cada familiar, parente, amigo, colaborador e parceiros. S\u00e3o 8 d\u00e9cadas em busca das melhores solu\u00e7\u00f5es, tratamentos e profissionais para cuidar da popula\u00e7\u00e3o da cidade de Americana e regi\u00e3o.<\/p>\n<p>A revista conta a hist\u00f3ria do Hospital, desde seu in\u00edcio, com a motiva\u00e7\u00e3o de trazer assist\u00eancia m\u00e9dica a popula\u00e7\u00e3o da cidade, que antes precisava se locomover at\u00e9 Campinas, o que tornava o acesso ao aux\u00edlio, principalmente em urg\u00eancias, mais dif\u00edcil e demorado. Ela reconta a hist\u00f3ria de seus fundadores, provedores e equipe que estiveram \u00e0 frente do hospital durante os seus 80 anos. A constru\u00e7\u00e3o da revista foi feita a partir das atas e arquivos do hospital, assim como de relatos de antigos colaboradores e parceiros.<\/p>\n<p><a href=\"https:\/\/www.hsfamericana.com.br\/index.php\/revista80anos\/\"><img loading=\"lazy\" decoding=\"async\" class=\"alignleft wp-image-5354 size-full\" src=\"https:\/\/www.hsfamericana.com.br\/wp-content\/uploads\/2024\/07\/HSF-Banner-Revista-80-Anos-1.png\" alt=\"\" width=\"930\" height=\"542\" srcset=\"https:\/\/hsfamericana.com.br\/wp-content\/uploads\/2024\/07\/HSF-Banner-Revista-80-Anos-1.png 930w, https:\/\/hsfamericana.com.br\/wp-content\/uploads\/2024\/07\/HSF-Banner-Revista-80-Anos-1-768x447.png 768w\" sizes=\"auto, (max-width: 930px) 100vw, 930px\" \/><\/a>Em uma das entrevistas, o atual presidente, Douglas Apparecido Guzzo, fala sobre o verbo \u201cfazer\u201d e sua import\u00e2ncia para ele e para o hospital, um verbo que os coloca no passado, no presente e no futuro, que marca a vontade de mudar, o processo da mudan\u00e7a e o seu resultado, para que hoje o HSF seja refer\u00eancia na regi\u00e3o, em termos de estrutura e excel\u00eancia em cuidados com a sa\u00fade da popula\u00e7\u00e3o.<\/p>\n<p>Com p\u00e1ginas e p\u00e1ginas de hist\u00f3ria, sobre cada uma das etapas, com depoimentos de amigos, parceiros e colaboradores, a revista se torna um marco ainda mais importante para o hospital, j\u00e1 que lan\u00e7a fisicamente e revive sua cronologia, deixando em evid\u00eancia a sua import\u00e2ncia hist\u00f3rica para a regi\u00e3o, n\u00e3o s\u00f3 para aqueles que est\u00e3o diretamente ligados ao HSF, mas para toda a popula\u00e7\u00e3o que foi, \u00e9 e ser\u00e1 beneficiada pela sua exist\u00eancia, boa gest\u00e3o e busca constante por excel\u00eancia.<\/p>\n<p>Leia a revista digitalmente pelo site do HSF. <a href=\"https:\/\/www.hsfamericana.com.br\/index.php\/revista80anos\/\">Acesse agora!<\/a><\/p>\n<p>Confira alguns momentos do evento e convidados que participaram do lan\u00e7amento da revista comemorativa de 80 anos do HSF, no dia 29 de junho de 2024:<\/p>\n<a href=\"https:\/\/www.hsfamericana.com.br\/index.php\/revista80anos\/\"><img loading=\"lazy\" decoding=\"async\" class=\"alignleft wp-image-5356 size-full\" src=\"https:\/\/www.hsfamericana.com.br\/wp-content\/uploads\/2024\/07\/HSF-Banner-Revista-80-Anos-2.png\" alt=\"\" width=\"930\" height=\"542\" srcset=\"https:\/\/hsfamericana.com.br\/wp-content\/uploads\/2024\/07\/HSF-Banner-Revista-80-Anos-2.png 930w, https:\/\/hsfamericana.com.br\/wp-content\/uploads\/2024\/07\/HSF-Banner-Revista-80-Anos-2-768x447.png 768w\" sizes=\"auto, (max-width: 930px) 100vw, 930px\" \/><\/a> <a href=\"https:\/\/www.hsfamericana.com.br\/index.php\/revista80anos\/\"><img loading=\"lazy\" decoding=\"async\" class=\"alignleft wp-image-5355 size-full\" src=\"https:\/\/www.hsfamericana.com.br\/wp-content\/uploads\/2024\/07\/HSF-Banner-Revista-80-Anos-3.png\" alt=\"\" width=\"930\" height=\"542\" srcset=\"https:\/\/hsfamericana.com.br\/wp-content\/uploads\/2024\/07\/HSF-Banner-Revista-80-Anos-3.png 930w, https:\/\/hsfamericana.com.br\/wp-content\/uploads\/2024\/07\/HSF-Banner-Revista-80-Anos-3-768x447.png 768w\" sizes=\"auto, (max-width: 930px) 100vw, 930px\" \/><\/a>\n","protected":false},"excerpt":{"rendered":"<p>Com hist\u00f3rias e depoimentos de parceiros, amigos e colaboradores que marcaram a cronologia do HSF. No dia 29 de junho, o Hospital S\u00e3o Francisco de Americana teve o privil\u00e9gio de receber em seu novo ambulat\u00f3rio, amigos, parceiros e colaboradores para o lan\u00e7amento de sua revista comemorativa de 80 anos. Foi uma manh\u00e3 marcada por momentos [&hellip;]<\/p>\n","protected":false},"author":2,"featured_media":5353,"comment_status":"open","ping_status":"open","sticky":false,"template":"","format":"standard","meta":{"_acf_changed":false,"footnotes":""},"categories":[4],"tags":[320,35,50,24,37,23,28,123,318,319,27,102],"class_list":["post-5347","post","type-post","status-publish","format-standard","has-post-thumbnail","hentry","category-noticias","tag-80-anos-hsf","tag-campanha","tag-hospital","tag-hospital-sao-francisco","tag-hsf","tag-hsf-americana","tag-prevencao","tag-qualidade-de-vida","tag-revista","tag-revista-80-anos","tag-saude","tag-saude-mental"],"acf":[],"yoast_head":"<!-- This site is optimized with the Yoast SEO plugin v25.2 - https:\/\/yoast.com\/wordpress\/plugins\/seo\/ -->\n<title>Hospital S\u00e3o Francisco lan\u00e7a revista comemorativa de 80 anos &#8226; Hospital S\u00e3o Francisco de Americana<\/title>\n<meta name=\"robots\" content=\"index, follow, max-snippet:-1, max-image-preview:large, max-video-preview:-1\" \/>\n<link rel=\"canonical\" href=\"https:\/\/hsfamericana.com.br\/index.php\/hospital-sao-francisco-revista-comemorativa-de-80-anos\/\" \/>\n<meta property=\"og:locale\" content=\"pt_BR\" \/>\n<meta property=\"og:type\" content=\"article\" \/>\n<meta property=\"og:title\" content=\"Hospital S\u00e3o Francisco lan\u00e7a revista comemorativa de 80 anos &#8226; Hospital S\u00e3o Francisco de Americana\" \/>\n<meta property=\"og:description\" content=\"Com hist\u00f3rias e depoimentos de parceiros, amigos e colaboradores que marcaram a cronologia do HSF. No dia 29 de junho, o Hospital S\u00e3o Francisco de Americana teve o privil\u00e9gio de receber em seu novo ambulat\u00f3rio, amigos, parceiros e colaboradores para o lan\u00e7amento de sua revista comemorativa de 80 anos. Foi uma manh\u00e3 marcada por momentos [&hellip;]\" \/>\n<meta property=\"og:url\" content=\"https:\/\/hsfamericana.com.br\/index.php\/hospital-sao-francisco-revista-comemorativa-de-80-anos\/\" \/>\n<meta property=\"og:site_name\" content=\"Hospital S\u00e3o Francisco de Americana\" \/>\n<meta property=\"article:published_time\" content=\"2024-07-17T11:56:45+00:00\" \/>\n<meta property=\"article:modified_time\" content=\"2024-07-17T11:58:08+00:00\" \/>\n<meta property=\"og:image\" content=\"https:\/\/hsfamericana.com.br\/wp-content\/uploads\/2024\/07\/HSF-Banner-Revista-80-Anos-Capa.png\" \/>\n\t<meta property=\"og:image:width\" content=\"930\" \/>\n\t<meta property=\"og:image:height\" content=\"542\" \/>\n\t<meta property=\"og:image:type\" content=\"image\/png\" \/>\n<meta name=\"author\" content=\"HSF Americana\" \/>\n<meta name=\"twitter:label1\" content=\"Escrito por\" \/>\n\t<meta name=\"twitter:data1\" content=\"HSF Americana\" \/>\n\t<meta name=\"twitter:label2\" content=\"Est. tempo de leitura\" \/>\n\t<meta name=\"twitter:data2\" content=\"2 minutos\" \/>\n<script type=\"application\/ld+json\" class=\"yoast-schema-graph\">{\"@context\":\"https:\/\/schema.org\",\"@graph\":[{\"@type\":\"WebPage\",\"@id\":\"https:\/\/hsfamericana.com.br\/index.php\/hospital-sao-francisco-revista-comemorativa-de-80-anos\/\",\"url\":\"https:\/\/hsfamericana.com.br\/index.php\/hospital-sao-francisco-revista-comemorativa-de-80-anos\/\",\"name\":\"Hospital S\u00e3o Francisco lan\u00e7a revista comemorativa de 80 anos &#8226; Hospital S\u00e3o Francisco de Americana\",\"isPartOf\":{\"@id\":\"https:\/\/hsfamericana.com.br\/#website\"},\"primaryImageOfPage\":{\"@id\":\"https:\/\/hsfamericana.com.br\/index.php\/hospital-sao-francisco-revista-comemorativa-de-80-anos\/#primaryimage\"},\"image\":{\"@id\":\"https:\/\/hsfamericana.com.br\/index.php\/hospital-sao-francisco-revista-comemorativa-de-80-anos\/#primaryimage\"},\"thumbnailUrl\":\"https:\/\/hsfamericana.com.br\/wp-content\/uploads\/2024\/07\/HSF-Banner-Revista-80-Anos-Capa.png\",\"datePublished\":\"2024-07-17T11:56:45+00:00\",\"dateModified\":\"2024-07-17T11:58:08+00:00\",\"author\":{\"@id\":\"https:\/\/hsfamericana.com.br\/#\/schema\/person\/3b12fcdd81c4d645a927c9ba010d1551\"},\"breadcrumb\":{\"@id\":\"https:\/\/hsfamericana.com.br\/index.php\/hospital-sao-francisco-revista-comemorativa-de-80-anos\/#breadcrumb\"},\"inLanguage\":\"pt-BR\",\"potentialAction\":[{\"@type\":\"ReadAction\",\"target\":[\"https:\/\/hsfamericana.com.br\/index.php\/hospital-sao-francisco-revista-comemorativa-de-80-anos\/\"]}]},{\"@type\":\"ImageObject\",\"inLanguage\":\"pt-BR\",\"@id\":\"https:\/\/hsfamericana.com.br\/index.php\/hospital-sao-francisco-revista-comemorativa-de-80-anos\/#primaryimage\",\"url\":\"https:\/\/hsfamericana.com.br\/wp-content\/uploads\/2024\/07\/HSF-Banner-Revista-80-Anos-Capa.png\",\"contentUrl\":\"https:\/\/hsfamericana.com.br\/wp-content\/uploads\/2024\/07\/HSF-Banner-Revista-80-Anos-Capa.png\",\"width\":930,\"height\":542},{\"@type\":\"BreadcrumbList\",\"@id\":\"https:\/\/hsfamericana.com.br\/index.php\/hospital-sao-francisco-revista-comemorativa-de-80-anos\/#breadcrumb\",\"itemListElement\":[{\"@type\":\"ListItem\",\"position\":1,\"name\":\"In\u00edcio\",\"item\":\"https:\/\/hsfamericana.com.br\/\"},{\"@type\":\"ListItem\",\"position\":2,\"name\":\"Hospital S\u00e3o Francisco lan\u00e7a revista comemorativa de 80 anos\"}]},{\"@type\":\"WebSite\",\"@id\":\"https:\/\/hsfamericana.com.br\/#website\",\"url\":\"https:\/\/hsfamericana.com.br\/\",\"name\":\"Hospital S\u00e3o Francisco de Americana\",\"description\":\"O mais completo da regi\u00e3o de Campinas\",\"potentialAction\":[{\"@type\":\"SearchAction\",\"target\":{\"@type\":\"EntryPoint\",\"urlTemplate\":\"https:\/\/hsfamericana.com.br\/?s={search_term_string}\"},\"query-input\":{\"@type\":\"PropertyValueSpecification\",\"valueRequired\":true,\"valueName\":\"search_term_string\"}}],\"inLanguage\":\"pt-BR\"},{\"@type\":\"Person\",\"@id\":\"https:\/\/hsfamericana.com.br\/#\/schema\/person\/3b12fcdd81c4d645a927c9ba010d1551\",\"name\":\"HSF Americana\",\"image\":{\"@type\":\"ImageObject\",\"inLanguage\":\"pt-BR\",\"@id\":\"https:\/\/hsfamericana.com.br\/#\/schema\/person\/image\/\",\"url\":\"https:\/\/secure.gravatar.com\/avatar\/5166f96d8390f878591229db68525bd3f5c9f157e02efd0ba33755d400e0b4f1?s=96&d=mm&r=g\",\"contentUrl\":\"https:\/\/secure.gravatar.com\/avatar\/5166f96d8390f878591229db68525bd3f5c9f157e02efd0ba33755d400e0b4f1?s=96&d=mm&r=g\",\"caption\":\"HSF Americana\"},\"sameAs\":[\"https:\/\/www.hsfamericana.com.br\"],\"url\":\"https:\/\/hsfamericana.com.br\/index.php\/author\/nogueira\/\"}]}<\/script>\n<!-- \/ Yoast SEO plugin. -->","yoast_head_json":{"title":"Hospital S\u00e3o Francisco lan\u00e7a revista comemorativa de 80 anos &#8226; Hospital S\u00e3o Francisco de Americana","robots":{"index":"index","follow":"follow","max-snippet":"max-snippet:-1","max-image-preview":"max-image-preview:large","max-video-preview":"max-video-preview:-1"},"canonical":"https:\/\/hsfamericana.com.br\/index.php\/hospital-sao-francisco-revista-comemorativa-de-80-anos\/","og_locale":"pt_BR","og_type":"article","og_title":"Hospital S\u00e3o Francisco lan\u00e7a revista comemorativa de 80 anos &#8226; Hospital S\u00e3o Francisco de Americana","og_description":"Com hist\u00f3rias e depoimentos de parceiros, amigos e colaboradores que marcaram a cronologia do HSF. No dia 29 de junho, o Hospital S\u00e3o Francisco de Americana teve o privil\u00e9gio de receber em seu novo ambulat\u00f3rio, amigos, parceiros e colaboradores para o lan\u00e7amento de sua revista comemorativa de 80 anos. Foi uma manh\u00e3 marcada por momentos [&hellip;]","og_url":"https:\/\/hsfamericana.com.br\/index.php\/hospital-sao-francisco-revista-comemorativa-de-80-anos\/","og_site_name":"Hospital S\u00e3o Francisco de Americana","article_published_time":"2024-07-17T11:56:45+00:00","article_modified_time":"2024-07-17T11:58:08+00:00","og_image":[{"width":930,"height":542,"url":"https:\/\/hsfamericana.com.br\/wp-content\/uploads\/2024\/07\/HSF-Banner-Revista-80-Anos-Capa.png","type":"image\/png"}],"author":"HSF Americana","twitter_misc":{"Escrito por":"HSF Americana","Est. tempo de leitura":"2 minutos"},"schema":{"@context":"https:\/\/schema.org","@graph":[{"@type":"WebPage","@id":"https:\/\/hsfamericana.com.br\/index.php\/hospital-sao-francisco-revista-comemorativa-de-80-anos\/","url":"https:\/\/hsfamericana.com.br\/index.php\/hospital-sao-francisco-revista-comemorativa-de-80-anos\/","name":"Hospital S\u00e3o Francisco lan\u00e7a revista comemorativa de 80 anos &#8226; Hospital S\u00e3o Francisco de Americana","isPartOf":{"@id":"https:\/\/hsfamericana.com.br\/#website"},"primaryImageOfPage":{"@id":"https:\/\/hsfamericana.com.br\/index.php\/hospital-sao-francisco-revista-comemorativa-de-80-anos\/#primaryimage"},"image":{"@id":"https:\/\/hsfamericana.com.br\/index.php\/hospital-sao-francisco-revista-comemorativa-de-80-anos\/#primaryimage"},"thumbnailUrl":"https:\/\/hsfamericana.com.br\/wp-content\/uploads\/2024\/07\/HSF-Banner-Revista-80-Anos-Capa.png","datePublished":"2024-07-17T11:56:45+00:00","dateModified":"2024-07-17T11:58:08+00:00","author":{"@id":"https:\/\/hsfamericana.com.br\/#\/schema\/person\/3b12fcdd81c4d645a927c9ba010d1551"},"breadcrumb":{"@id":"https:\/\/hsfamericana.com.br\/index.php\/hospital-sao-francisco-revista-comemorativa-de-80-anos\/#breadcrumb"},"inLanguage":"pt-BR","potentialAction":[{"@type":"ReadAction","target":["https:\/\/hsfamericana.com.br\/index.php\/hospital-sao-francisco-revista-comemorativa-de-80-anos\/"]}]},{"@type":"ImageObject","inLanguage":"pt-BR","@id":"https:\/\/hsfamericana.com.br\/index.php\/hospital-sao-francisco-revista-comemorativa-de-80-anos\/#primaryimage","url":"https:\/\/hsfamericana.com.br\/wp-content\/uploads\/2024\/07\/HSF-Banner-Revista-80-Anos-Capa.png","contentUrl":"https:\/\/hsfamericana.com.br\/wp-content\/uploads\/2024\/07\/HSF-Banner-Revista-80-Anos-Capa.png","width":930,"height":542},{"@type":"BreadcrumbList","@id":"https:\/\/hsfamericana.com.br\/index.php\/hospital-sao-francisco-revista-comemorativa-de-80-anos\/#breadcrumb","itemListElement":[{"@type":"ListItem","position":1,"name":"In\u00edcio","item":"https:\/\/hsfamericana.com.br\/"},{"@type":"ListItem","position":2,"name":"Hospital S\u00e3o Francisco lan\u00e7a revista comemorativa de 80 anos"}]},{"@type":"WebSite","@id":"https:\/\/hsfamericana.com.br\/#website","url":"https:\/\/hsfamericana.com.br\/","name":"Hospital S\u00e3o Francisco de Americana","description":"O mais completo da regi\u00e3o de Campinas","potentialAction":[{"@type":"SearchAction","target":{"@type":"EntryPoint","urlTemplate":"https:\/\/hsfamericana.com.br\/?s={search_term_string}"},"query-input":{"@type":"PropertyValueSpecification","valueRequired":true,"valueName":"search_term_string"}}],"inLanguage":"pt-BR"},{"@type":"Person","@id":"https:\/\/hsfamericana.com.br\/#\/schema\/person\/3b12fcdd81c4d645a927c9ba010d1551","name":"HSF Americana","image":{"@type":"ImageObject","inLanguage":"pt-BR","@id":"https:\/\/hsfamericana.com.br\/#\/schema\/person\/image\/","url":"https:\/\/secure.gravatar.com\/avatar\/5166f96d8390f878591229db68525bd3f5c9f157e02efd0ba33755d400e0b4f1?s=96&d=mm&r=g","contentUrl":"https:\/\/secure.gravatar.com\/avatar\/5166f96d8390f878591229db68525bd3f5c9f157e02efd0ba33755d400e0b4f1?s=96&d=mm&r=g","caption":"HSF Americana"},"sameAs":["https:\/\/www.hsfamericana.com.br"],"url":"https:\/\/hsfamericana.com.br\/index.php\/author\/nogueira\/"}]}},"_links":{"self":[{"href":"https:\/\/hsfamericana.com.br\/index.php\/wp-json\/wp\/v2\/posts\/5347","targetHints":{"allow":["GET"]}}],"collection":[{"href":"https:\/\/hsfamericana.com.br\/index.php\/wp-json\/wp\/v2\/posts"}],"about":[{"href":"https:\/\/hsfamericana.com.br\/index.php\/wp-json\/wp\/v2\/types\/post"}],"author":[{"embeddable":true,"href":"https:\/\/hsfamericana.com.br\/index.php\/wp-json\/wp\/v2\/users\/2"}],"replies":[{"embeddable":true,"href":"https:\/\/hsfamericana.com.br\/index.php\/wp-json\/wp\/v2\/comments?post=5347"}],"version-history":[{"count":2,"href":"https:\/\/hsfamericana.com.br\/index.php\/wp-json\/wp\/v2\/posts\/5347\/revisions"}],"predecessor-version":[{"id":5357,"href":"https:\/\/hsfamericana.com.br\/index.php\/wp-json\/wp\/v2\/posts\/5347\/revisions\/5357"}],"wp:featuredmedia":[{"embeddable":true,"href":"https:\/\/hsfamericana.com.br\/index.php\/wp-json\/wp\/v2\/media\/5353"}],"wp:attachment":[{"href":"https:\/\/hsfamericana.com.br\/index.php\/wp-json\/wp\/v2\/media?parent=5347"}],"wp:term":[{"taxonomy":"category","embeddable":true,"href":"https:\/\/hsfamericana.com.br\/index.php\/wp-json\/wp\/v2\/categories?post=5347"},{"taxonomy":"post_tag","embeddable":true,"href":"https:\/\/hsfamericana.com.br\/index.php\/wp-json\/wp\/v2\/tags?post=5347"}],"curies":[{"name":"wp","href":"https:\/\/api.w.org\/{rel}","templated":true}]}}