{"id":5761,"date":"2025-02-06T15:39:53","date_gmt":"2025-02-06T15:39:53","guid":{"rendered":"https:\/\/www.hsfamericana.com.br\/?p=5761"},"modified":"2025-02-27T13:47:57","modified_gmt":"2025-02-27T13:47:57","slug":"fevereiro-laranja-juntos-na-luta-contra-a-leucemia","status":"publish","type":"post","link":"https:\/\/hsfamericana.com.br\/index.php\/fevereiro-laranja-juntos-na-luta-contra-a-leucemia\/","title":{"rendered":"Fevereiro Laranja: Juntos na Luta Contra a Leucemia"},"content":{"rendered":"<div id=\"attachment_5762\" style=\"width: 1038px\" class=\"wp-caption alignleft\"><a href=\"https:\/\/www.instagram.com\/hsfamericana_\/\"><img loading=\"lazy\" decoding=\"async\" aria-describedby=\"caption-attachment-5762\" class=\" wp-image-5762\" src=\"https:\/\/www.hsfamericana.com.br\/wp-content\/uploads\/2025\/02\/Fevereiro-Laranja-Juntos-na-Luta-Contra-a-Leucemia-HSF.png\" alt=\"Fevereiro Laranja: Juntos na Luta Contra a Leucemia\" width=\"1028\" height=\"599\" \/><\/a><p id=\"caption-attachment-5762\" class=\"wp-caption-text\">Conscientiza\u00e7\u00e3o, preven\u00e7\u00e3o e a import\u00e2ncia da doa\u00e7\u00e3o de medula \u00f3ssea.<\/p><\/div>\n<p>O <a href=\"https:\/\/www.hsfamericana.com.br\/index.php\/duvidas-e-sugestoes\/\">Fevereiro Laranja<\/a> \u00e9 o m\u00eas dedicado \u00e0 conscientiza\u00e7\u00e3o sobre a leucemia, um tipo de c\u00e2ncer que afeta os gl\u00f3bulos brancos do sangue. A campanha tem como principal objetivo alertar a popula\u00e7\u00e3o sobre os sintomas, a import\u00e2ncia do diagn\u00f3stico precoce e, principalmente, incentivar o cadastro de doadores de medula \u00f3ssea. Neste m\u00eas, o <a href=\"https:\/\/www.instagram.com\/hsfamericana_\/\">Hospital S\u00e3o Francisco de Americana (HSF)<\/a> une for\u00e7as para divulgar essa causa, promovendo a conscientiza\u00e7\u00e3o e incentivando a participa\u00e7\u00e3o de toda a sociedade na luta contra essa doen\u00e7a.<\/p>\n<p><strong>O que \u00e9 a leucemia?<\/strong><\/p>\n<p>A<a href=\"https:\/\/www.hsfamericana.com.br\/index.php\/duvidas-e-sugestoes\/\"> leucemia \u00e9 um c\u00e2ncer<\/a> que se origina na medula \u00f3ssea, o tecido respons\u00e1vel pela produ\u00e7\u00e3o das c\u00e9lulas sangu\u00edneas. Quando a medula \u00f3ssea \u00e9 afetada pela doen\u00e7a, ocorre uma produ\u00e7\u00e3o descontrolada de c\u00e9lulas sangu\u00edneas anormais, que comprometem o funcionamento do organismo. Existem diferentes tipos de leucemia, como a leucemia mieloide aguda (LMA), leucemia mieloide cr\u00f4nica (LMC), leucemia linfoide aguda (LLA) e leucemia linfoc\u00edtica cr\u00f4nica (LLC), que afetam crian\u00e7as e adultos de formas variadas.<\/p>\n<p><strong>Sintomas e diagn\u00f3stico<\/strong><\/p>\n<p>Os sintomas da leucemia podem ser sutis, dificultando um <a href=\"https:\/\/www.hsfamericana.com.br\/index.php\/duvidas-e-sugestoes\/\">diagn\u00f3stico precoce<\/a>. Entre os principais sinais est\u00e3o: fadiga excessiva, febre persistente, perda de peso sem motivo aparente, sangramentos e hematomas frequentes, dores nos ossos e articula\u00e7\u00f5es, infec\u00e7\u00f5es recorrentes e aumento dos g\u00e2nglios linf\u00e1ticos. Diante desses sintomas, \u00e9 fundamental procurar um m\u00e9dico, pois o diagn\u00f3stico precoce aumenta significativamente as chances de sucesso no tratamento.<\/p>\n<p>O diagn\u00f3stico da leucemia \u00e9 feito por meio de exames de sangue e medula \u00f3ssea. A partir desses exames, \u00e9 poss\u00edvel determinar o tipo de leucemia e a melhor abordagem terap\u00eautica para o paciente.<\/p>\n<div id=\"attachment_5763\" style=\"width: 1013px\" class=\"wp-caption alignleft\"><a href=\"https:\/\/www.instagram.com\/hsfamericana_\/\"><img loading=\"lazy\" decoding=\"async\" aria-describedby=\"caption-attachment-5763\" class=\" wp-image-5763\" src=\"https:\/\/www.hsfamericana.com.br\/wp-content\/uploads\/2025\/02\/Tratamento-precoce-e-a-melhor-opcao-HSF.png\" alt=\"Fevereiro Laranja: Juntos na Luta Contra a Leucemia\" width=\"1003\" height=\"356\" \/><\/a><p id=\"caption-attachment-5763\" class=\"wp-caption-text\">Estar atento ao seu corpo continuamente \u00e9 essencial.<\/p><\/div>\n<p><strong>A import\u00e2ncia do Fevereiro Laranja<\/strong><\/p>\n<p>A campanha <a href=\"https:\/\/www.hsfamericana.com.br\/index.php\/duvidas-e-sugestoes\/\">Fevereiro Laranja<\/a> \u00e9 uma oportunidade para educar a popula\u00e7\u00e3o sobre a leucemia, desmistificar a doen\u00e7a e refor\u00e7ar a import\u00e2ncia do diagn\u00f3stico precoce. Al\u00e9m disso, a campanha destaca a necessidade urgente de doadores de medula \u00f3ssea, que podem ser a esperan\u00e7a de cura para muitos pacientes.<\/p>\n<p>O n\u00famero de doadores registrados no Brasil ainda \u00e9 insuficiente para atender \u00e0 demanda de pacientes que necessitam de um transplante de medula. Isso ocorre porque a chance de encontrar um doador compat\u00edvel fora da fam\u00edlia \u00e9 muito baixa, cerca de 1 em 100 mil. Por isso, o cadastramento de novos doadores no <a href=\"https:\/\/www.hsfamericana.com.br\/index.php\/duvidas-e-sugestoes\/\">Registro Nacional de Doadores Volunt\u00e1rios de Medula \u00d3ssea (REDOME)<\/a> \u00e9 fundamental para aumentar as chances de encontrar um doador compat\u00edvel para cada paciente.<\/p>\n<p><strong>A doa\u00e7\u00e3o de medula \u00f3ssea: como funciona?<\/strong><\/p>\n<p>O processo de <a href=\"https:\/\/www.hsfamericana.com.br\/index.php\/duvidas-e-sugestoes\/\">doa\u00e7\u00e3o de medula<\/a><a href=\"https:\/\/www.hsfamericana.com.br\/index.php\/duvidas-e-sugestoes\/\"> \u00f3ssea<\/a> \u00e9 mais simples do que muitas pessoas imaginam. O primeiro passo \u00e9 se cadastrar no REDOME, o que pode ser feito durante uma doa\u00e7\u00e3o de sangue em hemocentros ou institui\u00e7\u00f5es de sa\u00fade habilitadas. Durante o cadastro, o doador volunt\u00e1rio preenche um formul\u00e1rio com seus dados pessoais e uma pequena amostra de sangue \u00e9 coletada, geralmente durante o processo da pr\u00f3pria doa\u00e7\u00e3o de sangue. Essa amostra \u00e9 usada para identificar seu perfil gen\u00e9tico, que ser\u00e1 inserido no banco de dados do REDOME.<\/p>\n<p>Esse processo n\u00e3o envolve nenhuma dor ou procedimento invasivo al\u00e9m da simples coleta de sangue, semelhante a uma doa\u00e7\u00e3o normal. Isso desmistifica a ideia de que o cadastro para doa\u00e7\u00e3o de medula \u00e9 complicado ou doloroso \u2013 na verdade, \u00e9 uma atitude r\u00e1pida, que pode ser feita de forma muito pr\u00e1tica.<\/p>\n<p><strong>E se eu for compat\u00edvel?<\/strong><\/p>\n<p>Se o perfil gen\u00e9tico do <a href=\"https:\/\/www.hsfamericana.com.br\/index.php\/duvidas-e-sugestoes\/\">doador for compat\u00edvel<\/a> com o de um paciente que necessita do transplante, o doador ser\u00e1 contatado para exames mais detalhados. Caso a compatibilidade seja confirmada, existem duas formas principais de realizar a doa\u00e7\u00e3o de medula \u00f3ssea:<\/p>\n<ol>\n<li><strong>Coleta da medula \u00f3ssea<\/strong>: Realizada sob anestesia geral ou peridural, a medula \u00e9 coletada da regi\u00e3o do osso da bacia. \u00c9 um procedimento seguro, e o doador costuma retornar \u00e0s suas atividades normais em poucos dias.<\/li>\n<li><strong>Coleta de c\u00e9lulas-tronco do sangue perif\u00e9rico<\/strong>: Nesta t\u00e9cnica, o doador recebe medicamentos que estimulam a produ\u00e7\u00e3o de c\u00e9lulas-tronco na corrente sangu\u00ednea. Essas c\u00e9lulas s\u00e3o ent\u00e3o coletadas por meio de uma m\u00e1quina especial que filtra o sangue. Esse m\u00e9todo n\u00e3o requer anestesia e \u00e9 menos invasivo.<\/li>\n<\/ol>\n<div id=\"attachment_5764\" style=\"width: 1005px\" class=\"wp-caption alignleft\"><a href=\"https:\/\/www.instagram.com\/hsfamericana_\/\"><img loading=\"lazy\" decoding=\"async\" aria-describedby=\"caption-attachment-5764\" class=\" wp-image-5764\" src=\"https:\/\/www.hsfamericana.com.br\/wp-content\/uploads\/2025\/02\/Doe-medula-ossea-cadastre-se-no-redome-HSF.png\" alt=\"Fevereiro Laranja: Juntos na Luta Contra a Leucemia\" width=\"995\" height=\"353\" \/><\/a><p id=\"caption-attachment-5764\" class=\"wp-caption-text\">Ao se cadastrar, voc\u00ea pode ajudar uma ou mais pessoas a se curarem da Leucemia!<\/p><\/div>\n<p>Em ambos os casos, o doador est\u00e1 ajudando a salvar uma vida, sem passar por processos complicados ou arriscados.<\/p>\n<p><strong>A import\u00e2ncia de ser um doador<\/strong><\/p>\n<p>A <a href=\"https:\/\/www.hsfamericana.com.br\/index.php\/duvidas-e-sugestoes\/\">doa\u00e7\u00e3o de medula \u00f3ssea<\/a> pode ser a \u00fanica esperan\u00e7a de vida para muitos pacientes com leucemia e outras doen\u00e7as hematol\u00f3gicas graves, como linfomas e anemias severas. Quanto mais pessoas cadastradas no REDOME, maior a chance de encontrar um doador compat\u00edvel para aqueles que aguardam um transplante.<\/p>\n<p>Ser um doador \u00e9 um ato de solidariedade e altru\u00edsmo, que pode fazer toda a diferen\u00e7a na vida de algu\u00e9m. O processo \u00e9 simples e r\u00e1pido, mas o impacto na vida do receptor \u00e9 incalcul\u00e1vel.<\/p>\n<p><strong>Como voc\u00ea pode ajudar?<\/strong><\/p>\n<p>Durante o Fevereiro Laranja, o <a href=\"https:\/\/www.instagram.com\/hsfamericana_\/\">Hospital S\u00e3o Francisco de Americana<\/a> refor\u00e7a a import\u00e2ncia do cadastro de novos doadores de medula \u00f3ssea e do engajamento da sociedade na luta contra a leucemia. Todos podem contribuir, seja se cadastrando como doador, compartilhando informa\u00e7\u00f5es sobre a campanha ou incentivando outras pessoas a fazerem o mesmo.<\/p>\n<p>Este \u00e9 o momento de unir for\u00e7as. Uma simples atitude pode significar a diferen\u00e7a entre a vida e a morte para quem luta contra a leucemia.<\/p>\n<p><a href=\"https:\/\/www.instagram.com\/hsfamericana_\/\">Participe do Fevereiro Laranja e ajude a salvar vidas!<\/a><\/p>\n","protected":false},"excerpt":{"rendered":"<p>O Fevereiro Laranja \u00e9 o m\u00eas dedicado \u00e0 conscientiza\u00e7\u00e3o sobre a leucemia, um tipo de c\u00e2ncer que afeta os gl\u00f3bulos brancos do sangue. A campanha tem como principal objetivo alertar a popula\u00e7\u00e3o sobre os sintomas, a import\u00e2ncia do diagn\u00f3stico precoce e, principalmente, incentivar o cadastro de doadores de medula \u00f3ssea. Neste m\u00eas, o Hospital S\u00e3o [&hellip;]<\/p>\n","protected":false},"author":2,"featured_media":5762,"comment_status":"open","ping_status":"open","sticky":false,"template":"","format":"standard","meta":{"_acf_changed":false,"footnotes":""},"categories":[4],"tags":[35,10,381,19,50,281,24,37,23,134,28,27,151],"class_list":["post-5761","post","type-post","status-publish","format-standard","has-post-thumbnail","hentry","category-noticias","tag-campanha","tag-cancer","tag-cuidados-leucemia","tag-doacao-de-sangue","tag-hospital","tag-hospital-em-americana","tag-hospital-sao-francisco","tag-hsf","tag-hsf-americana","tag-leucemia","tag-prevencao","tag-saude","tag-vida"],"acf":[],"yoast_head":"<!-- This site is optimized with the Yoast SEO plugin v25.2 - https:\/\/yoast.com\/wordpress\/plugins\/seo\/ -->\n<title>Fevereiro Laranja: Juntos na Luta Contra a Leucemia<\/title>\n<meta name=\"description\" content=\"O Fevereiro Laranja \u00e9 o m\u00eas dedicado \u00e0 conscientiza\u00e7\u00e3o sobre a leucemia, um tipo de c\u00e2ncer que afeta os gl\u00f3bulos brancos do sangue.\" \/>\n<meta name=\"robots\" content=\"index, follow, max-snippet:-1, max-image-preview:large, max-video-preview:-1\" \/>\n<link rel=\"canonical\" href=\"https:\/\/hsfamericana.com.br\/index.php\/fevereiro-laranja-juntos-na-luta-contra-a-leucemia\/\" \/>\n<meta property=\"og:locale\" content=\"pt_BR\" \/>\n<meta property=\"og:type\" content=\"article\" \/>\n<meta property=\"og:title\" content=\"Fevereiro Laranja: Juntos na Luta Contra a Leucemia\" \/>\n<meta property=\"og:description\" content=\"O Fevereiro Laranja \u00e9 o m\u00eas dedicado \u00e0 conscientiza\u00e7\u00e3o sobre a leucemia, um tipo de c\u00e2ncer que afeta os gl\u00f3bulos brancos do sangue.\" \/>\n<meta property=\"og:url\" content=\"https:\/\/hsfamericana.com.br\/index.php\/fevereiro-laranja-juntos-na-luta-contra-a-leucemia\/\" \/>\n<meta property=\"og:site_name\" content=\"Hospital S\u00e3o Francisco de Americana\" \/>\n<meta property=\"article:published_time\" content=\"2025-02-06T15:39:53+00:00\" \/>\n<meta property=\"article:modified_time\" content=\"2025-02-27T13:47:57+00:00\" \/>\n<meta property=\"og:image\" content=\"https:\/\/hsfamericana.com.br\/wp-content\/uploads\/2025\/02\/Fevereiro-Laranja-Juntos-na-Luta-Contra-a-Leucemia-HSF.png\" \/>\n\t<meta property=\"og:image:width\" content=\"930\" \/>\n\t<meta property=\"og:image:height\" content=\"542\" \/>\n\t<meta property=\"og:image:type\" content=\"image\/png\" \/>\n<meta name=\"author\" content=\"HSF Americana\" \/>\n<meta name=\"twitter:label1\" content=\"Escrito por\" \/>\n\t<meta name=\"twitter:data1\" content=\"HSF Americana\" \/>\n\t<meta name=\"twitter:label2\" content=\"Est. tempo de leitura\" \/>\n\t<meta name=\"twitter:data2\" content=\"5 minutos\" \/>\n<script type=\"application\/ld+json\" class=\"yoast-schema-graph\">{\"@context\":\"https:\/\/schema.org\",\"@graph\":[{\"@type\":\"WebPage\",\"@id\":\"https:\/\/hsfamericana.com.br\/index.php\/fevereiro-laranja-juntos-na-luta-contra-a-leucemia\/\",\"url\":\"https:\/\/hsfamericana.com.br\/index.php\/fevereiro-laranja-juntos-na-luta-contra-a-leucemia\/\",\"name\":\"Fevereiro Laranja: Juntos na Luta Contra a Leucemia\",\"isPartOf\":{\"@id\":\"https:\/\/hsfamericana.com.br\/#website\"},\"primaryImageOfPage\":{\"@id\":\"https:\/\/hsfamericana.com.br\/index.php\/fevereiro-laranja-juntos-na-luta-contra-a-leucemia\/#primaryimage\"},\"image\":{\"@id\":\"https:\/\/hsfamericana.com.br\/index.php\/fevereiro-laranja-juntos-na-luta-contra-a-leucemia\/#primaryimage\"},\"thumbnailUrl\":\"https:\/\/hsfamericana.com.br\/wp-content\/uploads\/2025\/02\/Fevereiro-Laranja-Juntos-na-Luta-Contra-a-Leucemia-HSF.png\",\"datePublished\":\"2025-02-06T15:39:53+00:00\",\"dateModified\":\"2025-02-27T13:47:57+00:00\",\"author\":{\"@id\":\"https:\/\/hsfamericana.com.br\/#\/schema\/person\/3b12fcdd81c4d645a927c9ba010d1551\"},\"description\":\"O Fevereiro Laranja \u00e9 o m\u00eas dedicado \u00e0 conscientiza\u00e7\u00e3o sobre a leucemia, um tipo de c\u00e2ncer que afeta os gl\u00f3bulos brancos do sangue.\",\"breadcrumb\":{\"@id\":\"https:\/\/hsfamericana.com.br\/index.php\/fevereiro-laranja-juntos-na-luta-contra-a-leucemia\/#breadcrumb\"},\"inLanguage\":\"pt-BR\",\"potentialAction\":[{\"@type\":\"ReadAction\",\"target\":[\"https:\/\/hsfamericana.com.br\/index.php\/fevereiro-laranja-juntos-na-luta-contra-a-leucemia\/\"]}]},{\"@type\":\"ImageObject\",\"inLanguage\":\"pt-BR\",\"@id\":\"https:\/\/hsfamericana.com.br\/index.php\/fevereiro-laranja-juntos-na-luta-contra-a-leucemia\/#primaryimage\",\"url\":\"https:\/\/hsfamericana.com.br\/wp-content\/uploads\/2025\/02\/Fevereiro-Laranja-Juntos-na-Luta-Contra-a-Leucemia-HSF.png\",\"contentUrl\":\"https:\/\/hsfamericana.com.br\/wp-content\/uploads\/2025\/02\/Fevereiro-Laranja-Juntos-na-Luta-Contra-a-Leucemia-HSF.png\",\"width\":930,\"height\":542,\"caption\":\"Conscientiza\u00e7\u00e3o, preven\u00e7\u00e3o e a import\u00e2ncia da doa\u00e7\u00e3o de medula \u00f3ssea.\"},{\"@type\":\"BreadcrumbList\",\"@id\":\"https:\/\/hsfamericana.com.br\/index.php\/fevereiro-laranja-juntos-na-luta-contra-a-leucemia\/#breadcrumb\",\"itemListElement\":[{\"@type\":\"ListItem\",\"position\":1,\"name\":\"In\u00edcio\",\"item\":\"https:\/\/hsfamericana.com.br\/\"},{\"@type\":\"ListItem\",\"position\":2,\"name\":\"Fevereiro Laranja: Juntos na Luta Contra a Leucemia\"}]},{\"@type\":\"WebSite\",\"@id\":\"https:\/\/hsfamericana.com.br\/#website\",\"url\":\"https:\/\/hsfamericana.com.br\/\",\"name\":\"Hospital S\u00e3o Francisco de Americana\",\"description\":\"O mais completo da regi\u00e3o de Campinas\",\"potentialAction\":[{\"@type\":\"SearchAction\",\"target\":{\"@type\":\"EntryPoint\",\"urlTemplate\":\"https:\/\/hsfamericana.com.br\/?s={search_term_string}\"},\"query-input\":{\"@type\":\"PropertyValueSpecification\",\"valueRequired\":true,\"valueName\":\"search_term_string\"}}],\"inLanguage\":\"pt-BR\"},{\"@type\":\"Person\",\"@id\":\"https:\/\/hsfamericana.com.br\/#\/schema\/person\/3b12fcdd81c4d645a927c9ba010d1551\",\"name\":\"HSF Americana\",\"image\":{\"@type\":\"ImageObject\",\"inLanguage\":\"pt-BR\",\"@id\":\"https:\/\/hsfamericana.com.br\/#\/schema\/person\/image\/\",\"url\":\"https:\/\/secure.gravatar.com\/avatar\/5166f96d8390f878591229db68525bd3f5c9f157e02efd0ba33755d400e0b4f1?s=96&d=mm&r=g\",\"contentUrl\":\"https:\/\/secure.gravatar.com\/avatar\/5166f96d8390f878591229db68525bd3f5c9f157e02efd0ba33755d400e0b4f1?s=96&d=mm&r=g\",\"caption\":\"HSF Americana\"},\"sameAs\":[\"https:\/\/www.hsfamericana.com.br\"],\"url\":\"https:\/\/hsfamericana.com.br\/index.php\/author\/nogueira\/\"}]}<\/script>\n<!-- \/ Yoast SEO plugin. -->","yoast_head_json":{"title":"Fevereiro Laranja: Juntos na Luta Contra a Leucemia","description":"O Fevereiro Laranja \u00e9 o m\u00eas dedicado \u00e0 conscientiza\u00e7\u00e3o sobre a leucemia, um tipo de c\u00e2ncer que afeta os gl\u00f3bulos brancos do sangue.","robots":{"index":"index","follow":"follow","max-snippet":"max-snippet:-1","max-image-preview":"max-image-preview:large","max-video-preview":"max-video-preview:-1"},"canonical":"https:\/\/hsfamericana.com.br\/index.php\/fevereiro-laranja-juntos-na-luta-contra-a-leucemia\/","og_locale":"pt_BR","og_type":"article","og_title":"Fevereiro Laranja: Juntos na Luta Contra a Leucemia","og_description":"O Fevereiro Laranja \u00e9 o m\u00eas dedicado \u00e0 conscientiza\u00e7\u00e3o sobre a leucemia, um tipo de c\u00e2ncer que afeta os gl\u00f3bulos brancos do sangue.","og_url":"https:\/\/hsfamericana.com.br\/index.php\/fevereiro-laranja-juntos-na-luta-contra-a-leucemia\/","og_site_name":"Hospital S\u00e3o Francisco de Americana","article_published_time":"2025-02-06T15:39:53+00:00","article_modified_time":"2025-02-27T13:47:57+00:00","og_image":[{"width":930,"height":542,"url":"https:\/\/hsfamericana.com.br\/wp-content\/uploads\/2025\/02\/Fevereiro-Laranja-Juntos-na-Luta-Contra-a-Leucemia-HSF.png","type":"image\/png"}],"author":"HSF Americana","twitter_misc":{"Escrito por":"HSF Americana","Est. tempo de leitura":"5 minutos"},"schema":{"@context":"https:\/\/schema.org","@graph":[{"@type":"WebPage","@id":"https:\/\/hsfamericana.com.br\/index.php\/fevereiro-laranja-juntos-na-luta-contra-a-leucemia\/","url":"https:\/\/hsfamericana.com.br\/index.php\/fevereiro-laranja-juntos-na-luta-contra-a-leucemia\/","name":"Fevereiro Laranja: Juntos na Luta Contra a Leucemia","isPartOf":{"@id":"https:\/\/hsfamericana.com.br\/#website"},"primaryImageOfPage":{"@id":"https:\/\/hsfamericana.com.br\/index.php\/fevereiro-laranja-juntos-na-luta-contra-a-leucemia\/#primaryimage"},"image":{"@id":"https:\/\/hsfamericana.com.br\/index.php\/fevereiro-laranja-juntos-na-luta-contra-a-leucemia\/#primaryimage"},"thumbnailUrl":"https:\/\/hsfamericana.com.br\/wp-content\/uploads\/2025\/02\/Fevereiro-Laranja-Juntos-na-Luta-Contra-a-Leucemia-HSF.png","datePublished":"2025-02-06T15:39:53+00:00","dateModified":"2025-02-27T13:47:57+00:00","author":{"@id":"https:\/\/hsfamericana.com.br\/#\/schema\/person\/3b12fcdd81c4d645a927c9ba010d1551"},"description":"O Fevereiro Laranja \u00e9 o m\u00eas dedicado \u00e0 conscientiza\u00e7\u00e3o sobre a leucemia, um tipo de c\u00e2ncer que afeta os gl\u00f3bulos brancos do sangue.","breadcrumb":{"@id":"https:\/\/hsfamericana.com.br\/index.php\/fevereiro-laranja-juntos-na-luta-contra-a-leucemia\/#breadcrumb"},"inLanguage":"pt-BR","potentialAction":[{"@type":"ReadAction","target":["https:\/\/hsfamericana.com.br\/index.php\/fevereiro-laranja-juntos-na-luta-contra-a-leucemia\/"]}]},{"@type":"ImageObject","inLanguage":"pt-BR","@id":"https:\/\/hsfamericana.com.br\/index.php\/fevereiro-laranja-juntos-na-luta-contra-a-leucemia\/#primaryimage","url":"https:\/\/hsfamericana.com.br\/wp-content\/uploads\/2025\/02\/Fevereiro-Laranja-Juntos-na-Luta-Contra-a-Leucemia-HSF.png","contentUrl":"https:\/\/hsfamericana.com.br\/wp-content\/uploads\/2025\/02\/Fevereiro-Laranja-Juntos-na-Luta-Contra-a-Leucemia-HSF.png","width":930,"height":542,"caption":"Conscientiza\u00e7\u00e3o, preven\u00e7\u00e3o e a import\u00e2ncia da doa\u00e7\u00e3o de medula \u00f3ssea."},{"@type":"BreadcrumbList","@id":"https:\/\/hsfamericana.com.br\/index.php\/fevereiro-laranja-juntos-na-luta-contra-a-leucemia\/#breadcrumb","itemListElement":[{"@type":"ListItem","position":1,"name":"In\u00edcio","item":"https:\/\/hsfamericana.com.br\/"},{"@type":"ListItem","position":2,"name":"Fevereiro Laranja: Juntos na Luta Contra a Leucemia"}]},{"@type":"WebSite","@id":"https:\/\/hsfamericana.com.br\/#website","url":"https:\/\/hsfamericana.com.br\/","name":"Hospital S\u00e3o Francisco de Americana","description":"O mais completo da regi\u00e3o de Campinas","potentialAction":[{"@type":"SearchAction","target":{"@type":"EntryPoint","urlTemplate":"https:\/\/hsfamericana.com.br\/?s={search_term_string}"},"query-input":{"@type":"PropertyValueSpecification","valueRequired":true,"valueName":"search_term_string"}}],"inLanguage":"pt-BR"},{"@type":"Person","@id":"https:\/\/hsfamericana.com.br\/#\/schema\/person\/3b12fcdd81c4d645a927c9ba010d1551","name":"HSF Americana","image":{"@type":"ImageObject","inLanguage":"pt-BR","@id":"https:\/\/hsfamericana.com.br\/#\/schema\/person\/image\/","url":"https:\/\/secure.gravatar.com\/avatar\/5166f96d8390f878591229db68525bd3f5c9f157e02efd0ba33755d400e0b4f1?s=96&d=mm&r=g","contentUrl":"https:\/\/secure.gravatar.com\/avatar\/5166f96d8390f878591229db68525bd3f5c9f157e02efd0ba33755d400e0b4f1?s=96&d=mm&r=g","caption":"HSF Americana"},"sameAs":["https:\/\/www.hsfamericana.com.br"],"url":"https:\/\/hsfamericana.com.br\/index.php\/author\/nogueira\/"}]}},"_links":{"self":[{"href":"https:\/\/hsfamericana.com.br\/index.php\/wp-json\/wp\/v2\/posts\/5761","targetHints":{"allow":["GET"]}}],"collection":[{"href":"https:\/\/hsfamericana.com.br\/index.php\/wp-json\/wp\/v2\/posts"}],"about":[{"href":"https:\/\/hsfamericana.com.br\/index.php\/wp-json\/wp\/v2\/types\/post"}],"author":[{"embeddable":true,"href":"https:\/\/hsfamericana.com.br\/index.php\/wp-json\/wp\/v2\/users\/2"}],"replies":[{"embeddable":true,"href":"https:\/\/hsfamericana.com.br\/index.php\/wp-json\/wp\/v2\/comments?post=5761"}],"version-history":[{"count":4,"href":"https:\/\/hsfamericana.com.br\/index.php\/wp-json\/wp\/v2\/posts\/5761\/revisions"}],"predecessor-version":[{"id":5838,"href":"https:\/\/hsfamericana.com.br\/index.php\/wp-json\/wp\/v2\/posts\/5761\/revisions\/5838"}],"wp:featuredmedia":[{"embeddable":true,"href":"https:\/\/hsfamericana.com.br\/index.php\/wp-json\/wp\/v2\/media\/5762"}],"wp:attachment":[{"href":"https:\/\/hsfamericana.com.br\/index.php\/wp-json\/wp\/v2\/media?parent=5761"}],"wp:term":[{"taxonomy":"category","embeddable":true,"href":"https:\/\/hsfamericana.com.br\/index.php\/wp-json\/wp\/v2\/categories?post=5761"},{"taxonomy":"post_tag","embeddable":true,"href":"https:\/\/hsfamericana.com.br\/index.php\/wp-json\/wp\/v2\/tags?post=5761"}],"curies":[{"name":"wp","href":"https:\/\/api.w.org\/{rel}","templated":true}]}}