{"id":257,"count":1,"description":"","link":"https:\/\/hsfamericana.com.br\/index.php\/tag\/junho-violeta-mes-de-combate-a-violencia-contra-a-pessoa-idosa\/","name":"Junho Violeta: M\u00eas de combate \u00e0 viol\u00eancia contra a pessoa idosa","slug":"junho-violeta-mes-de-combate-a-violencia-contra-a-pessoa-idosa","taxonomy":"post_tag","meta":[],"yoast_head":"<!-- This site is optimized with the Yoast SEO plugin v25.2 - https:\/\/yoast.com\/wordpress\/plugins\/seo\/ -->\n<title>Arquivo para Junho Violeta: M\u00eas de combate \u00e0 viol\u00eancia contra a pessoa idosa &#8226; Hospital S\u00e3o Francisco de Americana<\/title>\n<meta name=\"robots\" content=\"index, follow, max-snippet:-1, max-image-preview:large, max-video-preview:-1\" \/>\n<link rel=\"canonical\" href=\"https:\/\/hsfamericana.com.br\/index.php\/tag\/junho-violeta-mes-de-combate-a-violencia-contra-a-pessoa-idosa\/\" \/>\n<meta property=\"og:locale\" content=\"pt_BR\" \/>\n<meta property=\"og:type\" content=\"article\" \/>\n<meta property=\"og:title\" content=\"Arquivo para Junho Violeta: M\u00eas de combate \u00e0 viol\u00eancia contra a pessoa idosa &#8226; Hospital S\u00e3o Francisco de Americana\" \/>\n<meta property=\"og:url\" content=\"https:\/\/hsfamericana.com.br\/index.php\/tag\/junho-violeta-mes-de-combate-a-violencia-contra-a-pessoa-idosa\/\" \/>\n<meta property=\"og:site_name\" content=\"Hospital S\u00e3o Francisco de Americana\" \/>\n<script type=\"application\/ld+json\" class=\"yoast-schema-graph\">{\"@context\":\"https:\/\/schema.org\",\"@graph\":[{\"@type\":\"CollectionPage\",\"@id\":\"https:\/\/hsfamericana.com.br\/index.php\/tag\/junho-violeta-mes-de-combate-a-violencia-contra-a-pessoa-idosa\/\",\"url\":\"https:\/\/hsfamericana.com.br\/index.php\/tag\/junho-violeta-mes-de-combate-a-violencia-contra-a-pessoa-idosa\/\",\"name\":\"Arquivo para Junho Violeta: M\u00eas de combate \u00e0 viol\u00eancia contra a pessoa idosa &#8226; Hospital S\u00e3o Francisco de Americana\",\"isPartOf\":{\"@id\":\"https:\/\/hsfamericana.com.br\/#website\"},\"breadcrumb\":{\"@id\":\"https:\/\/hsfamericana.com.br\/index.php\/tag\/junho-violeta-mes-de-combate-a-violencia-contra-a-pessoa-idosa\/#breadcrumb\"},\"inLanguage\":\"pt-BR\"},{\"@type\":\"BreadcrumbList\",\"@id\":\"https:\/\/hsfamericana.com.br\/index.php\/tag\/junho-violeta-mes-de-combate-a-violencia-contra-a-pessoa-idosa\/#breadcrumb\",\"itemListElement\":[{\"@type\":\"ListItem\",\"position\":1,\"name\":\"In\u00edcio\",\"item\":\"https:\/\/hsfamericana.com.br\/\"},{\"@type\":\"ListItem\",\"position\":2,\"name\":\"Junho Violeta: M\u00eas de combate \u00e0 viol\u00eancia contra a pessoa idosa\"}]},{\"@type\":\"WebSite\",\"@id\":\"https:\/\/hsfamericana.com.br\/#website\",\"url\":\"https:\/\/hsfamericana.com.br\/\",\"name\":\"Hospital S\u00e3o Francisco de Americana\",\"description\":\"O mais completo da regi\u00e3o de Campinas\",\"potentialAction\":[{\"@type\":\"SearchAction\",\"target\":{\"@type\":\"EntryPoint\",\"urlTemplate\":\"https:\/\/hsfamericana.com.br\/?s={search_term_string}\"},\"query-input\":{\"@type\":\"PropertyValueSpecification\",\"valueRequired\":true,\"valueName\":\"search_term_string\"}}],\"inLanguage\":\"pt-BR\"}]}<\/script>\n<!-- \/ Yoast SEO plugin. -->","yoast_head_json":{"title":"Arquivo para Junho Violeta: M\u00eas de combate \u00e0 viol\u00eancia contra a pessoa idosa &#8226; Hospital S\u00e3o Francisco de Americana","robots":{"index":"index","follow":"follow","max-snippet":"max-snippet:-1","max-image-preview":"max-image-preview:large","max-video-preview":"max-video-preview:-1"},"canonical":"https:\/\/hsfamericana.com.br\/index.php\/tag\/junho-violeta-mes-de-combate-a-violencia-contra-a-pessoa-idosa\/","og_locale":"pt_BR","og_type":"article","og_title":"Arquivo para Junho Violeta: M\u00eas de combate \u00e0 viol\u00eancia contra a pessoa idosa &#8226; Hospital S\u00e3o Francisco de Americana","og_url":"https:\/\/hsfamericana.com.br\/index.php\/tag\/junho-violeta-mes-de-combate-a-violencia-contra-a-pessoa-idosa\/","og_site_name":"Hospital S\u00e3o Francisco de Americana","schema":{"@context":"https:\/\/schema.org","@graph":[{"@type":"CollectionPage","@id":"https:\/\/hsfamericana.com.br\/index.php\/tag\/junho-violeta-mes-de-combate-a-violencia-contra-a-pessoa-idosa\/","url":"https:\/\/hsfamericana.com.br\/index.php\/tag\/junho-violeta-mes-de-combate-a-violencia-contra-a-pessoa-idosa\/","name":"Arquivo para Junho Violeta: M\u00eas de combate \u00e0 viol\u00eancia contra a pessoa idosa &#8226; Hospital S\u00e3o Francisco de Americana","isPartOf":{"@id":"https:\/\/hsfamericana.com.br\/#website"},"breadcrumb":{"@id":"https:\/\/hsfamericana.com.br\/index.php\/tag\/junho-violeta-mes-de-combate-a-violencia-contra-a-pessoa-idosa\/#breadcrumb"},"inLanguage":"pt-BR"},{"@type":"BreadcrumbList","@id":"https:\/\/hsfamericana.com.br\/index.php\/tag\/junho-violeta-mes-de-combate-a-violencia-contra-a-pessoa-idosa\/#breadcrumb","itemListElement":[{"@type":"ListItem","position":1,"name":"In\u00edcio","item":"https:\/\/hsfamericana.com.br\/"},{"@type":"ListItem","position":2,"name":"Junho Violeta: M\u00eas de combate \u00e0 viol\u00eancia contra a pessoa idosa"}]},{"@type":"WebSite","@id":"https:\/\/hsfamericana.com.br\/#website","url":"https:\/\/hsfamericana.com.br\/","name":"Hospital S\u00e3o Francisco de Americana","description":"O mais completo da regi\u00e3o de Campinas","potentialAction":[{"@type":"SearchAction","target":{"@type":"EntryPoint","urlTemplate":"https:\/\/hsfamericana.com.br\/?s={search_term_string}"},"query-input":{"@type":"PropertyValueSpecification","valueRequired":true,"valueName":"search_term_string"}}],"inLanguage":"pt-BR"}]}},"_links":{"self":[{"href":"https:\/\/hsfamericana.com.br\/index.php\/wp-json\/wp\/v2\/tags\/257","targetHints":{"allow":["GET"]}}],"collection":[{"href":"https:\/\/hsfamericana.com.br\/index.php\/wp-json\/wp\/v2\/tags"}],"about":[{"href":"https:\/\/hsfamericana.com.br\/index.php\/wp-json\/wp\/v2\/taxonomies\/post_tag"}],"wp:post_type":[{"href":"https:\/\/hsfamericana.com.br\/index.php\/wp-json\/wp\/v2\/posts?tags=257"}],"curies":[{"name":"wp","href":"https:\/\/api.w.org\/{rel}","templated":true}]}}